{"id":15049,"date":"2024-12-25T23:00:51","date_gmt":"2024-12-25T20:00:51","guid":{"rendered":"https:\/\/kibrisayna.com\/index.php\/2024\/12\/25\/gazimagusada-yeni-yil-konseri-brtk\/"},"modified":"2024-12-25T23:00:51","modified_gmt":"2024-12-25T20:00:51","slug":"gazimagusada-yeni-yil-konseri-brtk","status":"publish","type":"post","link":"https:\/\/kibrisayna.com\/index.php\/2024\/12\/25\/gazimagusada-yeni-yil-konseri-brtk\/","title":{"rendered":"Gazima\u011fusa\u2019da \u2018Yeni Y\u0131l Konseri\u2019 \u2013 BRTK"},"content":{"rendered":"<p> <br \/>\n<\/p>\n<div>\n<div class=\"mariselle-image-container center\">\n                <img loading=\"lazy\" decoding=\"async\" width=\"1600\" height=\"1200\" class=\"lazy-image\" alt=\"\" sizes=\"auto, (max-width: 1600px) 100vw, 1600px\" src=\"https:\/\/brtk.net\/wp-content\/uploads\/2024\/12\/25\/IMG-20241225-WA0093.jpg?ver=84a55934d11c5e6a16e3e4d9cc727af3\" srcset=\"https:\/\/brtk.net\/wp-content\/uploads\/2024\/12\/25\/IMG-20241225-WA0093.jpg?ver=84a55934d11c5e6a16e3e4d9cc727af3 1600w, https:\/\/brtk.net\/wp-content\/uploads\/2024\/12\/25\/IMG-20241225-WA0093-300x225.jpg?ver=84a55934d11c5e6a16e3e4d9cc727af3 300w, https:\/\/brtk.net\/wp-content\/uploads\/2024\/12\/25\/IMG-20241225-WA0093-1024x768.jpg?ver=84a55934d11c5e6a16e3e4d9cc727af3 1024w, https:\/\/brtk.net\/wp-content\/uploads\/2024\/12\/25\/IMG-20241225-WA0093-768x576.jpg?ver=7e773536524beefadf33c2598d734b2f 768w, https:\/\/brtk.net\/wp-content\/uploads\/2024\/12\/25\/IMG-20241225-WA0093-1536x1152.jpg?ver=7e773536524beefadf33c2598d734b2f 1536w\"\/>                            <\/div>\n<p>Gazima\u011fusa\u2019da bu ak\u015fam \u2018Yeni Y\u0131l Konseri\u2019 d\u00fczenlendi.<br \/>\u00a0\u00a0<br \/>Ba\u015fbakan Yard\u0131mc\u0131l\u0131\u011f\u0131, Turizm, K\u00fclt\u00fcr, Gen\u00e7lik ve \u00c7evre Bakanl\u0131\u011f\u0131\u2019na ba\u011fl\u0131 Devlet, Opera ve Bale Koordinasyon Merkezi ile\u00a0Sonare\/ Ada I\u015f\u0131\u011f\u0131 \u00c7ocuk ve Gen\u00e7lik Korolar\u0131 ve Tango Siempre i\u015fbirli\u011finde d\u00fczenlenen konserde ilk olarak \u015eef Erkan Da\u011fl\u0131 \u00f6nderli\u011finde Ada I\u015f\u0131\u011f\u0131 \u00c7ocuk Korosu sahne ald\u0131.\u00a0<\/p>\n<div class=\"mariselle-image-container center\">\n                <img loading=\"lazy\" decoding=\"async\" width=\"1600\" height=\"1200\" class=\"lazy-image\" alt=\"\" sizes=\"auto, (max-width: 1600px) 100vw, 1600px\" src=\"https:\/\/brtk.net\/wp-content\/uploads\/2024\/12\/25\/IMG-20241225-WA0092.jpg?ver=7c6ee03d4d6f9ce8c878ac76149bfcbe\" srcset=\"https:\/\/brtk.net\/wp-content\/uploads\/2024\/12\/25\/IMG-20241225-WA0092.jpg?ver=7c6ee03d4d6f9ce8c878ac76149bfcbe 1600w, https:\/\/brtk.net\/wp-content\/uploads\/2024\/12\/25\/IMG-20241225-WA0092-300x225.jpg?ver=ef66d35b35519539b853f8c9c3ced1a0 300w, https:\/\/brtk.net\/wp-content\/uploads\/2024\/12\/25\/IMG-20241225-WA0092-1024x768.jpg?ver=ef66d35b35519539b853f8c9c3ced1a0 1024w, https:\/\/brtk.net\/wp-content\/uploads\/2024\/12\/25\/IMG-20241225-WA0092-768x576.jpg?ver=ef66d35b35519539b853f8c9c3ced1a0 768w, https:\/\/brtk.net\/wp-content\/uploads\/2024\/12\/25\/IMG-20241225-WA0092-1536x1152.jpg?ver=977798efed5cc57f71b489ee869e2dde 1536w\"\/>                            <\/div>\n<p>Soprano Sermin Dikmen T\u00f6re ile Bariton Tu\u011frul Enver T\u00f6re\u2019nin performans sergiledi\u011fi etkinlikte piyanoda; Piyanistler Esra Poyrazo\u011flu Alpan, Uliana \u00d6ztemur ve Piyanist Asya \u00d6zkamal\u0131 yer ald\u0131.<\/p>\n<p>Gecede Sonare\/Ada I\u015f\u0131\u011f\u0131 \u00c7ocuk ve Gen\u00e7lik Korolar\u0131, dans\u00e7\u0131lar Meryem Kuraner ile Ahmet Alasya da performans sergiledi.\u00a0<br \/>\u00a0\t<\/p>\n<p>Konser yar\u0131n ak\u015fam saat 19.00\u2019da, Lefko\u015fa Atat\u00fcrk K\u00fclt\u00fcr Merkezi\u2019nde ger\u00e7ekle\u015ftirilecek.<\/p>\n<\/p><\/div>\n<p><script async\n                    defer\n                    crossorigin=\"anonymous\"\n                    src=\"https:\/\/connect.facebook.net\/tr_TR\/sdk.js#xfbml=1&#038;version=v3.3\"\n            ><\/script><br \/>\n<br \/><br \/>\n<br \/><a href=\"https:\/\/brtk.net\/gazimagusada-yeni-yil-konseri\/\">Kaynak BRT <\/a><\/p>\n","protected":false},"excerpt":{"rendered":"<p>Gazima\u011fusa\u2019da bu ak\u015fam \u2018Yeni Y\u0131l Konseri\u2019 d\u00fczenlendi.\u00a0\u00a0Ba\u015fbakan Yard\u0131mc\u0131l\u0131\u011f\u0131, Turizm, K\u00fclt\u00fcr, Gen\u00e7lik ve \u00c7evre Bakanl\u0131\u011f\u0131\u2019na ba\u011fl\u0131 Devlet, Opera ve Bale Koordinasyon Merkezi ile\u00a0Sonare\/ Ada I\u015f\u0131\u011f\u0131 \u00c7ocuk ve Gen\u00e7lik Korolar\u0131 ve Tango Siempre i\u015fbirli\u011finde d\u00fczenlenen konserde ilk olarak \u015eef Erkan Da\u011fl\u0131 \u00f6nderli\u011finde Ada I\u015f\u0131\u011f\u0131 \u00c7ocuk Korosu sahne ald\u0131.\u00a0 Soprano Sermin Dikmen T\u00f6re ile Bariton Tu\u011frul Enver T\u00f6re\u2019nin [&hellip;]<\/p>\n","protected":false},"author":908,"featured_media":15050,"comment_status":"open","ping_status":"open","sticky":false,"template":"","format":"standard","meta":{"_jetpack_memberships_contains_paid_content":false,"footnotes":"","jetpack_publicize_message":"","jetpack_publicize_feature_enabled":true,"jetpack_social_post_already_shared":true,"jetpack_social_options":{"image_generator_settings":{"template":"highway","default_image_id":0,"font":"","enabled":false},"version":2}},"categories":[253],"tags":[],"class_list":["post-15049","post","type-post","status-publish","format-standard","has-post-thumbnail","hentry","category-gundem"],"jetpack_publicize_connections":[],"jetpack_featured_media_url":"https:\/\/kibrisayna.com\/wp-content\/uploads\/2024\/12\/InShot_20241225_214746113-scaled.jpg","jetpack_sharing_enabled":true,"_links":{"self":[{"href":"https:\/\/kibrisayna.com\/index.php\/wp-json\/wp\/v2\/posts\/15049","targetHints":{"allow":["GET"]}}],"collection":[{"href":"https:\/\/kibrisayna.com\/index.php\/wp-json\/wp\/v2\/posts"}],"about":[{"href":"https:\/\/kibrisayna.com\/index.php\/wp-json\/wp\/v2\/types\/post"}],"author":[{"embeddable":true,"href":"https:\/\/kibrisayna.com\/index.php\/wp-json\/wp\/v2\/users\/908"}],"replies":[{"embeddable":true,"href":"https:\/\/kibrisayna.com\/index.php\/wp-json\/wp\/v2\/comments?post=15049"}],"version-history":[{"count":0,"href":"https:\/\/kibrisayna.com\/index.php\/wp-json\/wp\/v2\/posts\/15049\/revisions"}],"wp:featuredmedia":[{"embeddable":true,"href":"https:\/\/kibrisayna.com\/index.php\/wp-json\/wp\/v2\/media\/15050"}],"wp:attachment":[{"href":"https:\/\/kibrisayna.com\/index.php\/wp-json\/wp\/v2\/media?parent=15049"}],"wp:term":[{"taxonomy":"category","embeddable":true,"href":"https:\/\/kibrisayna.com\/index.php\/wp-json\/wp\/v2\/categories?post=15049"},{"taxonomy":"post_tag","embeddable":true,"href":"https:\/\/kibrisayna.com\/index.php\/wp-json\/wp\/v2\/tags?post=15049"}],"curies":[{"name":"wp","href":"https:\/\/api.w.org\/{rel}","templated":true}]}}