{"id":15045,"date":"2024-12-25T22:07:13","date_gmt":"2024-12-25T19:07:13","guid":{"rendered":"https:\/\/kibrisayna.com\/index.php\/2024\/12\/25\/antalyada-falezlerden-otomobil-dustu-iddiasi\/"},"modified":"2024-12-25T22:07:13","modified_gmt":"2024-12-25T19:07:13","slug":"antalyada-falezlerden-otomobil-dustu-iddiasi","status":"publish","type":"post","link":"https:\/\/kibrisayna.com\/index.php\/2024\/12\/25\/antalyada-falezlerden-otomobil-dustu-iddiasi\/","title":{"rendered":"Antalya&#8217;da &#8220;falezlerden otomobil d\u00fc\u015ft\u00fc&#8221; iddias\u0131"},"content":{"rendered":"<p> <br \/>\n<br \/><img decoding=\"async\" src=\"https:\/\/cdn1.ntv.com.tr\/gorsel\/QljZ_sfdPES5ayfv44HpIQ.jpg?width=1200&amp;ampmode=crop&amp;ampscale=both\" class=\"type:primaryImage\" \/><\/p>\n<p>Antalya&#8217;n\u0131n Muratpa\u015fa il\u00e7esinde, falezlerden otomobil d\u00fc\u015ft\u00fc\u011f\u00fc ihbar\u0131 \u00fczerine karadan ve denizden arama kurtarma \u00e7al\u0131\u015fmas\u0131 ba\u015flat\u0131ld\u0131.<\/p>\n<section class=\"type:slideshow\">\n<figure><img decoding=\"async\" src=\"https:\/\/cdn1.ntv.com.tr\/gorsel\/opNnuiNyCkOBgEXpVXzJjw.jpg?width=1200&amp;mode=crop&amp;scale=both\" width=\"1200\" \/><figcaption>\u015eirinyal\u0131 Mahallesi eski Lara Caddesi&#8217;ndeki falezlerden bir otomobilin yakla\u015f\u0131k 35 metre y\u00fckseklikten denize d\u00fc\u015ft\u00fc\u011f\u00fc ihbar edildi. \u0130hbar \u00fczerine\u00a0 b\u00f6lgeye itfaiye, AFAD, sa\u011fl\u0131k, polis ve Sahil G\u00fcvenlik dalg\u0131\u00e7 ekipleri sevk edildi.<\/figcaption><\/figure>\n<figure><img decoding=\"async\" src=\"https:\/\/cdn1.ntv.com.tr\/gorsel\/j7mhv-RJDE-xgevVYw08NQ.jpg?width=1200&amp;mode=crop&amp;scale=both\" width=\"1200\" \/><figcaption>Dalg\u0131\u00e7lar denizden \u00e7al\u0131\u015fma y\u00fcr\u00fct\u00fcrken, ipli sistemle falezlerden denize inen ekipler de otomobile ula\u015fmaya \u00e7al\u0131\u015f\u0131yor.<\/figcaption><\/figure>\n<figure><img decoding=\"async\" src=\"https:\/\/cdn1.ntv.com.tr\/gorsel\/3f5fpr33Vkmn5vohFWAUSw.jpg?width=1200&amp;mode=crop&amp;scale=both\" width=\"1200\" \/><figcaption>\u0130l Emniyet M\u00fcd\u00fcr\u00fc \u0130lker Arslan da olay yerine gelerek \u00e7al\u0131\u015fmalar\u0131 inceledi, bilgi ald\u0131.<\/figcaption><\/figure>\n<\/section>\n<p><br \/>\n<br \/><a href=\"https:\/\/www.ntv.com.tr\/galeri\/turkiye\/antalyada-falezlerden-otomobil-dustu-ihbari,NcvJsPm7YE-Ifn-t1rHfDA\"><\/a><\/p>\n","protected":false},"excerpt":{"rendered":"<p>Antalya&#8217;n\u0131n Muratpa\u015fa il\u00e7esinde, falezlerden otomobil d\u00fc\u015ft\u00fc\u011f\u00fc ihbar\u0131 \u00fczerine karadan ve denizden arama kurtarma \u00e7al\u0131\u015fmas\u0131 ba\u015flat\u0131ld\u0131. \u015eirinyal\u0131 Mahallesi eski Lara Caddesi&#8217;ndeki falezlerden bir otomobilin yakla\u015f\u0131k 35 metre y\u00fckseklikten denize d\u00fc\u015ft\u00fc\u011f\u00fc ihbar edildi. \u0130hbar \u00fczerine\u00a0 b\u00f6lgeye itfaiye, AFAD, sa\u011fl\u0131k, polis ve Sahil G\u00fcvenlik dalg\u0131\u00e7 ekipleri sevk edildi. Dalg\u0131\u00e7lar denizden \u00e7al\u0131\u015fma y\u00fcr\u00fct\u00fcrken, ipli sistemle falezlerden denize inen ekipler [&hellip;]<\/p>\n","protected":false},"author":908,"featured_media":15046,"comment_status":"open","ping_status":"open","sticky":false,"template":"","format":"standard","meta":{"_jetpack_memberships_contains_paid_content":false,"footnotes":"","jetpack_publicize_message":"","jetpack_publicize_feature_enabled":true,"jetpack_social_post_already_shared":true,"jetpack_social_options":{"image_generator_settings":{"template":"highway","default_image_id":0,"font":"","enabled":false},"version":2}},"categories":[13],"tags":[],"class_list":["post-15045","post","type-post","status-publish","format-standard","has-post-thumbnail","hentry","category-otomobil"],"jetpack_publicize_connections":[],"jetpack_featured_media_url":"https:\/\/kibrisayna.com\/wp-content\/uploads\/2024\/12\/QljZ_sfdPES5ayfv44HpIQ.jpg","jetpack_sharing_enabled":true,"_links":{"self":[{"href":"https:\/\/kibrisayna.com\/index.php\/wp-json\/wp\/v2\/posts\/15045","targetHints":{"allow":["GET"]}}],"collection":[{"href":"https:\/\/kibrisayna.com\/index.php\/wp-json\/wp\/v2\/posts"}],"about":[{"href":"https:\/\/kibrisayna.com\/index.php\/wp-json\/wp\/v2\/types\/post"}],"author":[{"embeddable":true,"href":"https:\/\/kibrisayna.com\/index.php\/wp-json\/wp\/v2\/users\/908"}],"replies":[{"embeddable":true,"href":"https:\/\/kibrisayna.com\/index.php\/wp-json\/wp\/v2\/comments?post=15045"}],"version-history":[{"count":0,"href":"https:\/\/kibrisayna.com\/index.php\/wp-json\/wp\/v2\/posts\/15045\/revisions"}],"wp:featuredmedia":[{"embeddable":true,"href":"https:\/\/kibrisayna.com\/index.php\/wp-json\/wp\/v2\/media\/15046"}],"wp:attachment":[{"href":"https:\/\/kibrisayna.com\/index.php\/wp-json\/wp\/v2\/media?parent=15045"}],"wp:term":[{"taxonomy":"category","embeddable":true,"href":"https:\/\/kibrisayna.com\/index.php\/wp-json\/wp\/v2\/categories?post=15045"},{"taxonomy":"post_tag","embeddable":true,"href":"https:\/\/kibrisayna.com\/index.php\/wp-json\/wp\/v2\/tags?post=15045"}],"curies":[{"name":"wp","href":"https:\/\/api.w.org\/{rel}","templated":true}]}}