{"id":15041,"date":"2024-12-25T21:09:59","date_gmt":"2024-12-25T18:09:59","guid":{"rendered":"https:\/\/kibrisayna.com\/index.php\/2024\/12\/25\/erten-gazinin-yeni-adresi-italya-brtk\/"},"modified":"2024-12-25T21:09:59","modified_gmt":"2024-12-25T18:09:59","slug":"erten-gazinin-yeni-adresi-italya-brtk","status":"publish","type":"post","link":"https:\/\/kibrisayna.com\/index.php\/2024\/12\/25\/erten-gazinin-yeni-adresi-italya-brtk\/","title":{"rendered":"Erten Gazi\u2019nin yeni adresi \u0130talya \u2013 BRTK"},"content":{"rendered":"<p> <br \/>\n<\/p>\n<div>\n<div class=\"mariselle-image-container center\">\n                <img loading=\"lazy\" decoding=\"async\" width=\"1055\" height=\"497\" class=\"lazy-image\" alt=\"\" sizes=\"auto, (max-width: 1055px) 100vw, 1055px\" src=\"https:\/\/brtk.net\/wp-content\/uploads\/2024\/12\/25\/erten-gazi.jpg?ver=363280e23c1bd930045f5839d19dccac\" srcset=\"https:\/\/brtk.net\/wp-content\/uploads\/2024\/12\/25\/erten-gazi.jpg?ver=363280e23c1bd930045f5839d19dccac 1055w, https:\/\/brtk.net\/wp-content\/uploads\/2024\/12\/25\/erten-gazi-300x141.jpg?ver=d43b8a4e99455aef3cfeb54bea0c16c8 300w, https:\/\/brtk.net\/wp-content\/uploads\/2024\/12\/25\/erten-gazi-1024x482.jpg?ver=d43b8a4e99455aef3cfeb54bea0c16c8 1024w, https:\/\/brtk.net\/wp-content\/uploads\/2024\/12\/25\/erten-gazi-768x362.jpg?ver=fdef4d20278930a34022a4ea427cf909 768w\"\/>                            <\/div>\n<p>Fenerbah\u00e7e Beko ile yollar\u0131n\u0131 ay\u0131ran Milli basketbolcumuz Erten Gazi, \u0130talya\u2019n\u0131n Dinamo Sassari tak\u0131m\u0131na transfer oldu.Sezon ba\u015f\u0131nda Anadolu Efes\u2019ten ayr\u0131larak Fenerbah\u00e7e Beko\u2019nun yolunu tutan 27 ya\u015f\u0131ndaki oyun kurucu \u015fut\u00f6r, kariyerini \u0130talya\u2019da s\u00fcrd\u00fcrecek.<\/p>\n<p>\u0130talya temsilcisinden yap\u0131lan a\u00e7\u0131klamada, Erten Gazi\u2019yle s\u00f6zle\u015fme imzaland\u0131\u011f\u0131 belirtildi.<\/p>\n<p>Milli oyuncu, bu sezon sar\u0131-lacivertli formayla Basketbol S\u00fcper Ligi\u2019nde 5 ma\u00e7a \u00e7\u0131kt\u0131.<\/p>\n<\/p><\/div>\n<p><script async\n                    defer\n                    crossorigin=\"anonymous\"\n                    src=\"https:\/\/connect.facebook.net\/tr_TR\/sdk.js#xfbml=1&#038;version=v3.3\"\n            ><\/script><br \/>\n<br \/><br \/>\n<br \/><a href=\"https:\/\/brtk.net\/erten-gazinin-yeni-adresi-italya\/\">Kaynak BRT <\/a><\/p>\n","protected":false},"excerpt":{"rendered":"<p>Fenerbah\u00e7e Beko ile yollar\u0131n\u0131 ay\u0131ran Milli basketbolcumuz Erten Gazi, \u0130talya\u2019n\u0131n Dinamo Sassari tak\u0131m\u0131na transfer oldu.Sezon ba\u015f\u0131nda Anadolu Efes\u2019ten ayr\u0131larak Fenerbah\u00e7e Beko\u2019nun yolunu tutan 27 ya\u015f\u0131ndaki oyun kurucu \u015fut\u00f6r, kariyerini \u0130talya\u2019da s\u00fcrd\u00fcrecek. \u0130talya temsilcisinden yap\u0131lan a\u00e7\u0131klamada, Erten Gazi\u2019yle s\u00f6zle\u015fme imzaland\u0131\u011f\u0131 belirtildi. Milli oyuncu, bu sezon sar\u0131-lacivertli formayla Basketbol S\u00fcper Ligi\u2019nde 5 ma\u00e7a \u00e7\u0131kt\u0131. Kaynak BRT<\/p>\n","protected":false},"author":908,"featured_media":15042,"comment_status":"open","ping_status":"open","sticky":false,"template":"","format":"standard","meta":{"_jetpack_memberships_contains_paid_content":false,"footnotes":"","jetpack_publicize_message":"","jetpack_publicize_feature_enabled":true,"jetpack_social_post_already_shared":true,"jetpack_social_options":{"image_generator_settings":{"template":"highway","default_image_id":0,"font":"","enabled":false},"version":2}},"categories":[9],"tags":[],"class_list":["post-15041","post","type-post","status-publish","format-standard","has-post-thumbnail","hentry","category-spor"],"jetpack_publicize_connections":[],"jetpack_featured_media_url":"https:\/\/kibrisayna.com\/wp-content\/uploads\/2024\/12\/erten-gazi.jpg","jetpack_sharing_enabled":true,"_links":{"self":[{"href":"https:\/\/kibrisayna.com\/index.php\/wp-json\/wp\/v2\/posts\/15041","targetHints":{"allow":["GET"]}}],"collection":[{"href":"https:\/\/kibrisayna.com\/index.php\/wp-json\/wp\/v2\/posts"}],"about":[{"href":"https:\/\/kibrisayna.com\/index.php\/wp-json\/wp\/v2\/types\/post"}],"author":[{"embeddable":true,"href":"https:\/\/kibrisayna.com\/index.php\/wp-json\/wp\/v2\/users\/908"}],"replies":[{"embeddable":true,"href":"https:\/\/kibrisayna.com\/index.php\/wp-json\/wp\/v2\/comments?post=15041"}],"version-history":[{"count":0,"href":"https:\/\/kibrisayna.com\/index.php\/wp-json\/wp\/v2\/posts\/15041\/revisions"}],"wp:featuredmedia":[{"embeddable":true,"href":"https:\/\/kibrisayna.com\/index.php\/wp-json\/wp\/v2\/media\/15042"}],"wp:attachment":[{"href":"https:\/\/kibrisayna.com\/index.php\/wp-json\/wp\/v2\/media?parent=15041"}],"wp:term":[{"taxonomy":"category","embeddable":true,"href":"https:\/\/kibrisayna.com\/index.php\/wp-json\/wp\/v2\/categories?post=15041"},{"taxonomy":"post_tag","embeddable":true,"href":"https:\/\/kibrisayna.com\/index.php\/wp-json\/wp\/v2\/tags?post=15041"}],"curies":[{"name":"wp","href":"https:\/\/api.w.org\/{rel}","templated":true}]}}