{"id":15030,"date":"2024-12-25T20:02:28","date_gmt":"2024-12-25T17:02:28","guid":{"rendered":"https:\/\/kibrisayna.com\/index.php\/2024\/12\/25\/brtk-61-yasindabayrak-radyosu-61-yil-ozel-yayinini-posta-dairesi-onunden-yapti-brtk\/"},"modified":"2024-12-25T20:02:28","modified_gmt":"2024-12-25T17:02:28","slug":"brtk-61-yasindabayrak-radyosu-61-yil-ozel-yayinini-posta-dairesi-onunden-yapti-brtk","status":"publish","type":"post","link":"https:\/\/kibrisayna.com\/index.php\/2024\/12\/25\/brtk-61-yasindabayrak-radyosu-61-yil-ozel-yayinini-posta-dairesi-onunden-yapti-brtk\/","title":{"rendered":"BRTK 61 Ya\u015f\u0131nda\u2026Bayrak Radyosu, 61. Y\u0131l \u00d6zel Yay\u0131n\u0131\u2019n\u0131 Posta Dairesi \u00f6n\u00fcnden yapt\u0131 \u2013 BRTK"},"content":{"rendered":"<p> <br \/>\n<\/p>\n<div>\n<div class=\"mariselle-image-container center\">\n                <img loading=\"lazy\" decoding=\"async\" width=\"1920\" height=\"1079\" class=\"lazy-image\" alt=\"\" sizes=\"auto, (max-width: 1920px) 100vw, 1920px\" src=\"https:\/\/brtk.net\/wp-content\/uploads\/2024\/12\/25\/BRTK-2.jpg?ver=a5827c9664598791512e3fd0cdac48e4\" srcset=\"https:\/\/brtk.net\/wp-content\/uploads\/2024\/12\/25\/BRTK-2.jpg?ver=a5827c9664598791512e3fd0cdac48e4 1920w, https:\/\/brtk.net\/wp-content\/uploads\/2024\/12\/25\/BRTK-2-300x169.jpg?ver=a5827c9664598791512e3fd0cdac48e4 300w, https:\/\/brtk.net\/wp-content\/uploads\/2024\/12\/25\/BRTK-2-1024x575.jpg?ver=2d4c0653e4955b2628db295825ca327f 1024w, https:\/\/brtk.net\/wp-content\/uploads\/2024\/12\/25\/BRTK-2-768x432.jpg?ver=2d4c0653e4955b2628db295825ca327f 768w, https:\/\/brtk.net\/wp-content\/uploads\/2024\/12\/25\/BRTK-2-1536x863.jpg?ver=2d4c0653e4955b2628db295825ca327f 1536w\"\/>                            <\/div>\n<p>Bayrak Radyo Televizyon Kurumu 61 Ya\u015f\u0131nda\u2026 <\/p>\n<p>\tK\u0131br\u0131s T\u00fcrk\u00fc\u2019n\u00fcn gururu olmaya devam eden Bayrak Radyo Televizyon Kurumu, bu y\u0131l \u201cEngelleri A\u015f\u0131yoruz\u201d mottosu ile kurulu\u015f y\u0131ld\u00f6n\u00fcm\u00fcn\u00fc \u00e7e\u015fitli etkinliklerle kutluyor. <\/p>\n<div class=\"mariselle-image-container center\">\n                <img loading=\"lazy\" decoding=\"async\" width=\"1536\" height=\"1112\" class=\"lazy-image\" alt=\"\" sizes=\"auto, (max-width: 1536px) 100vw, 1536px\" src=\"https:\/\/brtk.net\/wp-content\/uploads\/2024\/12\/25\/471448713_10161669648789792_5649898601676706182_n.jpg?ver=ff5eb9ee952f8a521ebc5097a09ceb23\" srcset=\"https:\/\/brtk.net\/wp-content\/uploads\/2024\/12\/25\/471448713_10161669648789792_5649898601676706182_n.jpg?ver=ff5eb9ee952f8a521ebc5097a09ceb23 1536w, https:\/\/brtk.net\/wp-content\/uploads\/2024\/12\/25\/471448713_10161669648789792_5649898601676706182_n-300x217.jpg?ver=ff5eb9ee952f8a521ebc5097a09ceb23 300w, https:\/\/brtk.net\/wp-content\/uploads\/2024\/12\/25\/471448713_10161669648789792_5649898601676706182_n-1024x741.jpg?ver=6abfa6bd7a35a261fd98577dd50fe30a 1024w, https:\/\/brtk.net\/wp-content\/uploads\/2024\/12\/25\/471448713_10161669648789792_5649898601676706182_n-768x556.jpg?ver=6abfa6bd7a35a261fd98577dd50fe30a 768w\"\/>                            <\/div>\n<div class=\"mariselle-image-container center\">\n                <img loading=\"lazy\" decoding=\"async\" width=\"1536\" height=\"1036\" class=\"lazy-image\" alt=\"\" sizes=\"auto, (max-width: 1536px) 100vw, 1536px\" src=\"https:\/\/brtk.net\/wp-content\/uploads\/2024\/12\/25\/333.jpg?ver=e99261127a06923731ce74757ac9a42d\" srcset=\"https:\/\/brtk.net\/wp-content\/uploads\/2024\/12\/25\/333.jpg?ver=e99261127a06923731ce74757ac9a42d 1536w, https:\/\/brtk.net\/wp-content\/uploads\/2024\/12\/25\/333-300x202.jpg?ver=64119f097ebfc1e83ee3102ac1438693 300w, https:\/\/brtk.net\/wp-content\/uploads\/2024\/12\/25\/333-1024x691.jpg?ver=64119f097ebfc1e83ee3102ac1438693 1024w, https:\/\/brtk.net\/wp-content\/uploads\/2024\/12\/25\/333-768x518.jpg?ver=64119f097ebfc1e83ee3102ac1438693 768w\"\/>                            <\/div>\n<p>\tBayrak Radyosu ekibi de sesini ilk duyurdu\u011fu tarihi yer olan Posta Dairesi \u00f6n\u00fcnde canl\u0131 yay\u0131n ger\u00e7ekle\u015ftirdi. <\/p>\n<div class=\"mariselle-image-container center\">\n                <img loading=\"lazy\" decoding=\"async\" width=\"872\" height=\"358\" class=\"lazy-image\" alt=\"\" sizes=\"auto, (max-width: 872px) 100vw, 872px\" src=\"https:\/\/brtk.net\/wp-content\/uploads\/2024\/12\/25\/aasdksa.jpg?ver=81e7a7a7e78f0e875836ed74d6f97ee7\" srcset=\"https:\/\/brtk.net\/wp-content\/uploads\/2024\/12\/25\/aasdksa.jpg?ver=81e7a7a7e78f0e875836ed74d6f97ee7 872w, https:\/\/brtk.net\/wp-content\/uploads\/2024\/12\/25\/aasdksa-300x123.jpg?ver=5fcab1f8469289071d5d4bb3ecd1c8d0 300w, https:\/\/brtk.net\/wp-content\/uploads\/2024\/12\/25\/aasdksa-768x315.jpg?ver=5fcab1f8469289071d5d4bb3ecd1c8d0 768w\"\/>                            <\/div>\n<p>\tEtkinlikler kapsam\u0131nda \u00d6ZEV\u2019in \u201cY\u0131ld\u0131zlar Treni \u00c7ocuk Korosu\u201d  konser verdi. <\/p>\n<p>\tBayrak Radyo Televizyon Kurumu\u2019nda ge\u00e7mi\u015ften g\u00fcn\u00fcm\u00fcze emek veren,  \u00e7al\u0131\u015fanlar da, duygu ve d\u00fc\u015f\u00fcncelerini payla\u015ft\u0131.<\/p>\n<div class=\"mariselle-image-container center\">\n                <img loading=\"lazy\" decoding=\"async\" width=\"1826\" height=\"884\" class=\"lazy-image\" alt=\"\" sizes=\"auto, (max-width: 1826px) 100vw, 1826px\" src=\"https:\/\/brtk.net\/wp-content\/uploads\/2024\/12\/25\/471333048_10161669648429792_8291280850475010329_n.jpg?ver=d2029953bec4ee4bfca290943808d108\" srcset=\"https:\/\/brtk.net\/wp-content\/uploads\/2024\/12\/25\/471333048_10161669648429792_8291280850475010329_n.jpg?ver=d2029953bec4ee4bfca290943808d108 1826w, https:\/\/brtk.net\/wp-content\/uploads\/2024\/12\/25\/471333048_10161669648429792_8291280850475010329_n-300x145.jpg?ver=9582ada69144105359143b739615950f 300w, https:\/\/brtk.net\/wp-content\/uploads\/2024\/12\/25\/471333048_10161669648429792_8291280850475010329_n-1024x496.jpg?ver=9582ada69144105359143b739615950f 1024w, https:\/\/brtk.net\/wp-content\/uploads\/2024\/12\/25\/471333048_10161669648429792_8291280850475010329_n-768x372.jpg?ver=9582ada69144105359143b739615950f 768w, https:\/\/brtk.net\/wp-content\/uploads\/2024\/12\/25\/471333048_10161669648429792_8291280850475010329_n-1536x744.jpg?ver=f6baf5c504ab589f51352804b2154a2d 1536w\"\/>                            <\/div>\n<p>\t\u00d6\u011fle b\u00fcteni de Kurum\u2019a uzun y\u0131llar hizmet veren iki emekli personel Hatice Tunga ve Erol Atabek taraf\u0131ndan sunuldu. <\/p>\n<p><iframe loading=\"lazy\" title=\"Bayrak Radyosu, 61. Y\u0131l \u00d6zel Yay\u0131n\u0131\u2019n\u0131 Posta Dairesi \u00f6n\u00fcnden yapt\u0131\" width=\"779\" height=\"438\" src=\"https:\/\/www.youtube.com\/embed\/QbEwXRz2wVg?feature=oembed\" frameborder=\"0\" allow=\"accelerometer; autoplay; clipboard-write; encrypted-media; gyroscope; picture-in-picture; web-share\" referrerpolicy=\"strict-origin-when-cross-origin\" allowfullscreen><\/iframe><\/p>\n<\/p><\/div>\n<p><script async\n                    defer\n                    crossorigin=\"anonymous\"\n                    src=\"https:\/\/connect.facebook.net\/tr_TR\/sdk.js#xfbml=1&#038;version=v3.3\"\n            ><\/script><br \/>\n<br \/><br \/>\n<br \/><a href=\"https:\/\/brtk.net\/brtk-61-yasinda-bayrak-radyosu-61-yil-ozel-yayinini-posta-dairesi-onunden-yapti\/\">Kaynak BRT <\/a><\/p>\n","protected":false},"excerpt":{"rendered":"<p>Bayrak Radyo Televizyon Kurumu 61 Ya\u015f\u0131nda\u2026 K\u0131br\u0131s T\u00fcrk\u00fc\u2019n\u00fcn gururu olmaya devam eden Bayrak Radyo Televizyon Kurumu, bu y\u0131l \u201cEngelleri A\u015f\u0131yoruz\u201d mottosu ile kurulu\u015f y\u0131ld\u00f6n\u00fcm\u00fcn\u00fc \u00e7e\u015fitli etkinliklerle kutluyor. Bayrak Radyosu ekibi de sesini ilk duyurdu\u011fu tarihi yer olan Posta Dairesi \u00f6n\u00fcnde canl\u0131 yay\u0131n ger\u00e7ekle\u015ftirdi. Etkinlikler kapsam\u0131nda \u00d6ZEV\u2019in \u201cY\u0131ld\u0131zlar Treni \u00c7ocuk Korosu\u201d konser verdi. Bayrak Radyo Televizyon [&hellip;]<\/p>\n","protected":false},"author":908,"featured_media":15031,"comment_status":"open","ping_status":"open","sticky":false,"template":"","format":"standard","meta":{"_jetpack_memberships_contains_paid_content":false,"footnotes":"","jetpack_publicize_message":"","jetpack_publicize_feature_enabled":true,"jetpack_social_post_already_shared":true,"jetpack_social_options":{"image_generator_settings":{"template":"highway","default_image_id":0,"font":"","enabled":false},"version":2}},"categories":[253],"tags":[],"class_list":["post-15030","post","type-post","status-publish","format-standard","has-post-thumbnail","hentry","category-gundem"],"jetpack_publicize_connections":[],"jetpack_featured_media_url":"https:\/\/kibrisayna.com\/wp-content\/uploads\/2024\/12\/471448713_10161669648789792_5649898601676706182_n.jpg","jetpack_sharing_enabled":true,"_links":{"self":[{"href":"https:\/\/kibrisayna.com\/index.php\/wp-json\/wp\/v2\/posts\/15030","targetHints":{"allow":["GET"]}}],"collection":[{"href":"https:\/\/kibrisayna.com\/index.php\/wp-json\/wp\/v2\/posts"}],"about":[{"href":"https:\/\/kibrisayna.com\/index.php\/wp-json\/wp\/v2\/types\/post"}],"author":[{"embeddable":true,"href":"https:\/\/kibrisayna.com\/index.php\/wp-json\/wp\/v2\/users\/908"}],"replies":[{"embeddable":true,"href":"https:\/\/kibrisayna.com\/index.php\/wp-json\/wp\/v2\/comments?post=15030"}],"version-history":[{"count":0,"href":"https:\/\/kibrisayna.com\/index.php\/wp-json\/wp\/v2\/posts\/15030\/revisions"}],"wp:featuredmedia":[{"embeddable":true,"href":"https:\/\/kibrisayna.com\/index.php\/wp-json\/wp\/v2\/media\/15031"}],"wp:attachment":[{"href":"https:\/\/kibrisayna.com\/index.php\/wp-json\/wp\/v2\/media?parent=15030"}],"wp:term":[{"taxonomy":"category","embeddable":true,"href":"https:\/\/kibrisayna.com\/index.php\/wp-json\/wp\/v2\/categories?post=15030"},{"taxonomy":"post_tag","embeddable":true,"href":"https:\/\/kibrisayna.com\/index.php\/wp-json\/wp\/v2\/tags?post=15030"}],"curies":[{"name":"wp","href":"https:\/\/api.w.org\/{rel}","templated":true}]}}