{"id":15028,"date":"2024-12-25T19:31:01","date_gmt":"2024-12-25T16:31:01","guid":{"rendered":"https:\/\/kibrisayna.com\/index.php\/2024\/12\/25\/meteoroloji-muhendisleri-odasi-kuresel-isinma-kaynakli-olumsuzluklardan-endise-duydugunu-kaydetti-brtk\/"},"modified":"2024-12-25T19:31:01","modified_gmt":"2024-12-25T16:31:01","slug":"meteoroloji-muhendisleri-odasi-kuresel-isinma-kaynakli-olumsuzluklardan-endise-duydugunu-kaydetti-brtk","status":"publish","type":"post","link":"https:\/\/kibrisayna.com\/index.php\/2024\/12\/25\/meteoroloji-muhendisleri-odasi-kuresel-isinma-kaynakli-olumsuzluklardan-endise-duydugunu-kaydetti-brtk\/","title":{"rendered":"Meteoroloji M\u00fchendisleri Odas\u0131 k\u00fcresel \u0131s\u0131nma kaynakl\u0131 olumsuzluklardan endi\u015fe duydu\u011funu kaydetti \u2013 BRTK"},"content":{"rendered":"<p> <br \/>\n<\/p>\n<div>\n<div class=\"mariselle-image-container center\">\n                <img loading=\"lazy\" decoding=\"async\" width=\"680\" height=\"355\" class=\"lazy-image\" alt=\"\" sizes=\"auto, (max-width: 680px) 100vw, 680px\" src=\"https:\/\/brtk.net\/wp-content\/uploads\/2024\/12\/25\/aksdlaskdla.png?ver=d783756df316853fdf10d3f0aec31bde\" srcset=\"https:\/\/brtk.net\/wp-content\/uploads\/2024\/12\/25\/aksdlaskdla.png?ver=d783756df316853fdf10d3f0aec31bde 680w, https:\/\/brtk.net\/wp-content\/uploads\/2024\/12\/25\/aksdlaskdla-300x157.png?ver=66ac299425b6ac17612734530b392285 300w\"\/>                            <\/div>\n<p> Meteoroloji M\u00fchendisleri Odas\u0131, global hava s\u0131cakl\u0131\u011f\u0131n\u0131n gittik\u00e7e artmas\u0131 sonucunda olu\u015fabilecek olumsuzluklardan endi\u015fe duydu\u011funu  kaydetti, KKTC\u2019nin k\u00fcresel \u0131s\u0131nman\u0131n etkilerinden kurtulmas\u0131n\u0131n m\u00fcmk\u00fcn olmad\u0131\u011f\u0131n\u0131 belirtti ve \u00f6nlem al\u0131nmas\u0131 gerekti\u011fine i\u015faret etti.<\/p>\n<p>A\u00e7\u0131klamada, insan eliyle yarat\u0131lan k\u00fcresel \u0131s\u0131nman\u0131n durdurulmas\u0131n\u0131n da insan eliyle olmas\u0131 gerekti\u011fi vurguland\u0131 ve  \u201cGlobal \u0131s\u0131nma sonucunda buzlar eriyecek, deniz seviyesi y\u00fckselecek, ya\u011f\u0131\u015f rejiminde d\u00fczen bozulacak, normal de\u011ferler de\u011fi\u015fecek, bunun akabinde de seller ile kurakl\u0131k birlikte g\u00f6r\u00fclebilecek bir hale do\u011fru ilerlemeye ba\u015flanacacak.\u201d denildi.<\/p>\n<p>A\u00e7\u0131klamada, \u201cBizim de KKTC olarak, hem co\u011frafi konumumuz,  hem k\u00fc\u00e7\u00fck bir alana sahip olu\u015fumuz  hem de bir ada \u00fclkesi olu\u015fumuz nedeniyle k\u00fcresel \u0131s\u0131nman\u0131n etkisinden kurtulmam\u0131z m\u00fcmk\u00fcn de\u011fildir.  Bu nedenle ba\u015flat\u0131lan duyarl\u0131 \u00e7al\u0131\u015fmalar\u0131 i\u00e7tenlikle destekler, katk\u0131 koymay\u0131 bir g\u00f6rev addediyoruz.\u201d ifadeleri yer ald\u0131.<\/p>\n<p>Meteoroloji Dairesi g\u00f6zlem a\u011f\u0131n\u0131n g\u00fc\u00e7lendirilmesinin \u00fclkenin iklimle m\u00fccadelesinde son derece \u00f6nemli oldu\u011fu belirtilen  a\u00e7\u0131klamada, meteorolojik veri olmadan do\u011fa olaylar\u0131 ile m\u00fccadeleden s\u00f6z etmenin do\u011fru olmayaca\u011f\u0131 kaydedildi, d\u00fcnyadaki 31 \u00e7e\u015fit do\u011fal kaynakl\u0131 afetin 28\u2019inin meteoroloji kaynakl\u0131 oldu\u011fu aktar\u0131ld\u0131.<\/p>\n<p>A\u00e7\u0131klamada, Meteoroloji Dairesi taraf\u0131ndan haz\u0131rlanan hava tahmin raporlar\u0131n\u0131n yetkililer taraf\u0131ndan takip edilerek, gerekli \u00f6nlemlerin al\u0131nmas\u0131n\u0131n \u00f6nemi de vurguland\u0131.<\/p>\n<p>A\u00e7\u0131klamada, Oda\u2019n\u0131n iklim de\u011fi\u015fikli\u011fi sonucunda \u00fclkedeki beklentileri ve \u00f6nerileri de \u015f\u00f6yle s\u0131raland\u0131: <\/p>\n<p>\u201cYa\u015fam i\u00e7in denge ve konfor bozulacak, yeni normaller olu\u015facak, s\u0131cakl\u0131k yan\u0131nda bir\u00e7ok parametrede  extrem de\u011ferler g\u00f6r\u00fclecek, karars\u0131z, dengesiz ve d\u00fczensiz ya\u011f\u0131\u015flar hatta asit ya\u011fmurlar\u0131 olacak, kurakl\u0131k ile seller birlikte g\u00f6r\u00fclecek, g\u0131da eksikli\u011fi- k\u0131tl\u0131k g\u00f6r\u00fclecek, orman yang\u0131nlar\u0131 artacak, deniz seviyesinde y\u00fckselme olacak, beklenmeyen hastal\u0131klar g\u00f6r\u00fclecek.\u201d<\/p>\n<p>Oda\u2019n\u0131n \u00f6nerileri ise \u015f\u00f6yle:<\/p>\n<p>\u201cSera gazlar\u0131 emisyonu mutlaka durdurulmal\u0131d\u0131r.  Bunun i\u00e7in uluslararas\u0131 tedbirler yan\u0131nda \u00fclkemizde de a\u015fa\u011f\u0131daki tedbirlerin al\u0131nmas\u0131nda yarar g\u00f6r\u00fclmektedir. Do\u011fal afetler risk y\u00f6netimi olu\u015fturulmal\u0131.  Ar-ge m\u00fchendislik hizmetleri olu\u015fturulmal\u0131, kadrolar d\u00fczenlenmeli. Meteorolojik parametreler ayr\u0131 ayr\u0131 irdelenmeli. Mevcut \u015fehirle\u015fmeden dolay\u0131 bozulan ya\u011f\u0131\u015f havzalar\u0131 yeniden belirlenmeli, akiferlerin beslenece\u011fi, su bask\u0131nlar\u0131n\u0131n asgariye indirilece\u011fi planlama yap\u0131lmal\u0131. Enerji  yetkili  ve ba\u011f\u0131ms\u0131z tek bir kurum taraf\u0131ndan y\u00f6netilmeli. Yenilenebilir enerji te\u015fvik edilmeli. Enerji verimlili\u011fi, bina tasar\u0131m\u0131, \u015fehircilik , sanayi tesisleri, tar\u0131m, ula\u015f\u0131m  v.s  planlamas\u0131 yap\u0131lmal\u0131. \u00c7evre ve a\u011fa\u00e7land\u0131rmaya \u00f6nem verilmeli, m\u00fcmk\u00fcn mertebe homojenle\u015fmeli. Hava kirlili\u011fi \u00f6l\u00e7\u00fcm ve uyar\u0131lar\u0131 de\u011ferlendirilmeli. Y\u0131ld\u0131r\u0131m, dolu ve f\u0131rt\u0131na gibi afetler i\u00e7in \u00f6nlem al\u0131nmal\u0131, s\u0131\u011f\u0131naklar olu\u015fturulmal\u0131. N\u00fckleer sal\u0131n\u0131mlarda olas\u0131 radyoaktif \/ radyasyon hareketi izlenmeli, tedbir al\u0131nmal\u0131. Sel gibi afetler yan\u0131nda kurakl\u0131k, k\u0131tl\u0131k, bunalt\u0131c\u0131l\u0131k, tsunami gibi afetlere haz\u0131rl\u0131kl\u0131 olunmal\u0131. Su y\u00f6netimi tek elden y\u00f6netilmeli, var olan  b\u00f6lge sular komitesi, meteoroloji, su i\u015fleri, jeoloji, tar\u0131m gibi ilgili dairelerden  yeniden olu\u015fturulmal\u0131. \u0130klim ve de\u011fi\u015fikli\u011fi ile ilgili e\u011fitim, fark\u0131ndal\u0131k sadece sivil toplumdan beklenmemeli. \u00dcniversitelerimizde lisans, y\u00fcksek lisans ve doktora tez konular\u0131nda yerelli\u011fe yer verilmeli.\u201d<\/p>\n<\/p><\/div>\n<p><script async\n                    defer\n                    crossorigin=\"anonymous\"\n                    src=\"https:\/\/connect.facebook.net\/tr_TR\/sdk.js#xfbml=1&#038;version=v3.3\"\n            ><\/script><br \/>\n<br \/><br \/>\n<br \/><a href=\"https:\/\/brtk.net\/meteoroloji-muhendisleri-odasi-kuresel-isinma-kaynakli-olumsuzluklardan-endise-duydugunu-kaydetti\/\">Kaynak BRT <\/a><\/p>\n","protected":false},"excerpt":{"rendered":"<p>Meteoroloji M\u00fchendisleri Odas\u0131, global hava s\u0131cakl\u0131\u011f\u0131n\u0131n gittik\u00e7e artmas\u0131 sonucunda olu\u015fabilecek olumsuzluklardan endi\u015fe duydu\u011funu kaydetti, KKTC\u2019nin k\u00fcresel \u0131s\u0131nman\u0131n etkilerinden kurtulmas\u0131n\u0131n m\u00fcmk\u00fcn olmad\u0131\u011f\u0131n\u0131 belirtti ve \u00f6nlem al\u0131nmas\u0131 gerekti\u011fine i\u015faret etti. A\u00e7\u0131klamada, insan eliyle yarat\u0131lan k\u00fcresel \u0131s\u0131nman\u0131n durdurulmas\u0131n\u0131n da insan eliyle olmas\u0131 gerekti\u011fi vurguland\u0131 ve \u201cGlobal \u0131s\u0131nma sonucunda buzlar eriyecek, deniz seviyesi y\u00fckselecek, ya\u011f\u0131\u015f rejiminde d\u00fczen bozulacak, normal [&hellip;]<\/p>\n","protected":false},"author":908,"featured_media":15029,"comment_status":"open","ping_status":"open","sticky":false,"template":"","format":"standard","meta":{"_jetpack_memberships_contains_paid_content":false,"footnotes":"","jetpack_publicize_message":"","jetpack_publicize_feature_enabled":true,"jetpack_social_post_already_shared":true,"jetpack_social_options":{"image_generator_settings":{"template":"highway","default_image_id":0,"font":"","enabled":false},"version":2}},"categories":[253],"tags":[],"class_list":["post-15028","post","type-post","status-publish","format-standard","has-post-thumbnail","hentry","category-gundem"],"jetpack_publicize_connections":[],"jetpack_featured_media_url":"https:\/\/kibrisayna.com\/wp-content\/uploads\/2024\/12\/aksdlaskdla.png","jetpack_sharing_enabled":true,"_links":{"self":[{"href":"https:\/\/kibrisayna.com\/index.php\/wp-json\/wp\/v2\/posts\/15028","targetHints":{"allow":["GET"]}}],"collection":[{"href":"https:\/\/kibrisayna.com\/index.php\/wp-json\/wp\/v2\/posts"}],"about":[{"href":"https:\/\/kibrisayna.com\/index.php\/wp-json\/wp\/v2\/types\/post"}],"author":[{"embeddable":true,"href":"https:\/\/kibrisayna.com\/index.php\/wp-json\/wp\/v2\/users\/908"}],"replies":[{"embeddable":true,"href":"https:\/\/kibrisayna.com\/index.php\/wp-json\/wp\/v2\/comments?post=15028"}],"version-history":[{"count":0,"href":"https:\/\/kibrisayna.com\/index.php\/wp-json\/wp\/v2\/posts\/15028\/revisions"}],"wp:featuredmedia":[{"embeddable":true,"href":"https:\/\/kibrisayna.com\/index.php\/wp-json\/wp\/v2\/media\/15029"}],"wp:attachment":[{"href":"https:\/\/kibrisayna.com\/index.php\/wp-json\/wp\/v2\/media?parent=15028"}],"wp:term":[{"taxonomy":"category","embeddable":true,"href":"https:\/\/kibrisayna.com\/index.php\/wp-json\/wp\/v2\/categories?post=15028"},{"taxonomy":"post_tag","embeddable":true,"href":"https:\/\/kibrisayna.com\/index.php\/wp-json\/wp\/v2\/tags?post=15028"}],"curies":[{"name":"wp","href":"https:\/\/api.w.org\/{rel}","templated":true}]}}