{"id":15023,"date":"2024-12-25T18:19:33","date_gmt":"2024-12-25T15:19:33","guid":{"rendered":"https:\/\/kibrisayna.com\/index.php\/2024\/12\/25\/iskelede-sehitleri-anma-gecesi-duzenlendi-brtk\/"},"modified":"2024-12-25T18:19:33","modified_gmt":"2024-12-25T15:19:33","slug":"iskelede-sehitleri-anma-gecesi-duzenlendi-brtk","status":"publish","type":"post","link":"https:\/\/kibrisayna.com\/index.php\/2024\/12\/25\/iskelede-sehitleri-anma-gecesi-duzenlendi-brtk\/","title":{"rendered":"\u0130skele\u2019de \u015eehitleri Anma Gecesi d\u00fczenlendi \u2013 BRTK"},"content":{"rendered":"<p> <br \/>\n<\/p>\n<div>\n<div class=\"mariselle-image-container center\">\n                <img loading=\"lazy\" decoding=\"async\" width=\"2044\" height=\"855\" class=\"lazy-image\" alt=\"\" sizes=\"auto, (max-width: 2044px) 100vw, 2044px\" src=\"https:\/\/brtk.net\/wp-content\/uploads\/2024\/12\/25\/slsks.jpg?ver=fff1b0b75d3a6c19ec06b97f3246c1c9\" srcset=\"https:\/\/brtk.net\/wp-content\/uploads\/2024\/12\/25\/slsks.jpg?ver=fff1b0b75d3a6c19ec06b97f3246c1c9 2044w, https:\/\/brtk.net\/wp-content\/uploads\/2024\/12\/25\/slsks-300x125.jpg?ver=27e63d64eb5784fa6da92a5b7bea0a4e 300w, https:\/\/brtk.net\/wp-content\/uploads\/2024\/12\/25\/slsks-1024x428.jpg?ver=8827c4f80edd75eacce9a7140b254ebc 1024w, https:\/\/brtk.net\/wp-content\/uploads\/2024\/12\/25\/slsks-768x321.jpg?ver=8827c4f80edd75eacce9a7140b254ebc 768w, https:\/\/brtk.net\/wp-content\/uploads\/2024\/12\/25\/slsks-1536x643.jpg?ver=8827c4f80edd75eacce9a7140b254ebc 1536w\"\/>                            <\/div>\n<p> 21-25 Aral\u0131k Mill\u00ee M\u00fccadele ve \u015eehitler Haftas\u0131 dolay\u0131s\u0131yla \u0130skele\u2019de \u015eehitleri Anma gecesi d\u00fczenlendi.<\/p>\n<p>Belediye\u2019den yap\u0131lan yaz\u0131l\u0131 a\u00e7\u0131klamaya g\u00f6re, \u0130skele Belediyesi Halk Danslar\u0131 Toplulu\u011fu\u2019nun \u00f6nc\u00fcl\u00fc\u011f\u00fcnde \u0130skele Atat\u00fcrk K\u00fclt\u00fcr Merkezi\u2019nde ger\u00e7ekle\u015ftirilen geceye \u0130skele \u015eehit \u0130lker Karter \u0130lkokulu, Dr. Suat G\u00fcnsel Devlet \u0130lkokulu \u0130skele, \u0130skele Evkaf TMK, Bekirpa\u015fa Lisesi ve \u0130skele Ticaret Lisesi katk\u0131da bulundu.<\/p>\n<p>Etkinlik, \u0130skele Belediyesi Asba\u015fkan Vekili Sefa Kurukafa\u2019n\u0131n da izleyiciler aras\u0131nda yer ald\u0131\u011f\u0131, okul m\u00fcd\u00fcrleri, \u00f6\u011fretmenler, \u00f6\u011frenciler ve vatanda\u015flar taraf\u0131ndan izlendi.<\/p>\n<p><strong>-Kadira\u011fa: \u201c\u015eehitler bu topraklar\u0131n tapusudur\u201d<\/strong><\/p>\n<p>Sayg\u0131 duru\u015fu ve \u0130stiklal Mar\u015f\u0131\u2019n\u0131n okunmas\u0131yla ba\u015flayan gecede a\u00e7\u0131l\u0131\u015f konu\u015fmas\u0131n\u0131 \u0130skele Belediyesi K\u00fclt\u00fcr, Sanat ve D\u0131\u015f \u0130li\u015fkiler Dan\u0131\u015fman\u0131 \u00d6zlem Kadira\u011fa yapt\u0131.<\/p>\n<p>Kadira\u011fa, 21 Aral\u0131k 1963 tarihinin, d\u00fcnya siyasi tarihinde \u201cKanl\u0131 Noel\u201d olarak bilinen ve K\u0131br\u0131s T\u00fcrkleri i\u00e7in unutulmaz bir kara leke b\u0131rakan bir sald\u0131r\u0131 oldu\u011funu vurgulad\u0131.<\/p>\n<p>Kadira\u011fa, \u201c\u015eehitler, bu topraklar\u0131n tapusudur\u201d diyerek, her bir \u015fehidin T\u00fcrk milletinin ba\u011f\u0131ms\u0131zl\u0131\u011f\u0131, vatan\u0131, bayra\u011f\u0131 ve de\u011ferleri i\u00e7in can\u0131n\u0131 feda etmi\u015f kahramanlar oldu\u011funu belirtti.<\/p>\n<p>Konu\u015fman\u0131n ard\u0131ndan \u0130skele Merkez Hala Sultan Camii g\u00f6revlisi Veli Ate\u015f, \u015fehitlerin an\u0131s\u0131na dua etti.<\/p>\n<p>\u0130skele Atat\u00fcrk K\u00fclt\u00fcr Merkezi\u2019ndeki anma t\u00f6reninde, \u0130skele Ticaret Lisesi \u00f6\u011frencilerinin haz\u0131rlad\u0131\u011f\u0131 Baraj Tepe isimli tiyatro oyunu, \u0130skele Evkaf TMK \u00f6\u011frencilerinin film g\u00f6sterimi, \u015fehitlerin dilinden \u015fiirler ve \u00e7e\u015fitli okullardan \u00f6\u011frencilerin haz\u0131rlad\u0131\u011f\u0131 \u015fiirler seslendirildi.<\/p>\n<p>\u0130skele Ticaret Lisesi \u00f6\u011frencileri, \u015eerif E. G\u00fclersoy, Fatma Medih ve Mehmet G\u00fcler taraf\u0131ndan haz\u0131rlanan tiyatro oyununu sergiledi.<\/p>\n<p>Ayr\u0131ca, Seher Sevg\u00fcn Y\u00fccelten ve Vedia Ta\u015fkan Kanl\u0131\u2019n\u0131n haz\u0131rlad\u0131\u011f\u0131, Suat G\u00fcnsel Devlet \u0130lkokulu \u00f6\u011frencisi taraf\u0131ndan okunan \u015eehidim \u015fiiri ve M\u00fcnevver Kayacan\u2019\u0131n haz\u0131rlad\u0131\u011f\u0131, \u015eehit \u0130lker Karter \u0130lkokulu \u00f6\u011frencisinin okudu\u011fu \u015eehidime \u015fiiri, kat\u0131l\u0131mc\u0131lara duygusal anlar ya\u015fatt\u0131.<\/p>\n<p>T\u00f6ren, anmaya katk\u0131 sa\u011flayanlara te\u015fekk\u00fcr belgelerinin verilmesiyle sona erdi.<\/p>\n<\/p><\/div>\n<p><script async\n                    defer\n                    crossorigin=\"anonymous\"\n                    src=\"https:\/\/connect.facebook.net\/tr_TR\/sdk.js#xfbml=1&#038;version=v3.3\"\n            ><\/script><br \/>\n<br \/><br \/>\n<br \/><a href=\"https:\/\/brtk.net\/iskelede-sehitleri-anma-gecesi-duzenlendi-2\/\">Kaynak BRT <\/a><\/p>\n","protected":false},"excerpt":{"rendered":"<p>21-25 Aral\u0131k Mill\u00ee M\u00fccadele ve \u015eehitler Haftas\u0131 dolay\u0131s\u0131yla \u0130skele\u2019de \u015eehitleri Anma gecesi d\u00fczenlendi. Belediye\u2019den yap\u0131lan yaz\u0131l\u0131 a\u00e7\u0131klamaya g\u00f6re, \u0130skele Belediyesi Halk Danslar\u0131 Toplulu\u011fu\u2019nun \u00f6nc\u00fcl\u00fc\u011f\u00fcnde \u0130skele Atat\u00fcrk K\u00fclt\u00fcr Merkezi\u2019nde ger\u00e7ekle\u015ftirilen geceye \u0130skele \u015eehit \u0130lker Karter \u0130lkokulu, Dr. Suat G\u00fcnsel Devlet \u0130lkokulu \u0130skele, \u0130skele Evkaf TMK, Bekirpa\u015fa Lisesi ve \u0130skele Ticaret Lisesi katk\u0131da bulundu. Etkinlik, \u0130skele Belediyesi [&hellip;]<\/p>\n","protected":false},"author":908,"featured_media":15024,"comment_status":"open","ping_status":"open","sticky":false,"template":"","format":"standard","meta":{"_jetpack_memberships_contains_paid_content":false,"footnotes":"","jetpack_publicize_message":"","jetpack_publicize_feature_enabled":true,"jetpack_social_post_already_shared":true,"jetpack_social_options":{"image_generator_settings":{"template":"highway","default_image_id":0,"font":"","enabled":false},"version":2}},"categories":[253],"tags":[],"class_list":["post-15023","post","type-post","status-publish","format-standard","has-post-thumbnail","hentry","category-gundem"],"jetpack_publicize_connections":[],"jetpack_featured_media_url":"https:\/\/kibrisayna.com\/wp-content\/uploads\/2024\/12\/slsks.jpg","jetpack_sharing_enabled":true,"_links":{"self":[{"href":"https:\/\/kibrisayna.com\/index.php\/wp-json\/wp\/v2\/posts\/15023","targetHints":{"allow":["GET"]}}],"collection":[{"href":"https:\/\/kibrisayna.com\/index.php\/wp-json\/wp\/v2\/posts"}],"about":[{"href":"https:\/\/kibrisayna.com\/index.php\/wp-json\/wp\/v2\/types\/post"}],"author":[{"embeddable":true,"href":"https:\/\/kibrisayna.com\/index.php\/wp-json\/wp\/v2\/users\/908"}],"replies":[{"embeddable":true,"href":"https:\/\/kibrisayna.com\/index.php\/wp-json\/wp\/v2\/comments?post=15023"}],"version-history":[{"count":0,"href":"https:\/\/kibrisayna.com\/index.php\/wp-json\/wp\/v2\/posts\/15023\/revisions"}],"wp:featuredmedia":[{"embeddable":true,"href":"https:\/\/kibrisayna.com\/index.php\/wp-json\/wp\/v2\/media\/15024"}],"wp:attachment":[{"href":"https:\/\/kibrisayna.com\/index.php\/wp-json\/wp\/v2\/media?parent=15023"}],"wp:term":[{"taxonomy":"category","embeddable":true,"href":"https:\/\/kibrisayna.com\/index.php\/wp-json\/wp\/v2\/categories?post=15023"},{"taxonomy":"post_tag","embeddable":true,"href":"https:\/\/kibrisayna.com\/index.php\/wp-json\/wp\/v2\/tags?post=15023"}],"curies":[{"name":"wp","href":"https:\/\/api.w.org\/{rel}","templated":true}]}}