{"id":15020,"date":"2024-12-25T18:09:35","date_gmt":"2024-12-25T15:09:35","guid":{"rendered":"https:\/\/kibrisayna.com\/index.php\/2024\/12\/25\/polis-haberleri-on-izin-vaadi-ile-8-bin-dolardan-fazla-para-temin-eden-sahis-tutuklandi-brtk\/"},"modified":"2024-12-25T18:09:35","modified_gmt":"2024-12-25T15:09:35","slug":"polis-haberleri-on-izin-vaadi-ile-8-bin-dolardan-fazla-para-temin-eden-sahis-tutuklandi-brtk","status":"publish","type":"post","link":"https:\/\/kibrisayna.com\/index.php\/2024\/12\/25\/polis-haberleri-on-izin-vaadi-ile-8-bin-dolardan-fazla-para-temin-eden-sahis-tutuklandi-brtk\/","title":{"rendered":"Polis haberleri\u2026 \u00d6n izin vaadi ile 8 bin dolardan fazla para temin eden \u015fah\u0131s tutukland\u0131 \u2013 BRTK"},"content":{"rendered":"<p> <br \/>\n<\/p>\n<div>\n<div class=\"mariselle-image-container center\">\n                <img loading=\"lazy\" decoding=\"async\" width=\"696\" height=\"443\" class=\"lazy-image\" alt=\"\" sizes=\"auto, (max-width: 696px) 100vw, 696px\" src=\"https:\/\/brtk.net\/wp-content\/uploads\/2023\/02\/23\/tutuklu-76767.jpg?ver=7ea58516ff70dbc5612d14933323343e\" srcset=\"https:\/\/brtk.net\/wp-content\/uploads\/2023\/02\/23\/tutuklu-76767.jpg?ver=7ea58516ff70dbc5612d14933323343e 696w, https:\/\/brtk.net\/wp-content\/uploads\/2023\/02\/23\/tutuklu-76767-300x191.jpg?ver=7ea58516ff70dbc5612d14933323343e 300w, https:\/\/brtk.net\/wp-content\/uploads\/2023\/02\/23\/tutuklu-76767-566x360.jpg?ver=7ea58516ff70dbc5612d14933323343e 566w\"\/>                            <\/div>\n<p>Lefko\u015fa\u2019da \u00f6n izin vaadi ile 3 ki\u015fiden 8 bin 200 ABD dolar\u0131 para temin eden \u015fah\u0131s tutukland\u0131.<\/p>\n<p>Polis Bas\u0131n B\u00fcltenine g\u00f6re, Lefko\u015fa\u2019da A.A\u2019n\u0131n (K-49) May\u0131s 2024 ve 14 Temmuz 2024 tarihinde, \u00f6n izin ile yurt d\u0131\u015f\u0131ndan i\u015f\u00e7i getirece\u011fi vaadi ile 3 ayr\u0131 \u015fah\u0131stan sahtekarl\u0131kla toplam 8 bin 200 ABD Dolar\u0131 temin etti\u011fi tespit edildi.<\/p>\n<p>Olay\u0131n polisin bilgisine gelmesi \u00fczerine y\u00fcr\u00fct\u00fclen ileri soru\u015fturmada bahse konu \u015fah\u0131s 15 Aral\u0131k 2024 tarihinde Lefko\u015fa\u2019da tespit edilerek tutukland\u0131. Soru\u015fturma devam ediyor.<\/p>\n<p>-Girne\u2019de rahats\u0131zl\u0131k<\/p>\n<p>Girne\u2019de bug\u00fcn sabah saatlerinde F.A.O. (E-36), sarho\u015f vaziyetteyken (nefes \u00f6rne\u011fi vermeyi reddetti), makul mazereti olmaks\u0131z\u0131n y\u00fcksek sesle ba\u011f\u0131r\u0131p \u00e7a\u011f\u0131rarak, rahats\u0131zl\u0131k yapt\u0131. Bahse konu \u015fah\u0131s tutuklan\u0131rken, soru\u015fturma devam ediyor.<\/p>\n<p>-G\u00f6khan\u2019da ara\u00e7 yang\u0131n\u0131<\/p>\n<p>G\u00f6khan\u2019da faaliyet g\u00f6steren bir i\u015f yerinde  oksijen kayna\u011f\u0131 ile hurda kesimi yap\u0131l\u0131rken,  s\u00f6z konusu yerde hurda vaziyette bulunan kamyonun kabin ve lastikleri tutu\u015farak tamamen yand\u0131. Yang\u0131n itfaiye ekipleri taraf\u0131ndan s\u00f6nd\u00fcr\u00fcl\u00fcrken, soru\u015fturma devam ediyor.<\/p>\n<p>-\u00c7aml\u0131bel-Girne yolunda kaza<\/p>\n<p>\u00c7aml\u0131bel \u2013 Girne anayolunda, bug\u00fcn Johan Pierre Moise Bouvier (E-30), y\u00f6netimindeki MTX 673 plakal\u0131 ara\u00e7 ile Girne istikametinden G\u00fczelyurt istikametine seyrederken, gece kul\u00fcpleri b\u00f6lgesinde kar\u015f\u0131dan gelen ara\u00e7lara \u00f6ncelik hakk\u0131 vermeden Kayalar yol kav\u015fa\u011f\u0131na d\u00f6n\u00fc\u015fe ge\u00e7ti ve  G\u00fczelyurt istikametinden Girne istikametine do\u011fru seyreden  Akif Y\u0131lmaz (E-34) y\u00f6netimindeki EC 357 plakal\u0131 ara\u00e7 ile \u00e7arp\u0131\u015ft\u0131.<\/p>\n<p>\u00c7arp\u0131\u015fman\u0131n etkisiyle yol i\u00e7erisinde kontrols\u00fczce savrulan EC 357 plakal\u0131 ara\u00e7 MTX 673 plakal\u0131 arac\u0131n gerisinde seyreden  Musa T\u00fcrker S\u00f6nmezler (E-68) y\u00f6netimindeki PS 008 plakal\u0131 arac\u0131n sa\u011f yan k\u0131sm\u0131na \u00e7arpt\u0131.<\/p>\n<p>Kaza sonucu yaralanan EC 357 plakal\u0131 ara\u00e7ta yolcu olarak bulunan Esra Y\u0131lmaz (K-31) kald\u0131r\u0131ld\u0131\u011f\u0131 Girne Dr. Ak\u00e7i\u00e7ek Hastanesinde yap\u0131lan tedavisinin ard\u0131ndan taburcu oldu. Soru\u015fturma devam ediyor.<\/p>\n<\/p><\/div>\n<p><script async\n                    defer\n                    crossorigin=\"anonymous\"\n                    src=\"https:\/\/connect.facebook.net\/tr_TR\/sdk.js#xfbml=1&#038;version=v3.3\"\n            ><\/script><br \/>\n<br \/><br \/>\n<br \/><a href=\"https:\/\/brtk.net\/polis-haberleri-on-izin-vaadi-ile-8-bin-dolardan-fazla-para-temin-eden-sahis-tutuklandi\/\"> <\/a><\/p>\n","protected":false},"excerpt":{"rendered":"<p>Lefko\u015fa\u2019da \u00f6n izin vaadi ile 3 ki\u015fiden 8 bin 200 ABD dolar\u0131 para temin eden \u015fah\u0131s tutukland\u0131. Polis Bas\u0131n B\u00fcltenine g\u00f6re, Lefko\u015fa\u2019da A.A\u2019n\u0131n (K-49) May\u0131s 2024 ve 14 Temmuz 2024 tarihinde, \u00f6n izin ile yurt d\u0131\u015f\u0131ndan i\u015f\u00e7i getirece\u011fi vaadi ile 3 ayr\u0131 \u015fah\u0131stan sahtekarl\u0131kla toplam 8 bin 200 ABD Dolar\u0131 temin etti\u011fi tespit edildi. Olay\u0131n [&hellip;]<\/p>\n","protected":false},"author":908,"featured_media":4261,"comment_status":"open","ping_status":"open","sticky":false,"template":"","format":"standard","meta":{"_jetpack_memberships_contains_paid_content":false,"footnotes":"","jetpack_publicize_message":"","jetpack_publicize_feature_enabled":true,"jetpack_social_post_already_shared":true,"jetpack_social_options":{"image_generator_settings":{"template":"highway","default_image_id":0,"font":"","enabled":false},"version":2}},"categories":[253,19],"tags":[],"class_list":["post-15020","post","type-post","status-publish","format-standard","has-post-thumbnail","hentry","category-gundem","category-manset"],"jetpack_publicize_connections":[],"jetpack_featured_media_url":"https:\/\/kibrisayna.com\/wp-content\/uploads\/2024\/09\/tutuklu-9999.jpg","jetpack_sharing_enabled":true,"_links":{"self":[{"href":"https:\/\/kibrisayna.com\/index.php\/wp-json\/wp\/v2\/posts\/15020","targetHints":{"allow":["GET"]}}],"collection":[{"href":"https:\/\/kibrisayna.com\/index.php\/wp-json\/wp\/v2\/posts"}],"about":[{"href":"https:\/\/kibrisayna.com\/index.php\/wp-json\/wp\/v2\/types\/post"}],"author":[{"embeddable":true,"href":"https:\/\/kibrisayna.com\/index.php\/wp-json\/wp\/v2\/users\/908"}],"replies":[{"embeddable":true,"href":"https:\/\/kibrisayna.com\/index.php\/wp-json\/wp\/v2\/comments?post=15020"}],"version-history":[{"count":0,"href":"https:\/\/kibrisayna.com\/index.php\/wp-json\/wp\/v2\/posts\/15020\/revisions"}],"wp:featuredmedia":[{"embeddable":true,"href":"https:\/\/kibrisayna.com\/index.php\/wp-json\/wp\/v2\/media\/4261"}],"wp:attachment":[{"href":"https:\/\/kibrisayna.com\/index.php\/wp-json\/wp\/v2\/media?parent=15020"}],"wp:term":[{"taxonomy":"category","embeddable":true,"href":"https:\/\/kibrisayna.com\/index.php\/wp-json\/wp\/v2\/categories?post=15020"},{"taxonomy":"post_tag","embeddable":true,"href":"https:\/\/kibrisayna.com\/index.php\/wp-json\/wp\/v2\/tags?post=15020"}],"curies":[{"name":"wp","href":"https:\/\/api.w.org\/{rel}","templated":true}]}}