{"id":15019,"date":"2024-12-25T18:07:17","date_gmt":"2024-12-25T15:07:17","guid":{"rendered":"https:\/\/kibrisayna.com\/index.php\/2024\/12\/25\/ktos-okullardaki-grev-saatlerini-duyurdu-brtk\/"},"modified":"2024-12-25T18:07:17","modified_gmt":"2024-12-25T15:07:17","slug":"ktos-okullardaki-grev-saatlerini-duyurdu-brtk","status":"publish","type":"post","link":"https:\/\/kibrisayna.com\/index.php\/2024\/12\/25\/ktos-okullardaki-grev-saatlerini-duyurdu-brtk\/","title":{"rendered":"KT\u00d6S, okullardaki grev saatlerini duyurdu \u2013 BRTK"},"content":{"rendered":"<p> <br \/>\n<\/p>\n<div>\n<div class=\"mariselle-image-container center\">\n                <img loading=\"lazy\" decoding=\"async\" width=\"971\" height=\"551\" class=\"lazy-image\" alt=\"\" sizes=\"auto, (max-width: 971px) 100vw, 971px\" src=\"https:\/\/brtk.net\/wp-content\/uploads\/2024\/03\/29\/ktos29.jpg?ver=18abcc88c4335ecffe92341f92421d80\" srcset=\"https:\/\/brtk.net\/wp-content\/uploads\/2024\/03\/29\/ktos29.jpg?ver=18abcc88c4335ecffe92341f92421d80 971w, https:\/\/brtk.net\/wp-content\/uploads\/2024\/03\/29\/ktos29-300x170.jpg?ver=eeda9e82e71d1478f1a3c4eac75b99a3 300w, https:\/\/brtk.net\/wp-content\/uploads\/2024\/03\/29\/ktos29-768x436.jpg?ver=eeda9e82e71d1478f1a3c4eac75b99a3 768w\"\/>                            <\/div>\n<p>K\u0131br\u0131s T\u00fcrk \u00d6\u011fretmenler Sendikas\u0131 (KT\u00d6S), yar\u0131n, anaokul, ilkokul ve \u00f6zel e\u011fitim okullar\u0131ndaki \u00fcyelerinin 08.00-12.40 saatleri aras\u0131nda; \u00f6\u011fleden sonra dersi olan \u00fcyelerinin ise 08.00-12.40 ve 14.00-15.30 saatleri aras\u0131nda grevde olaca\u011f\u0131n\u0131 duyurdu.<\/p>\n<p>KT\u00d6S Genel Sekreteri Burak Mavi\u015f taraf\u0131ndan yap\u0131lan yaz\u0131l\u0131 a\u00e7\u0131klamada, \u201cEkonomik haklar\u0131m\u0131z\u0131 savunmak, insanca \u00e7al\u0131\u015fma ko\u015fullar\u0131 sa\u011flamak, e\u015fit ve nitelikli kamusal e\u011fitim ve di\u011fer hizmetler i\u00e7in hep birlikte alanlarday\u0131z. \u00d6rg\u00fctl\u00fcy\u00fcz, hakl\u0131y\u0131z, fakirle\u015fmeye ve yoksulla\u015fmaya kar\u015f\u0131 hep birlikte y\u00fcr\u00fcyece\u011fiz.\u201d denilerek, saat 09.30\u2019da KT\u00d6S binas\u0131nda kortejin toplanaca\u011f\u0131 da bildirildi.<\/p>\n<\/p><\/div>\n<p><script async\n                    defer\n                    crossorigin=\"anonymous\"\n                    src=\"https:\/\/connect.facebook.net\/tr_TR\/sdk.js#xfbml=1&#038;version=v3.3\"\n            ><\/script><br \/>\n<br \/><br \/>\n<br \/><a href=\"https:\/\/brtk.net\/ktos-okullardaki-grev-saatlerini-duyurdu\/\">Kaynak BRT <\/a><\/p>\n","protected":false},"excerpt":{"rendered":"<p>K\u0131br\u0131s T\u00fcrk \u00d6\u011fretmenler Sendikas\u0131 (KT\u00d6S), yar\u0131n, anaokul, ilkokul ve \u00f6zel e\u011fitim okullar\u0131ndaki \u00fcyelerinin 08.00-12.40 saatleri aras\u0131nda; \u00f6\u011fleden sonra dersi olan \u00fcyelerinin ise 08.00-12.40 ve 14.00-15.30 saatleri aras\u0131nda grevde olaca\u011f\u0131n\u0131 duyurdu. KT\u00d6S Genel Sekreteri Burak Mavi\u015f taraf\u0131ndan yap\u0131lan yaz\u0131l\u0131 a\u00e7\u0131klamada, \u201cEkonomik haklar\u0131m\u0131z\u0131 savunmak, insanca \u00e7al\u0131\u015fma ko\u015fullar\u0131 sa\u011flamak, e\u015fit ve nitelikli kamusal e\u011fitim ve di\u011fer hizmetler i\u00e7in [&hellip;]<\/p>\n","protected":false},"author":908,"featured_media":11442,"comment_status":"open","ping_status":"open","sticky":false,"template":"","format":"standard","meta":{"_jetpack_memberships_contains_paid_content":false,"footnotes":"","jetpack_publicize_message":"","jetpack_publicize_feature_enabled":true,"jetpack_social_post_already_shared":true,"jetpack_social_options":{"image_generator_settings":{"template":"highway","default_image_id":0,"font":"","enabled":false},"version":2}},"categories":[253],"tags":[],"class_list":["post-15019","post","type-post","status-publish","format-standard","has-post-thumbnail","hentry","category-gundem"],"jetpack_publicize_connections":[],"jetpack_featured_media_url":"https:\/\/kibrisayna.com\/wp-content\/uploads\/2024\/11\/ktos291.jpg","jetpack_sharing_enabled":true,"_links":{"self":[{"href":"https:\/\/kibrisayna.com\/index.php\/wp-json\/wp\/v2\/posts\/15019","targetHints":{"allow":["GET"]}}],"collection":[{"href":"https:\/\/kibrisayna.com\/index.php\/wp-json\/wp\/v2\/posts"}],"about":[{"href":"https:\/\/kibrisayna.com\/index.php\/wp-json\/wp\/v2\/types\/post"}],"author":[{"embeddable":true,"href":"https:\/\/kibrisayna.com\/index.php\/wp-json\/wp\/v2\/users\/908"}],"replies":[{"embeddable":true,"href":"https:\/\/kibrisayna.com\/index.php\/wp-json\/wp\/v2\/comments?post=15019"}],"version-history":[{"count":0,"href":"https:\/\/kibrisayna.com\/index.php\/wp-json\/wp\/v2\/posts\/15019\/revisions"}],"wp:featuredmedia":[{"embeddable":true,"href":"https:\/\/kibrisayna.com\/index.php\/wp-json\/wp\/v2\/media\/11442"}],"wp:attachment":[{"href":"https:\/\/kibrisayna.com\/index.php\/wp-json\/wp\/v2\/media?parent=15019"}],"wp:term":[{"taxonomy":"category","embeddable":true,"href":"https:\/\/kibrisayna.com\/index.php\/wp-json\/wp\/v2\/categories?post=15019"},{"taxonomy":"post_tag","embeddable":true,"href":"https:\/\/kibrisayna.com\/index.php\/wp-json\/wp\/v2\/tags?post=15019"}],"curies":[{"name":"wp","href":"https:\/\/api.w.org\/{rel}","templated":true}]}}