{"id":15012,"date":"2024-12-25T16:07:34","date_gmt":"2024-12-25T13:07:34","guid":{"rendered":"https:\/\/kibrisayna.com\/index.php\/2024\/12\/25\/mucadelenin-sesi-toplumun-vicdani-brtk\/"},"modified":"2024-12-25T16:07:34","modified_gmt":"2024-12-25T13:07:34","slug":"mucadelenin-sesi-toplumun-vicdani-brtk","status":"publish","type":"post","link":"https:\/\/kibrisayna.com\/index.php\/2024\/12\/25\/mucadelenin-sesi-toplumun-vicdani-brtk\/","title":{"rendered":"M\u00fccadelenin sesi, toplumun vicdan\u0131\u201d \u2013 BRTK"},"content":{"rendered":"<p> <br \/>\n<\/p>\n<div>\n<div class=\"mariselle-image-container center\">\n                <img loading=\"lazy\" decoding=\"async\" width=\"1600\" height=\"1066\" class=\"lazy-image\" alt=\"\" sizes=\"auto, (max-width: 1600px) 100vw, 1600px\" src=\"https:\/\/brtk.net\/wp-content\/uploads\/2024\/10\/01\/akpinar.jpeg?ver=d96e3df568173f81954bb2fb57ab8826\" srcset=\"https:\/\/brtk.net\/wp-content\/uploads\/2024\/10\/01\/akpinar.jpeg?ver=d96e3df568173f81954bb2fb57ab8826 1600w, https:\/\/brtk.net\/wp-content\/uploads\/2024\/10\/01\/akpinar-300x200.jpeg?ver=d96e3df568173f81954bb2fb57ab8826 300w, https:\/\/brtk.net\/wp-content\/uploads\/2024\/10\/01\/akpinar-1024x682.jpeg?ver=d96e3df568173f81954bb2fb57ab8826 1024w, https:\/\/brtk.net\/wp-content\/uploads\/2024\/10\/01\/akpinar-768x512.jpeg?ver=2e76647a7c0f6316e11005f078688364 768w, https:\/\/brtk.net\/wp-content\/uploads\/2024\/10\/01\/akpinar-1536x1023.jpeg?ver=2e76647a7c0f6316e11005f078688364 1536w\"\/>                            <\/div>\n<p>Demokrat Parti Genel Sekreteri ve Girne Milletvekili Serhat Akp\u0131nar, Bayrak Radyo Televizyon Kurumu\u2019nun (BRTK) 61. kurulu\u015f y\u0131l d\u00f6n\u00fcm\u00fcn\u00fc kutlad\u0131. Akp\u0131nar, K\u0131br\u0131s T\u00fcrk halk\u0131n\u0131n \u00f6zg\u00fcrl\u00fck ve varolu\u015f m\u00fccadelesinde BRTK\u2019n\u0131n tarihi bir misyon \u00fcstlendi\u011fini belirtti.<\/p>\n<p>\u201cBayrak Radyosu, 1963\u2019te zor ko\u015fullarda \u2018K\u0131br\u0131s T\u00fcrk M\u00fccahidinin Sesi\u2019 olarak yay\u0131nlar\u0131na ba\u015flad\u0131 ve halk\u0131m\u0131z\u0131n sesi olmay\u0131 ba\u015fard\u0131\u201d diyen Akp\u0131nar, BRTK\u2019n\u0131n yaln\u0131zca bir yay\u0131n organ\u0131 de\u011fil, ayn\u0131 zamanda K\u0131br\u0131s T\u00fcrk\u00fc\u2019n\u00fcn k\u00fclt\u00fcrel de\u011ferlerini koruyan ve gelece\u011fe ta\u015f\u0131yan bir kurum oldu\u011funu vurgulad\u0131. Akp\u0131nar, kurumun ulusal ve uluslararas\u0131 alandaki ba\u015far\u0131s\u0131na dikkat \u00e7ekerek, \u201cBRTK, her zaman K\u0131br\u0131s T\u00fcrk\u00fc\u2019n\u00fcn hakl\u0131 davas\u0131n\u0131 en etkili \u015fekilde d\u00fcnyaya duyurmay\u0131 s\u00fcrd\u00fcrm\u00fc\u015ft\u00fcr\u201d dedi.<\/p>\n<\/p><\/div>\n<p><script async\n                    defer\n                    crossorigin=\"anonymous\"\n                    src=\"https:\/\/connect.facebook.net\/tr_TR\/sdk.js#xfbml=1&#038;version=v3.3\"\n            ><\/script><br \/>\n<br \/><br \/>\n<br \/><a href=\"https:\/\/brtk.net\/akpinarbrtk-mucadelenin-sesi-toplumun-vicdani\/\">Kaynak BRT <\/a><\/p>\n","protected":false},"excerpt":{"rendered":"<p>Demokrat Parti Genel Sekreteri ve Girne Milletvekili Serhat Akp\u0131nar, Bayrak Radyo Televizyon Kurumu\u2019nun (BRTK) 61. kurulu\u015f y\u0131l d\u00f6n\u00fcm\u00fcn\u00fc kutlad\u0131. Akp\u0131nar, K\u0131br\u0131s T\u00fcrk halk\u0131n\u0131n \u00f6zg\u00fcrl\u00fck ve varolu\u015f m\u00fccadelesinde BRTK\u2019n\u0131n tarihi bir misyon \u00fcstlendi\u011fini belirtti. \u201cBayrak Radyosu, 1963\u2019te zor ko\u015fullarda \u2018K\u0131br\u0131s T\u00fcrk M\u00fccahidinin Sesi\u2019 olarak yay\u0131nlar\u0131na ba\u015flad\u0131 ve halk\u0131m\u0131z\u0131n sesi olmay\u0131 ba\u015fard\u0131\u201d diyen Akp\u0131nar, BRTK\u2019n\u0131n yaln\u0131zca bir [&hellip;]<\/p>\n","protected":false},"author":908,"featured_media":10518,"comment_status":"open","ping_status":"open","sticky":false,"template":"","format":"standard","meta":{"_jetpack_memberships_contains_paid_content":false,"footnotes":"","jetpack_publicize_message":"","jetpack_publicize_feature_enabled":true,"jetpack_social_post_already_shared":true,"jetpack_social_options":{"image_generator_settings":{"template":"highway","default_image_id":0,"font":"","enabled":false},"version":2}},"categories":[253],"tags":[],"class_list":["post-15012","post","type-post","status-publish","format-standard","has-post-thumbnail","hentry","category-gundem"],"jetpack_publicize_connections":[],"jetpack_featured_media_url":"https:\/\/kibrisayna.com\/wp-content\/uploads\/2024\/11\/akpinar.jpeg","jetpack_sharing_enabled":true,"_links":{"self":[{"href":"https:\/\/kibrisayna.com\/index.php\/wp-json\/wp\/v2\/posts\/15012","targetHints":{"allow":["GET"]}}],"collection":[{"href":"https:\/\/kibrisayna.com\/index.php\/wp-json\/wp\/v2\/posts"}],"about":[{"href":"https:\/\/kibrisayna.com\/index.php\/wp-json\/wp\/v2\/types\/post"}],"author":[{"embeddable":true,"href":"https:\/\/kibrisayna.com\/index.php\/wp-json\/wp\/v2\/users\/908"}],"replies":[{"embeddable":true,"href":"https:\/\/kibrisayna.com\/index.php\/wp-json\/wp\/v2\/comments?post=15012"}],"version-history":[{"count":0,"href":"https:\/\/kibrisayna.com\/index.php\/wp-json\/wp\/v2\/posts\/15012\/revisions"}],"wp:featuredmedia":[{"embeddable":true,"href":"https:\/\/kibrisayna.com\/index.php\/wp-json\/wp\/v2\/media\/10518"}],"wp:attachment":[{"href":"https:\/\/kibrisayna.com\/index.php\/wp-json\/wp\/v2\/media?parent=15012"}],"wp:term":[{"taxonomy":"category","embeddable":true,"href":"https:\/\/kibrisayna.com\/index.php\/wp-json\/wp\/v2\/categories?post=15012"},{"taxonomy":"post_tag","embeddable":true,"href":"https:\/\/kibrisayna.com\/index.php\/wp-json\/wp\/v2\/tags?post=15012"}],"curies":[{"name":"wp","href":"https:\/\/api.w.org\/{rel}","templated":true}]}}