{"id":15006,"date":"2024-12-25T14:52:51","date_gmt":"2024-12-25T11:52:51","guid":{"rendered":"https:\/\/kibrisayna.com\/index.php\/2024\/12\/25\/gecitkale-tatlisu-anayolunda-korkutan-kaza-1-yarali-brtk\/"},"modified":"2024-12-25T14:52:51","modified_gmt":"2024-12-25T11:52:51","slug":"gecitkale-tatlisu-anayolunda-korkutan-kaza-1-yarali-brtk","status":"publish","type":"post","link":"https:\/\/kibrisayna.com\/index.php\/2024\/12\/25\/gecitkale-tatlisu-anayolunda-korkutan-kaza-1-yarali-brtk\/","title":{"rendered":"Ge\u00e7itkale-Tatl\u0131su anayolunda korkutan kaza: 1 yaral\u0131 \u2013 BRTK"},"content":{"rendered":"<p> <br \/>\n<\/p>\n<div>\n<div class=\"mariselle-image-container center\">\n                <img loading=\"lazy\" decoding=\"async\" width=\"2000\" height=\"924\" class=\"lazy-image\" alt=\"\" sizes=\"auto, (max-width: 2000px) 100vw, 2000px\" src=\"https:\/\/brtk.net\/wp-content\/uploads\/2024\/12\/25\/asskdsa.jpg?ver=d8a69a51041c93d54d2bce4ed2001f19\" srcset=\"https:\/\/brtk.net\/wp-content\/uploads\/2024\/12\/25\/asskdsa.jpg?ver=d8a69a51041c93d54d2bce4ed2001f19 2000w, https:\/\/brtk.net\/wp-content\/uploads\/2024\/12\/25\/asskdsa-300x139.jpg?ver=c53799101753909e700ed8dcb6743102 300w, https:\/\/brtk.net\/wp-content\/uploads\/2024\/12\/25\/asskdsa-1024x473.jpg?ver=680d46d217472cb864d2e015b68e6e45 1024w, https:\/\/brtk.net\/wp-content\/uploads\/2024\/12\/25\/asskdsa-768x355.jpg?ver=680d46d217472cb864d2e015b68e6e45 768w, https:\/\/brtk.net\/wp-content\/uploads\/2024\/12\/25\/asskdsa-1536x710.jpg?ver=680d46d217472cb864d2e015b68e6e45 1536w\"\/>                            <\/div>\n<p>Polis Bas\u0131n Subayl\u0131\u011f\u0131\u2019ndan verilen bilgiye g\u00f6re bug\u00fcn saat 12:00 s\u0131ralar\u0131nda, Ge\u00e7itkale-Tatl\u0131su anayolu \u00fczerinde, Bayram SARI (E-36) y\u00f6netimindeki LM 907 plakal\u0131 salon ara\u00e7 ile Tatl\u0131su istikametine do\u011fru seyretti\u011fi s\u0131rada sola meyilli viraj\u0131 ge\u00e7tikten sonra, dikkatsizli\u011fi sonucu direksiyon hakimyetini kaybederek yolun solundan \u00e7\u0131km\u0131\u015f ve iki takla att\u0131ktan sonra tekerlekleri \u00fczerinde zeytin bah\u00e7esi i\u00e7erisinde durmu\u015ftur.<\/p>\n<p> Kaza sonucu yaralanan ara\u00e7 s\u00fcr\u00fcc\u00fcs\u00fc, kald\u0131r\u0131ld\u0131\u011f\u0131 Gazima\u011fusa Devlet Hastanesi\u2019ndeki tedavisi halen s\u00fcr\u00fcyor. <\/p>\n<p>Polisin kazayla ilgili soru\u015fturmas\u0131 devam ediyor.<\/p>\n<p>PGM<\/p>\n<\/p><\/div>\n<p><script async\n                    defer\n                    crossorigin=\"anonymous\"\n                    src=\"https:\/\/connect.facebook.net\/tr_TR\/sdk.js#xfbml=1&#038;version=v3.3\"\n            ><\/script><br \/>\n<br \/><br \/>\n<br \/><a href=\"https:\/\/brtk.net\/gecitkale-tatlisu-anayolunda-korkutan-kaza-1-yarali\/\"> <\/a><\/p>\n","protected":false},"excerpt":{"rendered":"<p>Polis Bas\u0131n Subayl\u0131\u011f\u0131\u2019ndan verilen bilgiye g\u00f6re bug\u00fcn saat 12:00 s\u0131ralar\u0131nda, Ge\u00e7itkale-Tatl\u0131su anayolu \u00fczerinde, Bayram SARI (E-36) y\u00f6netimindeki LM 907 plakal\u0131 salon ara\u00e7 ile Tatl\u0131su istikametine do\u011fru seyretti\u011fi s\u0131rada sola meyilli viraj\u0131 ge\u00e7tikten sonra, dikkatsizli\u011fi sonucu direksiyon hakimyetini kaybederek yolun solundan \u00e7\u0131km\u0131\u015f ve iki takla att\u0131ktan sonra tekerlekleri \u00fczerinde zeytin bah\u00e7esi i\u00e7erisinde durmu\u015ftur. Kaza sonucu yaralanan [&hellip;]<\/p>\n","protected":false},"author":908,"featured_media":15007,"comment_status":"open","ping_status":"open","sticky":false,"template":"","format":"standard","meta":{"_jetpack_memberships_contains_paid_content":false,"footnotes":"","jetpack_publicize_message":"","jetpack_publicize_feature_enabled":true,"jetpack_social_post_already_shared":true,"jetpack_social_options":{"image_generator_settings":{"template":"highway","default_image_id":0,"font":"","enabled":false},"version":2}},"categories":[253,19],"tags":[],"class_list":["post-15006","post","type-post","status-publish","format-standard","has-post-thumbnail","hentry","category-gundem","category-manset"],"jetpack_publicize_connections":[],"jetpack_featured_media_url":"https:\/\/kibrisayna.com\/wp-content\/uploads\/2024\/12\/asskdsa.jpg","jetpack_sharing_enabled":true,"_links":{"self":[{"href":"https:\/\/kibrisayna.com\/index.php\/wp-json\/wp\/v2\/posts\/15006","targetHints":{"allow":["GET"]}}],"collection":[{"href":"https:\/\/kibrisayna.com\/index.php\/wp-json\/wp\/v2\/posts"}],"about":[{"href":"https:\/\/kibrisayna.com\/index.php\/wp-json\/wp\/v2\/types\/post"}],"author":[{"embeddable":true,"href":"https:\/\/kibrisayna.com\/index.php\/wp-json\/wp\/v2\/users\/908"}],"replies":[{"embeddable":true,"href":"https:\/\/kibrisayna.com\/index.php\/wp-json\/wp\/v2\/comments?post=15006"}],"version-history":[{"count":0,"href":"https:\/\/kibrisayna.com\/index.php\/wp-json\/wp\/v2\/posts\/15006\/revisions"}],"wp:featuredmedia":[{"embeddable":true,"href":"https:\/\/kibrisayna.com\/index.php\/wp-json\/wp\/v2\/media\/15007"}],"wp:attachment":[{"href":"https:\/\/kibrisayna.com\/index.php\/wp-json\/wp\/v2\/media?parent=15006"}],"wp:term":[{"taxonomy":"category","embeddable":true,"href":"https:\/\/kibrisayna.com\/index.php\/wp-json\/wp\/v2\/categories?post=15006"},{"taxonomy":"post_tag","embeddable":true,"href":"https:\/\/kibrisayna.com\/index.php\/wp-json\/wp\/v2\/tags?post=15006"}],"curies":[{"name":"wp","href":"https:\/\/api.w.org\/{rel}","templated":true}]}}