{"id":14998,"date":"2024-12-25T14:32:41","date_gmt":"2024-12-25T11:32:41","guid":{"rendered":"https:\/\/kibrisayna.com\/index.php\/2024\/12\/25\/usteladalet-tecelli-edene-vicdanimiz-rahat-edene-kadar-devam-edecegiz-brtk\/"},"modified":"2024-12-25T14:32:41","modified_gmt":"2024-12-25T11:32:41","slug":"usteladalet-tecelli-edene-vicdanimiz-rahat-edene-kadar-devam-edecegiz-brtk","status":"publish","type":"post","link":"https:\/\/kibrisayna.com\/index.php\/2024\/12\/25\/usteladalet-tecelli-edene-vicdanimiz-rahat-edene-kadar-devam-edecegiz-brtk\/","title":{"rendered":"\u00dcstel:Adalet tecelli edene, vicdan\u0131m\u0131z rahat edene kadar devam edece\u011fiz \u2013 BRTK"},"content":{"rendered":"<p> <br \/>\n<\/p>\n<div>\n<div class=\"mariselle-image-container center\">\n                <img loading=\"lazy\" decoding=\"async\" width=\"1139\" height=\"502\" class=\"lazy-image\" alt=\"\" sizes=\"auto, (max-width: 1139px) 100vw, 1139px\" src=\"https:\/\/brtk.net\/wp-content\/uploads\/2024\/12\/05\/ustel-brt.jpg?ver=59aa8eb791fd724991bd211f9d1263a1\" srcset=\"https:\/\/brtk.net\/wp-content\/uploads\/2024\/12\/05\/ustel-brt.jpg?ver=59aa8eb791fd724991bd211f9d1263a1 1139w, https:\/\/brtk.net\/wp-content\/uploads\/2024\/12\/05\/ustel-brt-300x132.jpg?ver=fc952675391e34430674b11d7a00f0e9 300w, https:\/\/brtk.net\/wp-content\/uploads\/2024\/12\/05\/ustel-brt-1024x451.jpg?ver=82b7047dd2cabc6f3e50718e80279f38 1024w, https:\/\/brtk.net\/wp-content\/uploads\/2024\/12\/05\/ustel-brt-768x338.jpg?ver=82b7047dd2cabc6f3e50718e80279f38 768w\"\/>                            <\/div>\n<p>Ba\u015fbakan \u00dcnal \u00dcstel, \u0130sias davas\u0131n\u0131n g\u00f6r\u00fcld\u00fc\u011f\u00fc Ad\u0131yaman\u2019dan Kuzey K\u0131br\u0131s T\u00fcrk Cumhuriyeti\u2019ne d\u00f6n\u00fc\u015f\u00fcnde Ankara Esenbo\u011fa Havaliman\u0131\u2019nda<br \/>BRT\u2019ye de\u011ferlendirmede bulundu.<\/p>\n<p>\u00dcstel, T\u00fcrkiye\u2019de 6 \u015eubat depremlerinde 50 binden fazla insan\u0131 yitirdiklerini, \u015eampiyon Meleklerin de bu do\u011fal felakette hayatlar\u0131n\u0131 kaybettiklerini belirterek, \u015eampiyon Melekleri onlara yak\u0131\u015f\u0131r \u015fekilde topra\u011fa verdikten sonra \u015fehit ilan ettiklerini ve hukuk m\u00fccadelesine ba\u015flad\u0131klar\u0131n\u0131 s\u00f6yledi.<\/p>\n<p>\tMahkeme s\u00fcrecinde savc\u0131 ve yarg\u0131\u00e7lara, kendilerini ve kar\u015f\u0131 taraf\u0131 sab\u0131rla dinledikleri i\u00e7in te\u015fekk\u00fcr eden Ba\u015fbakan \u00dcstel, \u201cBizi \u00e7ok mutlu etmese bile bug\u00fcn bakt\u0131\u011f\u0131m\u0131zda basit taksirden en \u00e7ok en a\u011f\u0131r cezay\u0131 alanlar olmu\u015ftur. Otelle ilgili olan ki\u015filerden aile fertleri de dahil alt\u0131 ki\u015fi en a\u011f\u0131r cezaya \u00e7arpt\u0131r\u0131ld\u0131lar. Ve gerisi de otelle ilgili olmayan aile serbest kald\u0131 beraat ettiler\u201d dedi.<\/p>\n<p>Her zaman T\u00fcrkiye Cumhuriyeti\u2019nin adaletine g\u00fcvendiklerine vurgu yapan \u00dcstel, \u201cO do\u011frultuda otel sahiplerine en a\u011f\u0131r cezay\u0131 verdiler. Baba 17,o\u011flu 16 y\u0131la mahkum oldular. Mimar m\u00fchendis yap\u0131m\u0131yla ilgili kim varsa hepside en a\u011f\u0131r cezaya mahkum oldular. Tabi bizlerin hedefi daha da a\u011f\u0131r bir cezayd\u0131 ki olas\u0131 kast\u0131 konu\u015ftuk.Olas\u0131 kast\u0131n ger\u00e7ekle\u015fmemesi bizleri her ne kadar da h\u00fczne bo\u011fduysa da bir y\u00f6nden de en y\u00fcksek cezay\u0131 ald\u0131lar.Bizi en \u00e7ok mutlu eden y\u00f6n oldu\u201d dedi.<\/p>\n<p>\tBa\u015fbakan \u00dcstel, bundan sonraki s\u00fcre\u00e7 hakk\u0131nda da bilgi verdi.<\/p>\n<p>\t\u00dcstel, \u201cGerek\u00e7eli karar a\u00e7\u0131kland\u0131ktan sonra yine hukuk\u00e7ular\u0131m\u0131zla bir araya gelip istinafa gitmek i\u00e7in haz\u0131rl\u0131k yapaca\u011f\u0131z ve m\u00fccadelemize devam edece\u011fiz. Ta ki adalet istedi\u011fimiz \u015fekilde tecelli edene,vicdanlar\u0131m\u0131z rahat edene kadar. Biz \u015eampiyon Meleklerimize bu s\u00f6z\u00fc verdik. Ve bu s\u00f6z\u00fcn arkas\u0131nda da bu m\u00fccadelemize devam edece\u011fiz\u201d dedi.<\/p>\n<\/p><\/div>\n<p><script async\n                    defer\n                    crossorigin=\"anonymous\"\n                    src=\"https:\/\/connect.facebook.net\/tr_TR\/sdk.js#xfbml=1&#038;version=v3.3\"\n            ><\/script><br \/>\n<br \/><br \/>\n<br \/><a href=\"https:\/\/brtk.net\/usteladalet-tecelli-edene-vicdanimiz-rahat-edene-kadar-devam-edecegiz\/\">Kaynak BRT <\/a><\/p>\n","protected":false},"excerpt":{"rendered":"<p>Ba\u015fbakan \u00dcnal \u00dcstel, \u0130sias davas\u0131n\u0131n g\u00f6r\u00fcld\u00fc\u011f\u00fc Ad\u0131yaman\u2019dan Kuzey K\u0131br\u0131s T\u00fcrk Cumhuriyeti\u2019ne d\u00f6n\u00fc\u015f\u00fcnde Ankara Esenbo\u011fa Havaliman\u0131\u2019ndaBRT\u2019ye de\u011ferlendirmede bulundu. \u00dcstel, T\u00fcrkiye\u2019de 6 \u015eubat depremlerinde 50 binden fazla insan\u0131 yitirdiklerini, \u015eampiyon Meleklerin de bu do\u011fal felakette hayatlar\u0131n\u0131 kaybettiklerini belirterek, \u015eampiyon Melekleri onlara yak\u0131\u015f\u0131r \u015fekilde topra\u011fa verdikten sonra \u015fehit ilan ettiklerini ve hukuk m\u00fccadelesine ba\u015flad\u0131klar\u0131n\u0131 s\u00f6yledi. Mahkeme s\u00fcrecinde savc\u0131 [&hellip;]<\/p>\n","protected":false},"author":908,"featured_media":13125,"comment_status":"open","ping_status":"open","sticky":false,"template":"","format":"standard","meta":{"_jetpack_memberships_contains_paid_content":false,"footnotes":"","jetpack_publicize_message":"","jetpack_publicize_feature_enabled":true,"jetpack_social_post_already_shared":true,"jetpack_social_options":{"image_generator_settings":{"template":"highway","default_image_id":0,"font":"","enabled":false},"version":2}},"categories":[253],"tags":[],"class_list":["post-14998","post","type-post","status-publish","format-standard","has-post-thumbnail","hentry","category-gundem"],"jetpack_publicize_connections":[],"jetpack_featured_media_url":"https:\/\/kibrisayna.com\/wp-content\/uploads\/2024\/12\/1733423523_ustel-brt.jpg","jetpack_sharing_enabled":true,"_links":{"self":[{"href":"https:\/\/kibrisayna.com\/index.php\/wp-json\/wp\/v2\/posts\/14998","targetHints":{"allow":["GET"]}}],"collection":[{"href":"https:\/\/kibrisayna.com\/index.php\/wp-json\/wp\/v2\/posts"}],"about":[{"href":"https:\/\/kibrisayna.com\/index.php\/wp-json\/wp\/v2\/types\/post"}],"author":[{"embeddable":true,"href":"https:\/\/kibrisayna.com\/index.php\/wp-json\/wp\/v2\/users\/908"}],"replies":[{"embeddable":true,"href":"https:\/\/kibrisayna.com\/index.php\/wp-json\/wp\/v2\/comments?post=14998"}],"version-history":[{"count":0,"href":"https:\/\/kibrisayna.com\/index.php\/wp-json\/wp\/v2\/posts\/14998\/revisions"}],"wp:featuredmedia":[{"embeddable":true,"href":"https:\/\/kibrisayna.com\/index.php\/wp-json\/wp\/v2\/media\/13125"}],"wp:attachment":[{"href":"https:\/\/kibrisayna.com\/index.php\/wp-json\/wp\/v2\/media?parent=14998"}],"wp:term":[{"taxonomy":"category","embeddable":true,"href":"https:\/\/kibrisayna.com\/index.php\/wp-json\/wp\/v2\/categories?post=14998"},{"taxonomy":"post_tag","embeddable":true,"href":"https:\/\/kibrisayna.com\/index.php\/wp-json\/wp\/v2\/tags?post=14998"}],"curies":[{"name":"wp","href":"https:\/\/api.w.org\/{rel}","templated":true}]}}