{"id":14996,"date":"2024-12-25T14:26:28","date_gmt":"2024-12-25T11:26:28","guid":{"rendered":"https:\/\/kibrisayna.com\/index.php\/2024\/12\/25\/iskelede-noel-etkinligi-brtk\/"},"modified":"2024-12-25T14:26:28","modified_gmt":"2024-12-25T11:26:28","slug":"iskelede-noel-etkinligi-brtk","status":"publish","type":"post","link":"https:\/\/kibrisayna.com\/index.php\/2024\/12\/25\/iskelede-noel-etkinligi-brtk\/","title":{"rendered":"\u0130skele\u2019de Noel etkinli\u011fi \u2013 BRTK"},"content":{"rendered":"<p> <br \/>\n<\/p>\n<div>\n<div class=\"mariselle-image-container center\">\n                <img loading=\"lazy\" decoding=\"async\" width=\"1500\" height=\"2000\" class=\"lazy-image\" alt=\"\" sizes=\"auto, (max-width: 1500px) 100vw, 1500px\" src=\"https:\/\/brtk.net\/wp-content\/uploads\/2024\/12\/25\/dkjalsdjla.jpg?ver=ff15278d409488b938da97ecf7a88e12\" srcset=\"https:\/\/brtk.net\/wp-content\/uploads\/2024\/12\/25\/dkjalsdjla.jpg?ver=ff15278d409488b938da97ecf7a88e12 1500w, https:\/\/brtk.net\/wp-content\/uploads\/2024\/12\/25\/dkjalsdjla-225x300.jpg?ver=ff15278d409488b938da97ecf7a88e12 225w, https:\/\/brtk.net\/wp-content\/uploads\/2024\/12\/25\/dkjalsdjla-768x1024.jpg?ver=dacd45c23dcfeef83f131060f1b3ca42 768w, https:\/\/brtk.net\/wp-content\/uploads\/2024\/12\/25\/dkjalsdjla-1152x1536.jpg?ver=aeddfec1e97f8b8687c9092bf4eda435 1152w\"\/>                            <\/div>\n<p>\u0130skele b\u00f6lgesinde ya\u015famlar\u0131n\u0131 s\u00fcrd\u00fcren yabanc\u0131 uyruklulara y\u00f6nelik iskele belediyesi taraf\u0131ndan geleneksel olarak d\u00fczenlenen\u00a0Noel etkinli\u011fi bug\u00fcn yap\u0131ld\u0131.<\/p>\n<p>\u0130skele belediyesi halk plaj\u0131nda yer alan etkinlikte Noel \u015fark\u0131lar\u0131 \u00e7al\u0131nd\u0131 ve kat\u0131l\u0131mc\u0131lara Noel pastas\u0131, golifa ve i\u00e7ecek ikram edildi.<\/p>\n<p>Etkinli\u011fin geliri her y\u0131l oldu\u011fu gibi bu y\u0131l da Kanser Hastalar\u0131na Yard\u0131m Derne\u011fi\u2019ne ba\u011f\u0131\u015fland\u0131.<\/p>\n<p>Etkinlikte b\u00f6lgedeki yabanc\u0131lar ad\u0131na konu\u015fan Julie Berndsen, her \u015feyin g\u00fczel olaca\u011f\u0131 bir y\u0131l olmas\u0131 dile\u011finde bulundu ve etkinli\u011fi d\u00fczenleyenlere te\u015fekk\u00fcrlerini sundu.<\/p>\n<div class=\"mariselle-image-container center\">\n                <img loading=\"lazy\" decoding=\"async\" width=\"1600\" height=\"1200\" class=\"lazy-image\" alt=\"\" sizes=\"auto, (max-width: 1600px) 100vw, 1600px\" src=\"https:\/\/brtk.net\/wp-content\/uploads\/2024\/12\/25\/19841081.jpg?ver=0173fbd4b6656182e0d3e6bf4a2c8a26\" srcset=\"https:\/\/brtk.net\/wp-content\/uploads\/2024\/12\/25\/19841081.jpg?ver=0173fbd4b6656182e0d3e6bf4a2c8a26 1600w, https:\/\/brtk.net\/wp-content\/uploads\/2024\/12\/25\/19841081-300x225.jpg?ver=30ee1cfabd3f1e79ae5174ddfb2bf98f 300w, https:\/\/brtk.net\/wp-content\/uploads\/2024\/12\/25\/19841081-1024x768.jpg?ver=30ee1cfabd3f1e79ae5174ddfb2bf98f 1024w, https:\/\/brtk.net\/wp-content\/uploads\/2024\/12\/25\/19841081-768x576.jpg?ver=30ee1cfabd3f1e79ae5174ddfb2bf98f 768w, https:\/\/brtk.net\/wp-content\/uploads\/2024\/12\/25\/19841081-1536x1152.jpg?ver=dda1cc238eb7de46b3dd985432ea1bfd 1536w\"\/>                            <\/div>\n<p>\nKanser Hastalar\u0131na Yard\u0131m Derne\u011fi \u0130skele Sorumlusu Ersin Nizam da b\u00f6lgede ya\u015fayan yabanc\u0131lar ile g\u00f6n\u00fcl birli\u011fi i\u00e7inde de bayramlar\u0131n kutland\u0131\u011f\u0131n\u0131 s\u00f6yledi.<\/p>\n<p>Nizam, bu y\u0131l onuncusu ger\u00e7ekle\u015ftirilen etkinlikten elde edilecek gelirin kanser hastalar\u0131na bir nebze umut oldu\u011funu s\u00f6yleyerek te\u015fekk\u00fcr etti.<\/p>\n<p>Konu\u015fmalar\u0131n ard\u0131ndan etkinli\u011fe kat\u0131lanlar so\u011fuk havaya ra\u011fmen denize girerek Noel\u2019i kutlad\u0131lar.<\/p>\n<\/p><\/div>\n<p><script async\n                    defer\n                    crossorigin=\"anonymous\"\n                    src=\"https:\/\/connect.facebook.net\/tr_TR\/sdk.js#xfbml=1&#038;version=v3.3\"\n            ><\/script><br \/>\n<br \/><br \/>\n<br \/><a href=\"https:\/\/brtk.net\/iskelede-noel-etkinligi\/\">Kaynak BRT <\/a><\/p>\n","protected":false},"excerpt":{"rendered":"<p>\u0130skele b\u00f6lgesinde ya\u015famlar\u0131n\u0131 s\u00fcrd\u00fcren yabanc\u0131 uyruklulara y\u00f6nelik iskele belediyesi taraf\u0131ndan geleneksel olarak d\u00fczenlenen\u00a0Noel etkinli\u011fi bug\u00fcn yap\u0131ld\u0131. \u0130skele belediyesi halk plaj\u0131nda yer alan etkinlikte Noel \u015fark\u0131lar\u0131 \u00e7al\u0131nd\u0131 ve kat\u0131l\u0131mc\u0131lara Noel pastas\u0131, golifa ve i\u00e7ecek ikram edildi. Etkinli\u011fin geliri her y\u0131l oldu\u011fu gibi bu y\u0131l da Kanser Hastalar\u0131na Yard\u0131m Derne\u011fi\u2019ne ba\u011f\u0131\u015fland\u0131. Etkinlikte b\u00f6lgedeki yabanc\u0131lar ad\u0131na konu\u015fan Julie [&hellip;]<\/p>\n","protected":false},"author":908,"featured_media":14997,"comment_status":"open","ping_status":"open","sticky":false,"template":"","format":"standard","meta":{"_jetpack_memberships_contains_paid_content":false,"footnotes":"","jetpack_publicize_message":"","jetpack_publicize_feature_enabled":true,"jetpack_social_post_already_shared":true,"jetpack_social_options":{"image_generator_settings":{"template":"highway","default_image_id":0,"font":"","enabled":false},"version":2}},"categories":[253],"tags":[],"class_list":["post-14996","post","type-post","status-publish","format-standard","has-post-thumbnail","hentry","category-gundem"],"jetpack_publicize_connections":[],"jetpack_featured_media_url":"https:\/\/kibrisayna.com\/wp-content\/uploads\/2024\/12\/19841081.jpg","jetpack_sharing_enabled":true,"_links":{"self":[{"href":"https:\/\/kibrisayna.com\/index.php\/wp-json\/wp\/v2\/posts\/14996","targetHints":{"allow":["GET"]}}],"collection":[{"href":"https:\/\/kibrisayna.com\/index.php\/wp-json\/wp\/v2\/posts"}],"about":[{"href":"https:\/\/kibrisayna.com\/index.php\/wp-json\/wp\/v2\/types\/post"}],"author":[{"embeddable":true,"href":"https:\/\/kibrisayna.com\/index.php\/wp-json\/wp\/v2\/users\/908"}],"replies":[{"embeddable":true,"href":"https:\/\/kibrisayna.com\/index.php\/wp-json\/wp\/v2\/comments?post=14996"}],"version-history":[{"count":0,"href":"https:\/\/kibrisayna.com\/index.php\/wp-json\/wp\/v2\/posts\/14996\/revisions"}],"wp:featuredmedia":[{"embeddable":true,"href":"https:\/\/kibrisayna.com\/index.php\/wp-json\/wp\/v2\/media\/14997"}],"wp:attachment":[{"href":"https:\/\/kibrisayna.com\/index.php\/wp-json\/wp\/v2\/media?parent=14996"}],"wp:term":[{"taxonomy":"category","embeddable":true,"href":"https:\/\/kibrisayna.com\/index.php\/wp-json\/wp\/v2\/categories?post=14996"},{"taxonomy":"post_tag","embeddable":true,"href":"https:\/\/kibrisayna.com\/index.php\/wp-json\/wp\/v2\/tags?post=14996"}],"curies":[{"name":"wp","href":"https:\/\/api.w.org\/{rel}","templated":true}]}}