{"id":14990,"date":"2024-12-25T14:15:32","date_gmt":"2024-12-25T11:15:32","guid":{"rendered":"https:\/\/kibrisayna.com\/index.php\/2024\/12\/25\/real-betis-taraftarlarindan-oyuncak-yagmuru-brtk\/"},"modified":"2024-12-25T14:15:32","modified_gmt":"2024-12-25T11:15:32","slug":"real-betis-taraftarlarindan-oyuncak-yagmuru-brtk","status":"publish","type":"post","link":"https:\/\/kibrisayna.com\/index.php\/2024\/12\/25\/real-betis-taraftarlarindan-oyuncak-yagmuru-brtk\/","title":{"rendered":"Real Betis taraftarlar\u0131ndan \u201coyuncak ya\u011fmuru\u201d \u2013 BRTK"},"content":{"rendered":"<p> <br \/>\n<\/p>\n<div>\n<div class=\"mariselle-image-container center\">\n                <img loading=\"lazy\" decoding=\"async\" width=\"1280\" height=\"720\" class=\"lazy-image\" alt=\"\" sizes=\"auto, (max-width: 1280px) 100vw, 1280px\" src=\"https:\/\/brtk.net\/wp-content\/uploads\/2024\/12\/25\/REAL-BETIS.jpeg?ver=5f958d6d4402ccfe8ba54ac1fa34f961\" srcset=\"https:\/\/brtk.net\/wp-content\/uploads\/2024\/12\/25\/REAL-BETIS.jpeg?ver=5f958d6d4402ccfe8ba54ac1fa34f961 1280w, https:\/\/brtk.net\/wp-content\/uploads\/2024\/12\/25\/REAL-BETIS-300x169.jpeg?ver=2feea0daf77424c85003a6fcfdccc5ce 300w, https:\/\/brtk.net\/wp-content\/uploads\/2024\/12\/25\/REAL-BETIS-1024x576.jpeg?ver=8db61f5e3ad47c2188b4409c9d4af94e 1024w, https:\/\/brtk.net\/wp-content\/uploads\/2024\/12\/25\/REAL-BETIS-768x432.jpeg?ver=8db61f5e3ad47c2188b4409c9d4af94e 768w\"\/>                            <\/div>\n<p>\u0130spanyol futbolunun k\u00f6kl\u00fc kul\u00fcplerinden Real Betis, sadece futboluyla de\u011fil, taraftarlar\u0131n\u0131n sosyal sorumluluk projelerine olan katk\u0131lar\u0131yla da dikkat \u00e7ekiyor.<br \/>Ye\u015fil-beyazl\u0131 kul\u00fcp taraf\u0131ndan 2018 y\u0131l\u0131ndan itibaren her y\u0131l\u0131n son i\u00e7 saha ma\u00e7\u0131nda geleneksel hale gelen \u201coyuncak ya\u011fmuru\u201d etkinli\u011fi, bu y\u0131l da ger\u00e7ekle\u015ftirdi.<br \/>La Liga\u2019n\u0131n 18. haftas\u0131nda Real Betis ile Rayo Vallecano aras\u0131nda oynanan ve 1-1 sona eren ma\u00e7\u0131n devre aras\u0131nda yap\u0131lan anonsla birlikte Real Betisli taraftarlar, maddi imkanlar\u0131 k\u0131s\u0131tl\u0131 \u00e7ocuklara ula\u015ft\u0131r\u0131lmak \u00fczere trib\u00fcnlerden sahaya binlerce pelu\u015f oyuncak att\u0131.<\/p>\n<\/p><\/div>\n<p><script async\n                    defer\n                    crossorigin=\"anonymous\"\n                    src=\"https:\/\/connect.facebook.net\/tr_TR\/sdk.js#xfbml=1&#038;version=v3.3\"\n            ><\/script><br \/>\n<br \/><br \/>\n<br \/><a href=\"https:\/\/brtk.net\/real-betis-taraftarlarindan-oyuncak-yagmuru\/\">Kaynak BRT <\/a><\/p>\n","protected":false},"excerpt":{"rendered":"<p>\u0130spanyol futbolunun k\u00f6kl\u00fc kul\u00fcplerinden Real Betis, sadece futboluyla de\u011fil, taraftarlar\u0131n\u0131n sosyal sorumluluk projelerine olan katk\u0131lar\u0131yla da dikkat \u00e7ekiyor.Ye\u015fil-beyazl\u0131 kul\u00fcp taraf\u0131ndan 2018 y\u0131l\u0131ndan itibaren her y\u0131l\u0131n son i\u00e7 saha ma\u00e7\u0131nda geleneksel hale gelen \u201coyuncak ya\u011fmuru\u201d etkinli\u011fi, bu y\u0131l da ger\u00e7ekle\u015ftirdi.La Liga\u2019n\u0131n 18. haftas\u0131nda Real Betis ile Rayo Vallecano aras\u0131nda oynanan ve 1-1 sona eren ma\u00e7\u0131n devre [&hellip;]<\/p>\n","protected":false},"author":908,"featured_media":14991,"comment_status":"open","ping_status":"open","sticky":false,"template":"","format":"standard","meta":{"_jetpack_memberships_contains_paid_content":false,"footnotes":"","jetpack_publicize_message":"","jetpack_publicize_feature_enabled":true,"jetpack_social_post_already_shared":true,"jetpack_social_options":{"image_generator_settings":{"template":"highway","default_image_id":0,"font":"","enabled":false},"version":2}},"categories":[9],"tags":[],"class_list":["post-14990","post","type-post","status-publish","format-standard","has-post-thumbnail","hentry","category-spor"],"jetpack_publicize_connections":[],"jetpack_featured_media_url":"https:\/\/kibrisayna.com\/wp-content\/uploads\/2024\/12\/REAL-BETIS.jpeg","jetpack_sharing_enabled":true,"_links":{"self":[{"href":"https:\/\/kibrisayna.com\/index.php\/wp-json\/wp\/v2\/posts\/14990","targetHints":{"allow":["GET"]}}],"collection":[{"href":"https:\/\/kibrisayna.com\/index.php\/wp-json\/wp\/v2\/posts"}],"about":[{"href":"https:\/\/kibrisayna.com\/index.php\/wp-json\/wp\/v2\/types\/post"}],"author":[{"embeddable":true,"href":"https:\/\/kibrisayna.com\/index.php\/wp-json\/wp\/v2\/users\/908"}],"replies":[{"embeddable":true,"href":"https:\/\/kibrisayna.com\/index.php\/wp-json\/wp\/v2\/comments?post=14990"}],"version-history":[{"count":0,"href":"https:\/\/kibrisayna.com\/index.php\/wp-json\/wp\/v2\/posts\/14990\/revisions"}],"wp:featuredmedia":[{"embeddable":true,"href":"https:\/\/kibrisayna.com\/index.php\/wp-json\/wp\/v2\/media\/14991"}],"wp:attachment":[{"href":"https:\/\/kibrisayna.com\/index.php\/wp-json\/wp\/v2\/media?parent=14990"}],"wp:term":[{"taxonomy":"category","embeddable":true,"href":"https:\/\/kibrisayna.com\/index.php\/wp-json\/wp\/v2\/categories?post=14990"},{"taxonomy":"post_tag","embeddable":true,"href":"https:\/\/kibrisayna.com\/index.php\/wp-json\/wp\/v2\/tags?post=14990"}],"curies":[{"name":"wp","href":"https:\/\/api.w.org\/{rel}","templated":true}]}}