{"id":14986,"date":"2024-12-25T14:08:42","date_gmt":"2024-12-25T11:08:42","guid":{"rendered":"https:\/\/kibrisayna.com\/index.php\/2024\/12\/25\/sehit-huseyin-ruso-torenle-anildi-brtk\/"},"modified":"2024-12-25T14:08:42","modified_gmt":"2024-12-25T11:08:42","slug":"sehit-huseyin-ruso-torenle-anildi-brtk","status":"publish","type":"post","link":"https:\/\/kibrisayna.com\/index.php\/2024\/12\/25\/sehit-huseyin-ruso-torenle-anildi-brtk\/","title":{"rendered":"\u015eehit H\u00fcseyin Ruso t\u00f6renle an\u0131ld\u0131 \u2013 BRTK"},"content":{"rendered":"<p> <br \/>\n<\/p>\n<div>\n<div class=\"mariselle-image-container center\">\n                <img loading=\"lazy\" decoding=\"async\" width=\"1654\" height=\"1104\" class=\"lazy-image\" alt=\"\" sizes=\"auto, (max-width: 1654px) 100vw, 1654px\" src=\"https:\/\/brtk.net\/wp-content\/uploads\/2024\/12\/25\/asjkdla.jpg?ver=b0220aea04247561d91348c9cd54cd60\" srcset=\"https:\/\/brtk.net\/wp-content\/uploads\/2024\/12\/25\/asjkdla.jpg?ver=b0220aea04247561d91348c9cd54cd60 1654w, https:\/\/brtk.net\/wp-content\/uploads\/2024\/12\/25\/asjkdla-300x200.jpg?ver=b0220aea04247561d91348c9cd54cd60 300w, https:\/\/brtk.net\/wp-content\/uploads\/2024\/12\/25\/asjkdla-1024x683.jpg?ver=15048c3f13e8a9c493711c81f8cb4170 1024w, https:\/\/brtk.net\/wp-content\/uploads\/2024\/12\/25\/asjkdla-768x513.jpg?ver=15048c3f13e8a9c493711c81f8cb4170 768w, https:\/\/brtk.net\/wp-content\/uploads\/2024\/12\/25\/asjkdla-1536x1025.jpg?ver=619feb18dac97125f2df425d9f71a0bb 1536w\"\/>                            <\/div>\n<p> K\u0131br\u0131s T\u00fcrk\u00fc\u2019n\u00fcn varolu\u015f m\u00fccadelesinin ve K\u00fc\u00e7\u00fck Kaymakl\u0131\u2019n\u0131n simge isimlerinden \u015eehit H\u00fcseyin Ruso i\u00e7in bug\u00fcn an\u0131tmezar\u0131nda t\u00f6ren d\u00fczenlendi.<\/p>\n<p>Anma t\u00f6reni, an\u0131ta \u00e7elenklerin sunulmas\u0131yla ba\u015flad\u0131, ard\u0131ndan sayg\u0131 duru\u015fu ve \u0130stiklal Mar\u015f\u0131 ile bayraklar g\u00f6ndere \u00e7ekildi.<\/p>\n<p>T\u00f6rende, \u015fiirin ard\u0131ndan \u015eehit H\u00fcseyin Ruso Ortaokulundan bir \u00f6\u011frenci H\u00fcseyin Ruso\u2019nun ya\u015fam \u00f6yk\u00fcs\u00fcn\u00fc okudu.<\/p>\n<p>Cumhurba\u015fkan\u0131 Ersin Tatar, Cumhuriyet Meclisi Ba\u015fkan\u0131 Ziya \u00d6zt\u00fcrkler, sivil toplum \u00f6rg\u00fct\u00fc kurum, kurulu\u015f temsilcileri, askeri erkan, \u00f6\u011frencilerin kat\u0131ld\u0131\u011f\u0131 t\u00f6rende, Cumhurba\u015fkan\u0131 Ersin Tatar ve Ruso ailesi ad\u0131na Kemal Ruso konu\u015fma yapt\u0131.<\/p>\n<p>-Tatar<\/p>\n<p>Cumhurba\u015fkan\u0131 Ersin Tatar, \u015eehit H\u00fcseyin Ruso\u2019nun, sportmen ki\u015fili\u011fi, k\u00fclt\u00fcrl\u00fc duru\u015fu, cesur ve d\u00fcr\u00fcst ki\u015fili\u011fiyle \u00f6rnek bir ki\u015filik ve K\u0131br\u0131s T\u00fcrk halk\u0131n\u0131n verdi\u011fi m\u00fccadelenin bir sembol\u00fc oldu\u011funu belirtti.<\/p>\n<p>K\u0131br\u0131s T\u00fcrk halk\u0131n\u0131n m\u00fccadelesinin unutulmayaca\u011f\u0131n\u0131 s\u00f6yleyen Tatar, \u201cKKTC\u2019ye g\u00f6zbebe\u011fimiz gibi bakmal\u0131, ilelebet ya\u015fatmal\u0131y\u0131z\u201d dedi.<\/p>\n<p> \u201cBiz anla\u015fma istiyoruz. KKTC devleti, egemenli\u011fimiz, ba\u011f\u0131ms\u0131zl\u0131\u011f\u0131m\u0131z, onurlu ya\u015fam\u0131m\u0131z bu anla\u015fman\u0131n bir par\u00e7as\u0131 olmal\u0131d\u0131r\u201d diyen Cumhurba\u015fkan\u0131 Tatar, bunlar olmazsa anla\u015fman\u0131n s\u00fcrd\u00fcr\u00fclebilir olmayaca\u011f\u0131n\u0131 belirtti.<\/p>\n<p>Tatar, milli m\u00fccadeleyi gelecek nesillere ta\u015f\u0131man\u0131n \u00f6nemine vurgu yapt\u0131.<\/p>\n<p>-Ruso<\/p>\n<p>\u015eehit H\u00fcseyin Ruso\u2019nun ailesi ad\u0131na konu\u015fan Kemal Ruso, K\u00fc\u00e7\u00fck Kaymakl\u0131 \u015fehitleri aras\u0131nda hala kay\u0131p olan \u015fehitler oldu\u011funu s\u00f6yleyerek, kay\u0131plar\u0131n bir an \u00f6nce bulunarak, K\u00fc\u00e7\u00fck Kaymakl\u0131 \u015eehitli\u011fi\u2019nde huzur bulmalar\u0131 temennisini dile getirdi.<\/p>\n<p>Kemal Ruso, H\u00fcseyin Ruso\u2019nun bir idealin temsilcisi oldu\u011funu, do\u011fup b\u00fcy\u00fcd\u00fc\u011f\u00fc topraklar i\u00e7in seve seve ya\u015fam\u0131n\u0131 feda etti\u011fini belirtti.<\/p>\n<p>Kay\u0131p olan \u015eehit H\u00fcseyin Ruso\u2019nun, Kay\u0131p \u015eah\u0131slar Komitesi\u2019nin Tekke Bah\u00e7esi\u2019nde yapt\u0131\u011f\u0131 kaz\u0131larda bulundu\u011funu an\u0131msatan Kemal Ruso, bug\u00fcn huzur i\u00e7inde yatt\u0131\u011f\u0131 ger\u00e7ek mezar\u0131na defnedilmesinde katk\u0131s\u0131 olan herkese te\u015fekk\u00fcr etti.<\/p>\n<p>Ruso, \u201cBundan sona bizlere, futbol kul\u00fcb\u00fcne, okula d\u00fc\u015fen g\u00f6rev, onun kahramanl\u0131k ve ideallerini, cesaretini, vatanseverli\u011fini, d\u00fcr\u00fcst ki\u015fili\u011fini gelecek nesillere aktarmak olmal\u0131d\u0131r\u201d dedi.<\/p>\n<\/p><\/div>\n<p><script async\n                    defer\n                    crossorigin=\"anonymous\"\n                    src=\"https:\/\/connect.facebook.net\/tr_TR\/sdk.js#xfbml=1&#038;version=v3.3\"\n            ><\/script><br \/>\n<br \/><br \/>\n<br \/><a href=\"https:\/\/brtk.net\/sehit-huseyin-ruso-torenle-anildi\/\">Kaynak BRT <\/a><\/p>\n","protected":false},"excerpt":{"rendered":"<p>K\u0131br\u0131s T\u00fcrk\u00fc\u2019n\u00fcn varolu\u015f m\u00fccadelesinin ve K\u00fc\u00e7\u00fck Kaymakl\u0131\u2019n\u0131n simge isimlerinden \u015eehit H\u00fcseyin Ruso i\u00e7in bug\u00fcn an\u0131tmezar\u0131nda t\u00f6ren d\u00fczenlendi. Anma t\u00f6reni, an\u0131ta \u00e7elenklerin sunulmas\u0131yla ba\u015flad\u0131, ard\u0131ndan sayg\u0131 duru\u015fu ve \u0130stiklal Mar\u015f\u0131 ile bayraklar g\u00f6ndere \u00e7ekildi. T\u00f6rende, \u015fiirin ard\u0131ndan \u015eehit H\u00fcseyin Ruso Ortaokulundan bir \u00f6\u011frenci H\u00fcseyin Ruso\u2019nun ya\u015fam \u00f6yk\u00fcs\u00fcn\u00fc okudu. Cumhurba\u015fkan\u0131 Ersin Tatar, Cumhuriyet Meclisi Ba\u015fkan\u0131 Ziya \u00d6zt\u00fcrkler, [&hellip;]<\/p>\n","protected":false},"author":908,"featured_media":14987,"comment_status":"open","ping_status":"open","sticky":false,"template":"","format":"standard","meta":{"_jetpack_memberships_contains_paid_content":false,"footnotes":"","jetpack_publicize_message":"","jetpack_publicize_feature_enabled":true,"jetpack_social_post_already_shared":true,"jetpack_social_options":{"image_generator_settings":{"template":"highway","default_image_id":0,"font":"","enabled":false},"version":2}},"categories":[253],"tags":[],"class_list":["post-14986","post","type-post","status-publish","format-standard","has-post-thumbnail","hentry","category-gundem"],"jetpack_publicize_connections":[],"jetpack_featured_media_url":"https:\/\/kibrisayna.com\/wp-content\/uploads\/2024\/12\/asjkdla.jpg","jetpack_sharing_enabled":true,"_links":{"self":[{"href":"https:\/\/kibrisayna.com\/index.php\/wp-json\/wp\/v2\/posts\/14986","targetHints":{"allow":["GET"]}}],"collection":[{"href":"https:\/\/kibrisayna.com\/index.php\/wp-json\/wp\/v2\/posts"}],"about":[{"href":"https:\/\/kibrisayna.com\/index.php\/wp-json\/wp\/v2\/types\/post"}],"author":[{"embeddable":true,"href":"https:\/\/kibrisayna.com\/index.php\/wp-json\/wp\/v2\/users\/908"}],"replies":[{"embeddable":true,"href":"https:\/\/kibrisayna.com\/index.php\/wp-json\/wp\/v2\/comments?post=14986"}],"version-history":[{"count":0,"href":"https:\/\/kibrisayna.com\/index.php\/wp-json\/wp\/v2\/posts\/14986\/revisions"}],"wp:featuredmedia":[{"embeddable":true,"href":"https:\/\/kibrisayna.com\/index.php\/wp-json\/wp\/v2\/media\/14987"}],"wp:attachment":[{"href":"https:\/\/kibrisayna.com\/index.php\/wp-json\/wp\/v2\/media?parent=14986"}],"wp:term":[{"taxonomy":"category","embeddable":true,"href":"https:\/\/kibrisayna.com\/index.php\/wp-json\/wp\/v2\/categories?post=14986"},{"taxonomy":"post_tag","embeddable":true,"href":"https:\/\/kibrisayna.com\/index.php\/wp-json\/wp\/v2\/tags?post=14986"}],"curies":[{"name":"wp","href":"https:\/\/api.w.org\/{rel}","templated":true}]}}