{"id":14976,"date":"2024-12-25T12:45:35","date_gmt":"2024-12-25T09:45:35","guid":{"rendered":"https:\/\/kibrisayna.com\/index.php\/2024\/12\/25\/disisleri-bakani-tahsin-ertugruloglu-brtnin-kurulus-yil-donumunu-kutladi-brtk\/"},"modified":"2024-12-25T12:45:35","modified_gmt":"2024-12-25T09:45:35","slug":"disisleri-bakani-tahsin-ertugruloglu-brtnin-kurulus-yil-donumunu-kutladi-brtk","status":"publish","type":"post","link":"https:\/\/kibrisayna.com\/index.php\/2024\/12\/25\/disisleri-bakani-tahsin-ertugruloglu-brtnin-kurulus-yil-donumunu-kutladi-brtk\/","title":{"rendered":"D\u0131\u015fi\u015fleri Bakan\u0131 Tahsin Ertu\u011frulo\u011flu, BRT\u2019nin kurulu\u015f y\u0131l d\u00f6n\u00fcm\u00fcn\u00fc kutlad\u0131 \u2013 BRTK"},"content":{"rendered":"<p> <br \/>\n<\/p>\n<div>\n<div class=\"mariselle-image-container center\">\n                <img loading=\"lazy\" decoding=\"async\" width=\"1266\" height=\"711\" class=\"lazy-image\" alt=\"\" sizes=\"auto, (max-width: 1266px) 100vw, 1266px\" src=\"https:\/\/brtk.net\/wp-content\/uploads\/2024\/12\/25\/1735115139589TAHSIN-BEY.jpg?ver=8218c86a4e67733cc2243b5d5822b747\" srcset=\"https:\/\/brtk.net\/wp-content\/uploads\/2024\/12\/25\/1735115139589TAHSIN-BEY.jpg?ver=8218c86a4e67733cc2243b5d5822b747 1266w, https:\/\/brtk.net\/wp-content\/uploads\/2024\/12\/25\/1735115139589TAHSIN-BEY-300x168.jpg?ver=6b2340da26052421227f04beb4c59a6c 300w, https:\/\/brtk.net\/wp-content\/uploads\/2024\/12\/25\/1735115139589TAHSIN-BEY-1024x575.jpg?ver=6b2340da26052421227f04beb4c59a6c 1024w, https:\/\/brtk.net\/wp-content\/uploads\/2024\/12\/25\/1735115139589TAHSIN-BEY-768x431.jpg?ver=6b2340da26052421227f04beb4c59a6c 768w\"\/>                            <\/div>\n<p>\nD\u0131\u015fi\u015fleri Bakan\u0131 Tahsin Ertu\u011frulo\u011flu, BRT\u2019nin kurulu\u015f y\u0131l d\u00f6n\u00fcm\u00fcn\u00fc kutlad\u0131.<\/p>\n<p>Ertu\u011frulo\u011flu, ola\u011fan\u00fcst\u00fc ko\u015fullarda k\u0131t imkanlarla yay\u0131nlar\u0131na ba\u015flayan Bayrak Radyosu\u2019nun (BRTK) 61. kurulu\u015f y\u0131l d\u00f6n\u00fcm\u00fcn\u00fc tebrik etti\u011fini belirterek. \u201cK\u0131br\u0131s T\u00fcrk\u00fc\u2019n\u00fcn sesi olmay\u0131 s\u00fcrd\u00fcren BRTK\u2019n\u0131n bug\u00fcnlere gelmesinde eme\u011fi olanlar\u0131 minnetle selaml\u0131yorum, hayatta olmayanlar\u0131 rahmetle an\u0131yorum\u201d dedi.<\/p>\n<p>Ertu\u011frulo\u011flu, BRTK\u2019n\u0131n, 61 y\u0131l \u00f6nce \u201cK\u0131br\u0131s T\u00fcrk M\u00fccahidinin Sesi\u201d misyonuyla ba\u015flad\u0131\u011f\u0131 yay\u0131nlar\u0131n\u0131n ba\u015far\u0131yla devam\u0131n\u0131 diledi.<\/p>\n<\/p><\/div>\n<p><script async\n                    defer\n                    crossorigin=\"anonymous\"\n                    src=\"https:\/\/connect.facebook.net\/tr_TR\/sdk.js#xfbml=1&#038;version=v3.3\"\n            ><\/script><br \/>\n<br \/><br \/>\n<br \/><a href=\"https:\/\/brtk.net\/disisleri-bakani-tahsin-ertugruloglu-brtnin-kurulus-yil-donumunu-kutladi\/\">Kaynak BRT <\/a><\/p>\n","protected":false},"excerpt":{"rendered":"<p>D\u0131\u015fi\u015fleri Bakan\u0131 Tahsin Ertu\u011frulo\u011flu, BRT\u2019nin kurulu\u015f y\u0131l d\u00f6n\u00fcm\u00fcn\u00fc kutlad\u0131. Ertu\u011frulo\u011flu, ola\u011fan\u00fcst\u00fc ko\u015fullarda k\u0131t imkanlarla yay\u0131nlar\u0131na ba\u015flayan Bayrak Radyosu\u2019nun (BRTK) 61. kurulu\u015f y\u0131l d\u00f6n\u00fcm\u00fcn\u00fc tebrik etti\u011fini belirterek. \u201cK\u0131br\u0131s T\u00fcrk\u00fc\u2019n\u00fcn sesi olmay\u0131 s\u00fcrd\u00fcren BRTK\u2019n\u0131n bug\u00fcnlere gelmesinde eme\u011fi olanlar\u0131 minnetle selaml\u0131yorum, hayatta olmayanlar\u0131 rahmetle an\u0131yorum\u201d dedi. Ertu\u011frulo\u011flu, BRTK\u2019n\u0131n, 61 y\u0131l \u00f6nce \u201cK\u0131br\u0131s T\u00fcrk M\u00fccahidinin Sesi\u201d misyonuyla ba\u015flad\u0131\u011f\u0131 yay\u0131nlar\u0131n\u0131n [&hellip;]<\/p>\n","protected":false},"author":908,"featured_media":14977,"comment_status":"open","ping_status":"open","sticky":false,"template":"","format":"standard","meta":{"_jetpack_memberships_contains_paid_content":false,"footnotes":"","jetpack_publicize_message":"","jetpack_publicize_feature_enabled":true,"jetpack_social_post_already_shared":true,"jetpack_social_options":{"image_generator_settings":{"template":"highway","default_image_id":0,"font":"","enabled":false},"version":2}},"categories":[253],"tags":[],"class_list":["post-14976","post","type-post","status-publish","format-standard","has-post-thumbnail","hentry","category-gundem"],"jetpack_publicize_connections":[],"jetpack_featured_media_url":"https:\/\/kibrisayna.com\/wp-content\/uploads\/2024\/12\/1735115139589TAHSIN-BEY.jpg","jetpack_sharing_enabled":true,"_links":{"self":[{"href":"https:\/\/kibrisayna.com\/index.php\/wp-json\/wp\/v2\/posts\/14976","targetHints":{"allow":["GET"]}}],"collection":[{"href":"https:\/\/kibrisayna.com\/index.php\/wp-json\/wp\/v2\/posts"}],"about":[{"href":"https:\/\/kibrisayna.com\/index.php\/wp-json\/wp\/v2\/types\/post"}],"author":[{"embeddable":true,"href":"https:\/\/kibrisayna.com\/index.php\/wp-json\/wp\/v2\/users\/908"}],"replies":[{"embeddable":true,"href":"https:\/\/kibrisayna.com\/index.php\/wp-json\/wp\/v2\/comments?post=14976"}],"version-history":[{"count":0,"href":"https:\/\/kibrisayna.com\/index.php\/wp-json\/wp\/v2\/posts\/14976\/revisions"}],"wp:featuredmedia":[{"embeddable":true,"href":"https:\/\/kibrisayna.com\/index.php\/wp-json\/wp\/v2\/media\/14977"}],"wp:attachment":[{"href":"https:\/\/kibrisayna.com\/index.php\/wp-json\/wp\/v2\/media?parent=14976"}],"wp:term":[{"taxonomy":"category","embeddable":true,"href":"https:\/\/kibrisayna.com\/index.php\/wp-json\/wp\/v2\/categories?post=14976"},{"taxonomy":"post_tag","embeddable":true,"href":"https:\/\/kibrisayna.com\/index.php\/wp-json\/wp\/v2\/tags?post=14976"}],"curies":[{"name":"wp","href":"https:\/\/api.w.org\/{rel}","templated":true}]}}