{"id":14972,"date":"2024-12-25T12:39:57","date_gmt":"2024-12-25T09:39:57","guid":{"rendered":"https:\/\/kibrisayna.com\/index.php\/2024\/12\/25\/yarin-oglene-kadar-kuvvetli-yagis-ve-ruzgar-uyarisi-brtk\/"},"modified":"2024-12-25T12:39:57","modified_gmt":"2024-12-25T09:39:57","slug":"yarin-oglene-kadar-kuvvetli-yagis-ve-ruzgar-uyarisi-brtk","status":"publish","type":"post","link":"https:\/\/kibrisayna.com\/index.php\/2024\/12\/25\/yarin-oglene-kadar-kuvvetli-yagis-ve-ruzgar-uyarisi-brtk\/","title":{"rendered":"Yar\u0131n \u00f6\u011flene kadar kuvvetli ya\u011f\u0131\u015f ve r\u00fczgar uyar\u0131s\u0131\u2026 \u2013 BRTK"},"content":{"rendered":"<p> <br \/>\n<\/p>\n<div>\n<div class=\"mariselle-image-container center\">\n                <img loading=\"lazy\" decoding=\"async\" width=\"1140\" height=\"815\" class=\"lazy-image\" alt=\"\" sizes=\"auto, (max-width: 1140px) 100vw, 1140px\" src=\"https:\/\/brtk.net\/wp-content\/uploads\/2024\/12\/25\/1735119127014yagis.jpg?ver=48607cbb7cc85e9c9488f5953fb3965e\" srcset=\"https:\/\/brtk.net\/wp-content\/uploads\/2024\/12\/25\/1735119127014yagis.jpg?ver=48607cbb7cc85e9c9488f5953fb3965e 1140w, https:\/\/brtk.net\/wp-content\/uploads\/2024\/12\/25\/1735119127014yagis-300x214.jpg?ver=a7a10b7435b98bb1bc01097e4de51e77 300w, https:\/\/brtk.net\/wp-content\/uploads\/2024\/12\/25\/1735119127014yagis-1024x732.jpg?ver=a7a10b7435b98bb1bc01097e4de51e77 1024w, https:\/\/brtk.net\/wp-content\/uploads\/2024\/12\/25\/1735119127014yagis-768x549.jpg?ver=a7a10b7435b98bb1bc01097e4de51e77 768w\"\/>                            <\/div>\n<p>\nMeteoroloji Dairesi yar\u0131n \u00f6\u011flene kadar yer yer kuvvetli ya\u011f\u0131\u015f ve r\u00fczgar uyar\u0131s\u0131nda bulundu.<\/p>\n<p> Daireden yap\u0131lan a\u00e7\u0131klamada, yar\u0131n 12:00\u2019a kadar yer yer kuvvetli sa\u011fanak ve r\u00fczgar beklendi\u011fi, tedbirli olunmas\u0131 gerekti\u011fi uyar\u0131s\u0131 yap\u0131ld\u0131.<\/p>\n<p> Yer yer metrekareye 21-50 kilogram ya\u011f\u0131\u015f beklendi\u011fi, r\u00fczgar\u0131n h\u0131z\u0131n\u0131n ise saatte 39-49 kilometre, zaman zaman 62-74 kilometreye \u00e7\u0131kabilece\u011fi belirtildi.<\/p>\n<p> Ya\u015fanabilecek sel, ta\u015fk\u0131n, dolu ya\u011f\u0131\u015f\u0131, y\u0131ld\u0131r\u0131m d\u00fc\u015fmesi gibi olaylara kar\u015f\u0131 tedbir al\u0131nmas\u0131 tavsiye edildi.<\/p>\n<\/p><\/div>\n<p><script async\n                    defer\n                    crossorigin=\"anonymous\"\n                    src=\"https:\/\/connect.facebook.net\/tr_TR\/sdk.js#xfbml=1&#038;version=v3.3\"\n            ><\/script><br \/>\n<br \/><br \/>\n<br \/><a href=\"https:\/\/brtk.net\/yarin-oglene-kadar-kuvvetli-yagis-ve-ruzgar-uyarisi\/\">Kaynak BRT <\/a><\/p>\n","protected":false},"excerpt":{"rendered":"<p>Meteoroloji Dairesi yar\u0131n \u00f6\u011flene kadar yer yer kuvvetli ya\u011f\u0131\u015f ve r\u00fczgar uyar\u0131s\u0131nda bulundu. Daireden yap\u0131lan a\u00e7\u0131klamada, yar\u0131n 12:00\u2019a kadar yer yer kuvvetli sa\u011fanak ve r\u00fczgar beklendi\u011fi, tedbirli olunmas\u0131 gerekti\u011fi uyar\u0131s\u0131 yap\u0131ld\u0131. Yer yer metrekareye 21-50 kilogram ya\u011f\u0131\u015f beklendi\u011fi, r\u00fczgar\u0131n h\u0131z\u0131n\u0131n ise saatte 39-49 kilometre, zaman zaman 62-74 kilometreye \u00e7\u0131kabilece\u011fi belirtildi. Ya\u015fanabilecek sel, ta\u015fk\u0131n, dolu ya\u011f\u0131\u015f\u0131, [&hellip;]<\/p>\n","protected":false},"author":908,"featured_media":14973,"comment_status":"open","ping_status":"open","sticky":false,"template":"","format":"standard","meta":{"_jetpack_memberships_contains_paid_content":false,"footnotes":"","jetpack_publicize_message":"","jetpack_publicize_feature_enabled":true,"jetpack_social_post_already_shared":true,"jetpack_social_options":{"image_generator_settings":{"template":"highway","default_image_id":0,"font":"","enabled":false},"version":2}},"categories":[253],"tags":[],"class_list":["post-14972","post","type-post","status-publish","format-standard","has-post-thumbnail","hentry","category-gundem"],"jetpack_publicize_connections":[],"jetpack_featured_media_url":"https:\/\/kibrisayna.com\/wp-content\/uploads\/2024\/12\/1735119127014yagis.jpg","jetpack_sharing_enabled":true,"_links":{"self":[{"href":"https:\/\/kibrisayna.com\/index.php\/wp-json\/wp\/v2\/posts\/14972","targetHints":{"allow":["GET"]}}],"collection":[{"href":"https:\/\/kibrisayna.com\/index.php\/wp-json\/wp\/v2\/posts"}],"about":[{"href":"https:\/\/kibrisayna.com\/index.php\/wp-json\/wp\/v2\/types\/post"}],"author":[{"embeddable":true,"href":"https:\/\/kibrisayna.com\/index.php\/wp-json\/wp\/v2\/users\/908"}],"replies":[{"embeddable":true,"href":"https:\/\/kibrisayna.com\/index.php\/wp-json\/wp\/v2\/comments?post=14972"}],"version-history":[{"count":0,"href":"https:\/\/kibrisayna.com\/index.php\/wp-json\/wp\/v2\/posts\/14972\/revisions"}],"wp:featuredmedia":[{"embeddable":true,"href":"https:\/\/kibrisayna.com\/index.php\/wp-json\/wp\/v2\/media\/14973"}],"wp:attachment":[{"href":"https:\/\/kibrisayna.com\/index.php\/wp-json\/wp\/v2\/media?parent=14972"}],"wp:term":[{"taxonomy":"category","embeddable":true,"href":"https:\/\/kibrisayna.com\/index.php\/wp-json\/wp\/v2\/categories?post=14972"},{"taxonomy":"post_tag","embeddable":true,"href":"https:\/\/kibrisayna.com\/index.php\/wp-json\/wp\/v2\/tags?post=14972"}],"curies":[{"name":"wp","href":"https:\/\/api.w.org\/{rel}","templated":true}]}}