{"id":14969,"date":"2024-12-25T11:17:31","date_gmt":"2024-12-25T08:17:31","guid":{"rendered":"https:\/\/kibrisayna.com\/index.php\/2024\/12\/25\/tarim-ve-dogal-kaynaklar-bakani-cavus-brtknin-61inci-kurulus-yildonumu-dolayisi-ile-mesaj-yayimladi-brtk\/"},"modified":"2024-12-25T11:17:31","modified_gmt":"2024-12-25T08:17:31","slug":"tarim-ve-dogal-kaynaklar-bakani-cavus-brtknin-61inci-kurulus-yildonumu-dolayisi-ile-mesaj-yayimladi-brtk","status":"publish","type":"post","link":"https:\/\/kibrisayna.com\/index.php\/2024\/12\/25\/tarim-ve-dogal-kaynaklar-bakani-cavus-brtknin-61inci-kurulus-yildonumu-dolayisi-ile-mesaj-yayimladi-brtk\/","title":{"rendered":"Tar\u0131m ve Do\u011fal Kaynaklar Bakan\u0131 \u00c7avu\u015f BRTK\u2019n\u0131n 61\u2019inci kurulu\u015f y\u0131ld\u00f6n\u00fcm\u00fc dolay\u0131s\u0131 ile mesaj yay\u0131mlad\u0131 \u2013 BRTK"},"content":{"rendered":"<p> <br \/>\n<\/p>\n<div>\n<div class=\"mariselle-image-container center\">\n                <img loading=\"lazy\" decoding=\"async\" width=\"2560\" height=\"1709\" class=\"lazy-image\" alt=\"\" sizes=\"auto, (max-width: 2560px) 100vw, 2560px\" src=\"https:\/\/brtk.net\/wp-content\/uploads\/2024\/01\/16\/kelle-34-scaled.jpg?ver=cd0f979832df7dd483cad3eb9797fc14\" srcset=\"https:\/\/brtk.net\/wp-content\/uploads\/2024\/01\/16\/kelle-34-scaled.jpg?ver=cd0f979832df7dd483cad3eb9797fc14 2560w, https:\/\/brtk.net\/wp-content\/uploads\/2024\/01\/16\/kelle-34-300x200.jpg?ver=5bede8a3cada2e2e030703fb0cfe01d0 300w, https:\/\/brtk.net\/wp-content\/uploads\/2024\/01\/16\/kelle-34-1024x684.jpg?ver=9ef640804e140a9eda08932fffc8023e 1024w, https:\/\/brtk.net\/wp-content\/uploads\/2024\/01\/16\/kelle-34-768x513.jpg?ver=47f9845d3a77b99254fb1536fff1bb06 768w, https:\/\/brtk.net\/wp-content\/uploads\/2024\/01\/16\/kelle-34-1536x1025.jpg?ver=c4e78ed21af821f42b6c77c776583f0b 1536w, https:\/\/brtk.net\/wp-content\/uploads\/2024\/01\/16\/kelle-34-2048x1367.jpg?ver=0afcad0c20059b135625e4e3c6ddad5a 2048w\"\/>                            <\/div>\n<p>Tar\u0131m ve Do\u011fal Kaynaklar Bakan\u0131 H\u00fcseyin \u00c7avu\u015f Bayrak Radyo Televizyon Kurumu\u2019nun 61\u2019inci kurulu\u015f y\u0131ld\u00f6n\u00fcm\u00fc dolay\u0131s\u0131 ile mesaj yay\u0131mlad\u0131.<\/p>\n<p>\u00c7avu mesaj\u0131nda, \u201cKuzey K\u0131br\u0131s T\u00fcrk halk\u0131n\u0131n sesi, g\u00f6z\u00fc ve kula\u011f\u0131 olan Bayrak Radyo Televizyon Kurumu\u2019nun 61. kurulu\u015f y\u0131l d\u00f6n\u00fcm\u00fcn\u00fc kutlaman\u0131n gururunu ya\u015f\u0131yoruz.<br \/>25 Aral\u0131k 1963 tarihinde \u201cBayrak\u2026 Bayrak\u2026 Bayrak\u201d anonslar\u0131yla yay\u0131n hayat\u0131na ba\u015flayan Bayrak Radyosu, K\u0131br\u0131s T\u00fcrk halk\u0131n\u0131n hakl\u0131 davas\u0131n\u0131 duyurmak amac\u0131yla \u00e7\u0131kt\u0131\u011f\u0131 bu yolda, K\u0131br\u0131s T\u00fcrk halk\u0131n\u0131n var olu\u015f m\u00fccadelesinde birlik ve beraberlik i\u00e7erisinde kalmas\u0131na \u00f6nemli katk\u0131lar sa\u011flam\u0131\u015ft\u0131r. O d\u00f6nemde halk\u0131n sesi olan bu radyo, bug\u00fcn Bayrak Radyo Televizyon Kurumu \u00e7at\u0131s\u0131 alt\u0131nda, ayn\u0131 kararl\u0131l\u0131k ve do\u011fru habercilik anlay\u0131\u015f\u0131yla halk\u0131n g\u00fcvenini kazanmay\u0131 ba\u015farm\u0131\u015ft\u0131r.<br \/>BRTK, kuruldu\u011fu g\u00fcnden bu yana K\u0131br\u0131s T\u00fcrk halk\u0131n\u0131n k\u00fclt\u00fcr\u00fcn\u00fc, tarihini ve de\u011ferlerini gelecek nesillere aktarma g\u00f6revini ba\u015far\u0131yla yerine getirmi\u015ftir. \u00c7a\u011f\u0131n gereklerine uygun \u015fekilde geli\u015fimini s\u00fcrd\u00fcren ve teknolojik yeniliklerle kendini s\u00fcrekli yenileyen kurum, tarafs\u0131z yay\u0131nc\u0131l\u0131\u011f\u0131yla topluma hizmet etmeye devam etmektedir.<br \/>Bu vesileyle, BRTK\u2019n\u0131n kurulu\u015fundan bug\u00fcne emek veren, katk\u0131 sa\u011flayan ve aram\u0131zdan ayr\u0131lan t\u00fcm \u00e7al\u0131\u015fanlar\u0131n\u0131 ve y\u00f6neticilerini sayg\u0131yla an\u0131yor; halen bu g\u00f6revi s\u00fcrd\u00fcren ekip \u00fcyelerini y\u00fcrekten tebrik ediyorum. Halk\u0131m\u0131z\u0131 bilgilendirmek, ayd\u0131nlatmak ve birle\u015ftirmek ad\u0131na \u00f6zveriyle \u00e7al\u0131\u015fan BRTK ailesine te\u015fekk\u00fcr eder, ba\u015far\u0131lar\u0131n\u0131n devam\u0131n\u0131 dilerim.\u201d dedi.<\/p>\n<\/p><\/div>\n<p><script async\n                    defer\n                    crossorigin=\"anonymous\"\n                    src=\"https:\/\/connect.facebook.net\/tr_TR\/sdk.js#xfbml=1&#038;version=v3.3\"\n            ><\/script><br \/>\n<br \/><br \/>\n<br \/><a href=\"https:\/\/brtk.net\/tarim-ve-dogal-kaynaklar-bakani-cavus-brtknin-61inci-kurulus-yildonumu-dolayisi-ile-mesaj-yayimladi\/\">Kaynak BRT <\/a><\/p>\n","protected":false},"excerpt":{"rendered":"<p>Tar\u0131m ve Do\u011fal Kaynaklar Bakan\u0131 H\u00fcseyin \u00c7avu\u015f Bayrak Radyo Televizyon Kurumu\u2019nun 61\u2019inci kurulu\u015f y\u0131ld\u00f6n\u00fcm\u00fc dolay\u0131s\u0131 ile mesaj yay\u0131mlad\u0131. \u00c7avu mesaj\u0131nda, \u201cKuzey K\u0131br\u0131s T\u00fcrk halk\u0131n\u0131n sesi, g\u00f6z\u00fc ve kula\u011f\u0131 olan Bayrak Radyo Televizyon Kurumu\u2019nun 61. kurulu\u015f y\u0131l d\u00f6n\u00fcm\u00fcn\u00fc kutlaman\u0131n gururunu ya\u015f\u0131yoruz.25 Aral\u0131k 1963 tarihinde \u201cBayrak\u2026 Bayrak\u2026 Bayrak\u201d anonslar\u0131yla yay\u0131n hayat\u0131na ba\u015flayan Bayrak Radyosu, K\u0131br\u0131s T\u00fcrk halk\u0131n\u0131n [&hellip;]<\/p>\n","protected":false},"author":908,"featured_media":2321,"comment_status":"open","ping_status":"open","sticky":false,"template":"","format":"standard","meta":{"_jetpack_memberships_contains_paid_content":false,"footnotes":"","jetpack_publicize_message":"","jetpack_publicize_feature_enabled":true,"jetpack_social_post_already_shared":true,"jetpack_social_options":{"image_generator_settings":{"template":"highway","default_image_id":0,"font":"","enabled":false},"version":2}},"categories":[253],"tags":[],"class_list":["post-14969","post","type-post","status-publish","format-standard","has-post-thumbnail","hentry","category-gundem"],"jetpack_publicize_connections":[],"jetpack_featured_media_url":"https:\/\/kibrisayna.com\/wp-content\/uploads\/2024\/08\/kelle-34-scaled.jpg","jetpack_sharing_enabled":true,"_links":{"self":[{"href":"https:\/\/kibrisayna.com\/index.php\/wp-json\/wp\/v2\/posts\/14969","targetHints":{"allow":["GET"]}}],"collection":[{"href":"https:\/\/kibrisayna.com\/index.php\/wp-json\/wp\/v2\/posts"}],"about":[{"href":"https:\/\/kibrisayna.com\/index.php\/wp-json\/wp\/v2\/types\/post"}],"author":[{"embeddable":true,"href":"https:\/\/kibrisayna.com\/index.php\/wp-json\/wp\/v2\/users\/908"}],"replies":[{"embeddable":true,"href":"https:\/\/kibrisayna.com\/index.php\/wp-json\/wp\/v2\/comments?post=14969"}],"version-history":[{"count":0,"href":"https:\/\/kibrisayna.com\/index.php\/wp-json\/wp\/v2\/posts\/14969\/revisions"}],"wp:featuredmedia":[{"embeddable":true,"href":"https:\/\/kibrisayna.com\/index.php\/wp-json\/wp\/v2\/media\/2321"}],"wp:attachment":[{"href":"https:\/\/kibrisayna.com\/index.php\/wp-json\/wp\/v2\/media?parent=14969"}],"wp:term":[{"taxonomy":"category","embeddable":true,"href":"https:\/\/kibrisayna.com\/index.php\/wp-json\/wp\/v2\/categories?post=14969"},{"taxonomy":"post_tag","embeddable":true,"href":"https:\/\/kibrisayna.com\/index.php\/wp-json\/wp\/v2\/tags?post=14969"}],"curies":[{"name":"wp","href":"https:\/\/api.w.org\/{rel}","templated":true}]}}