{"id":14959,"date":"2024-12-25T03:24:26","date_gmt":"2024-12-25T00:24:26","guid":{"rendered":"https:\/\/kibrisayna.com\/index.php\/2024\/12\/25\/brtk-yonetim-kurulu-baskani-tokel-brtknin-61-kurulus-yildonumunu-kutladi-brtk\/"},"modified":"2024-12-25T03:24:26","modified_gmt":"2024-12-25T00:24:26","slug":"brtk-yonetim-kurulu-baskani-tokel-brtknin-61-kurulus-yildonumunu-kutladi-brtk","status":"publish","type":"post","link":"https:\/\/kibrisayna.com\/index.php\/2024\/12\/25\/brtk-yonetim-kurulu-baskani-tokel-brtknin-61-kurulus-yildonumunu-kutladi-brtk\/","title":{"rendered":"BRTK Y\u00f6netim Kurulu Ba\u015fkan\u0131 Tokel, BRTK\u2019n\u0131n 61. Kurulu\u015f y\u0131ld\u00f6n\u00fcm\u00fcn\u00fc kutlad\u0131 \u2013 BRTK"},"content":{"rendered":"<p> <br \/>\n<\/p>\n<div>\n<div class=\"mariselle-image-container center\">\n                <img loading=\"lazy\" decoding=\"async\" width=\"2560\" height=\"1593\" class=\"lazy-image\" alt=\"\" sizes=\"auto, (max-width: 2560px) 100vw, 2560px\" src=\"https:\/\/brtk.net\/wp-content\/uploads\/2024\/11\/28\/ozdemir-tokel-scaled.jpg?ver=eda36d96098925f810badb830efc7f06\" srcset=\"https:\/\/brtk.net\/wp-content\/uploads\/2024\/11\/28\/ozdemir-tokel-scaled.jpg?ver=eda36d96098925f810badb830efc7f06 2560w, https:\/\/brtk.net\/wp-content\/uploads\/2024\/11\/28\/ozdemir-tokel-300x187.jpg?ver=eda36d96098925f810badb830efc7f06 300w, https:\/\/brtk.net\/wp-content\/uploads\/2024\/11\/28\/ozdemir-tokel-1024x637.jpg?ver=ba185eb8bf44f668c209a28a8ef03cc7 1024w, https:\/\/brtk.net\/wp-content\/uploads\/2024\/11\/28\/ozdemir-tokel-768x478.jpg?ver=ea8cfc7342ee65e38cb148e04f3b15ab 768w, https:\/\/brtk.net\/wp-content\/uploads\/2024\/11\/28\/ozdemir-tokel-1536x956.jpg?ver=f45ca22d7aa4f3e782bf067275716988 1536w, https:\/\/brtk.net\/wp-content\/uploads\/2024\/11\/28\/ozdemir-tokel-2048x1275.jpg?ver=c352900d431085ccb2218a2f42df4d4b 2048w\"\/>                            <\/div>\n<p>Bayrak Radyo Televizyon Kurumu (BRTK) Y\u00f6netim Kurulu Ba\u015fkan\u0131 \u00d6zdemir Tokel Bayrak Radyo Televizyon Kurumu\u2019n\u0131n 61\u2019inci kurulu\u015f y\u0131ld\u00f6n\u00fcm\u00fc dolay\u0131s\u0131 ile mesaj yay\u0131mlad\u0131.<\/p>\n<p>Tokel mesaj\u0131nda, K\u0131br\u0131s T\u00fcrk Halk\u0131\u2019n\u0131n \u00f6zg\u00fcr ve g\u00fcr sesi olan, g\u00fcn\u00fcm\u00fczde Cumhurba\u015fkanl\u0131\u011f\u0131 Saray\u0131 olarak kullan\u0131lan eski Cumhurba\u015fkanl\u0131\u011f\u0131 Yard\u0131mc\u0131l\u0131\u011f\u0131 Binas\u0131\u2019n\u0131n garaj\u0131ndan 25 Aral\u0131k 1963 g\u00fcn\u00fc yay\u0131lan ve \u201cBayrak, Bayrak, Bayrak, Buras\u0131 K\u0131br\u0131s T\u00fcrk M\u00fccahidinin Sesi\u201d anonsu ile ba\u015flayan destans\u0131 y\u00fcr\u00fcy\u00fc\u015fle, varolu\u015f m\u00fccadelesinin adada ve d\u00fcnyada yank\u0131lanan sesi haline d\u00f6n\u00fc\u015fen Bayrak Radyo Televizyon Kurumu\u2019nun bug\u00fcn 61 ya\u015f\u0131nda odu\u011funu s\u00f6yledi.<\/p>\n<p>\u201cAd\u0131n\u0131, g\u00f6ky\u00fcz\u00fcnde dalgalanan bayraklar\u0131m\u0131zdan alan bu m\u00fcstesna Kurum, 61 y\u0131ll\u0131k k\u00f6kl\u00fc ve g\u00fc\u00e7l\u00fc ge\u00e7mi\u015fi ile tarihin kendine y\u00fckledi\u011fi misyona ba\u011fl\u0131 olarak, K\u0131br\u0131s T\u00fcrk kimli\u011finin, k\u00fclt\u00fcr\u00fcn\u00fcn ve bizi biz yapan t\u00fcm de\u011ferlerin bayrak ta\u015f\u0131y\u0131c\u0131s\u0131 olmaya devam etmi\u015ftir\u201d diyen Tokel, BRTK Y\u00f6netim Kurulu olarak en temel hedeflerinin kurumu, bu k\u00f6kl\u00fc ge\u00e7mi\u015fine g\u00fc\u00e7l\u00fc bir de gelecek eklemek oldu\u011funu vurgulad\u0131.<\/p>\n<p>Mesaj\u0131nda, bu hedef do\u011frultusunda, Kurumun yasal, yap\u0131sal ve teknolojik d\u00f6n\u00fc\u015f\u00fcm\u00fcn\u00fc ger\u00e7ekle\u015ftirebilmesi, g\u00fcvenilir, h\u0131zl\u0131 ve \u00f6zg\u00fcn i\u00e7erikleri ile halk\u0131n sesini ve s\u00f6z\u00fcn\u00fc yeni ileti\u015fim eko-sistemi i\u00e7erisinde bulunan t\u00fcm mecralardan d\u00fcnyaya duyurabilmesi ve etkili bir yay\u0131n kayna\u011f\u0131 olabilmesi ad\u0131na gerekli ad\u0131mlar\u0131 at\u0131klerini\u011f dile getiren Tokel, \u201c\u00c7\u00fcnk\u00fc biliyoruz ki; K\u0131br\u0131s T\u00fcrk Halk\u0131\u2019n\u0131n milli, sosyal ve k\u00fclt\u00fcrel de\u011ferlerini, ulusumuzun hak ve \u00e7\u0131karlar\u0131n\u0131 savunmak, halk\u0131n do\u011fru ve g\u00fcvenilir habere eri\u015fimini sa\u011flamak, kamuoyunu dezenformasyon ve manip\u00fclasyonlara kar\u015f\u0131 koruyarak, devletimiz ve milletimizin sesinin d\u00fcnyaya g\u00fc\u00e7l\u00fc bir \u015fekilde duyurulmas\u0131 ad\u0131na \u00e7a\u011f\u0131 yakalamak ve yeni medya d\u00fczeni i\u00e7erisindeki g\u00fc\u00e7l\u00fc yerimizi almak \u015fartt\u0131r. \u0130nan\u00e7l\u0131y\u0131z, kararl\u0131y\u0131z ve umut doluyuz\u201d dedi.<\/p>\n<p>\u00d6zdemir Tokel, K\u0131br\u0131s T\u00fcrk Halk\u0131\u2019n\u0131n medyadaki \u00f6z\u00fc, g\u00f6z\u00fc, sesi, s\u00f6z\u00fc ve g\u00fcc\u00fc olma misyonunu hep \u00f6nde tutarak, devleti ve halk\u0131 temsil etti\u011fini asla unutmayan, ortak milli, k\u00fclt\u00fcrel ve sosyal de\u011ferlerden \u00f6d\u00fcn vermeyen, g\u00fcndem olan de\u011fil g\u00fcndem yaratan, tepki yaratan de\u011fil etki yaratan, hem g\u00fcndemi izleyen hem de g\u00fcndemi belirleyen, g\u00f6z\u00fc halk\u0131na, y\u00fcz\u00fc d\u00fcnyaya d\u00f6n\u00fck, eri\u015fen ve eri\u015filen, sesi ve s\u00f6z\u00fc her yerde, her platformda duyulan, sayg\u0131 duyan, sayg\u0131 duyulan, halka kap\u0131lar\u0131 a\u00e7\u0131k, halk\u0131n kap\u0131lar\u0131n\u0131 a\u00e7t\u0131\u011f\u0131 BRT\u2019yi g\u00fc\u00e7l\u00fc yar\u0131nlara birlikte ta\u015f\u0131yacaklar\u0131n\u0131 da kaydederek, \u201cBu vesileyle; Kurum\u2019umuzun 61\u2019nci kurulu\u015f y\u0131l d\u00f6n\u00fcm\u00fcn\u00fc \u015fahs\u0131m ve Y\u00f6netim Kurulu\u2019muz ad\u0131na bir kez daha kutluyor, 61 y\u0131ll\u0131k tarihinde Kurum\u2019a emek veren herkese minnet duygular\u0131m\u0131z\u0131 iletiyor, aram\u0131zdan ayr\u0131lanlar\u0131n aziz hat\u0131ralar\u0131 \u00f6n\u00fcnde sayg\u0131 ile e\u011filiyor, BRT\u2019nin t\u00fcm bas\u0131n emek\u00e7ilerine ve y\u00f6neticilerine en derin sevgi ve sayg\u0131lar\u0131m\u0131 sunuyorum\u201d dedi.<\/p>\n<\/p><\/div>\n<p><script async\n                    defer\n                    crossorigin=\"anonymous\"\n                    src=\"https:\/\/connect.facebook.net\/tr_TR\/sdk.js#xfbml=1&#038;version=v3.3\"\n            ><\/script><br \/>\n<br \/><br \/>\n<br \/><a href=\"https:\/\/brtk.net\/brtk-yonetim-kurulu-baskani-tokel-brtknin-61-kurulus-yildonumunu-kutladi\/\">Kaynak BRT <\/a><\/p>\n","protected":false},"excerpt":{"rendered":"<p>Bayrak Radyo Televizyon Kurumu (BRTK) Y\u00f6netim Kurulu Ba\u015fkan\u0131 \u00d6zdemir Tokel Bayrak Radyo Televizyon Kurumu\u2019n\u0131n 61\u2019inci kurulu\u015f y\u0131ld\u00f6n\u00fcm\u00fc dolay\u0131s\u0131 ile mesaj yay\u0131mlad\u0131. Tokel mesaj\u0131nda, K\u0131br\u0131s T\u00fcrk Halk\u0131\u2019n\u0131n \u00f6zg\u00fcr ve g\u00fcr sesi olan, g\u00fcn\u00fcm\u00fczde Cumhurba\u015fkanl\u0131\u011f\u0131 Saray\u0131 olarak kullan\u0131lan eski Cumhurba\u015fkanl\u0131\u011f\u0131 Yard\u0131mc\u0131l\u0131\u011f\u0131 Binas\u0131\u2019n\u0131n garaj\u0131ndan 25 Aral\u0131k 1963 g\u00fcn\u00fc yay\u0131lan ve \u201cBayrak, Bayrak, Bayrak, Buras\u0131 K\u0131br\u0131s T\u00fcrk M\u00fccahidinin Sesi\u201d [&hellip;]<\/p>\n","protected":false},"author":908,"featured_media":14960,"comment_status":"open","ping_status":"open","sticky":false,"template":"","format":"standard","meta":{"_jetpack_memberships_contains_paid_content":false,"footnotes":"","jetpack_publicize_message":"","jetpack_publicize_feature_enabled":true,"jetpack_social_post_already_shared":true,"jetpack_social_options":{"image_generator_settings":{"template":"highway","default_image_id":0,"font":"","enabled":false},"version":2}},"categories":[253],"tags":[],"class_list":["post-14959","post","type-post","status-publish","format-standard","has-post-thumbnail","hentry","category-gundem"],"jetpack_publicize_connections":[],"jetpack_featured_media_url":"https:\/\/kibrisayna.com\/wp-content\/uploads\/2024\/12\/ozdemir-tokel-scaled.jpg","jetpack_sharing_enabled":true,"_links":{"self":[{"href":"https:\/\/kibrisayna.com\/index.php\/wp-json\/wp\/v2\/posts\/14959","targetHints":{"allow":["GET"]}}],"collection":[{"href":"https:\/\/kibrisayna.com\/index.php\/wp-json\/wp\/v2\/posts"}],"about":[{"href":"https:\/\/kibrisayna.com\/index.php\/wp-json\/wp\/v2\/types\/post"}],"author":[{"embeddable":true,"href":"https:\/\/kibrisayna.com\/index.php\/wp-json\/wp\/v2\/users\/908"}],"replies":[{"embeddable":true,"href":"https:\/\/kibrisayna.com\/index.php\/wp-json\/wp\/v2\/comments?post=14959"}],"version-history":[{"count":0,"href":"https:\/\/kibrisayna.com\/index.php\/wp-json\/wp\/v2\/posts\/14959\/revisions"}],"wp:featuredmedia":[{"embeddable":true,"href":"https:\/\/kibrisayna.com\/index.php\/wp-json\/wp\/v2\/media\/14960"}],"wp:attachment":[{"href":"https:\/\/kibrisayna.com\/index.php\/wp-json\/wp\/v2\/media?parent=14959"}],"wp:term":[{"taxonomy":"category","embeddable":true,"href":"https:\/\/kibrisayna.com\/index.php\/wp-json\/wp\/v2\/categories?post=14959"},{"taxonomy":"post_tag","embeddable":true,"href":"https:\/\/kibrisayna.com\/index.php\/wp-json\/wp\/v2\/tags?post=14959"}],"curies":[{"name":"wp","href":"https:\/\/api.w.org\/{rel}","templated":true}]}}