{"id":14951,"date":"2024-12-25T02:56:33","date_gmt":"2024-12-24T23:56:33","guid":{"rendered":"https:\/\/kibrisayna.com\/index.php\/2024\/12\/25\/mucadelemize-devam-edecegiz-brtk\/"},"modified":"2024-12-25T02:56:33","modified_gmt":"2024-12-24T23:56:33","slug":"mucadelemize-devam-edecegiz-brtk","status":"publish","type":"post","link":"https:\/\/kibrisayna.com\/index.php\/2024\/12\/25\/mucadelemize-devam-edecegiz-brtk\/","title":{"rendered":"M\u00fccadelemize devam edece\u011fiz \u2013 BRTK"},"content":{"rendered":"<p> <br \/>\n<\/p>\n<div>\n<div class=\"mariselle-image-container center\">\n                <img loading=\"lazy\" decoding=\"async\" width=\"2560\" height=\"1920\" class=\"lazy-image\" alt=\"\" sizes=\"auto, (max-width: 2560px) 100vw, 2560px\" src=\"https:\/\/brtk.net\/wp-content\/uploads\/2024\/12\/24\/42ebc62a-a2fd-4d8d-9664-8efc313a598c-scaled.jpg?ver=4467c4f98f98e87d9e0e38c3c65f8cf8\" srcset=\"https:\/\/brtk.net\/wp-content\/uploads\/2024\/12\/24\/42ebc62a-a2fd-4d8d-9664-8efc313a598c-scaled.jpg?ver=4467c4f98f98e87d9e0e38c3c65f8cf8 2560w, https:\/\/brtk.net\/wp-content\/uploads\/2024\/12\/24\/42ebc62a-a2fd-4d8d-9664-8efc313a598c-300x225.jpg?ver=695cc8935c1e632e70af98ba6c363fe0 300w, https:\/\/brtk.net\/wp-content\/uploads\/2024\/12\/24\/42ebc62a-a2fd-4d8d-9664-8efc313a598c-1024x768.jpg?ver=392e2f6fe1b8d60e6e8a083ed0df5650 1024w, https:\/\/brtk.net\/wp-content\/uploads\/2024\/12\/24\/42ebc62a-a2fd-4d8d-9664-8efc313a598c-768x576.jpg?ver=392e2f6fe1b8d60e6e8a083ed0df5650 768w, https:\/\/brtk.net\/wp-content\/uploads\/2024\/12\/24\/42ebc62a-a2fd-4d8d-9664-8efc313a598c-1536x1152.jpg?ver=7d6d712eea34cd7ff453466c21366d2e 1536w, https:\/\/brtk.net\/wp-content\/uploads\/2024\/12\/24\/42ebc62a-a2fd-4d8d-9664-8efc313a598c-2048x1536.jpg?ver=fae01f8676cf6e9bf577ca3e0e779251 2048w\"\/>                            <\/div>\n<p>\u015eampiyon Melekleri Ya\u015fatma Derne\u011fi Ba\u015fkan\u0131 Ru\u015fen Karakaya karar sonras\u0131 a\u00e7\u0131klama yapt\u0131.<\/p>\n<p>\u201cBu mahkeme heyeti olas\u0131 kast\u0131 g\u00f6rmediyse bir \u00fcst mahkeme g\u00f6recektir\u201d diye Karakaya \u201cBu karar i\u00e7imizi da\u011flad\u0131\u201d ifadelerine yer verdi.<\/p>\n<p>Karakaya,  \u201cSevdiklerimize bir s\u00f6z verdik, bu s\u00f6z\u00fc de tutaca\u011f\u0131z\u201d dedi. <\/p>\n<p>Karakaya, \u201c\u0130\u00e7imizi da\u011flayan bir karar.\u00c7ocuklar\u0131m\u0131z\u0131, sevdiklerimizi kum y\u0131\u011f\u0131n\u0131n\u0131n alt\u0131ndan ald\u0131k dedik. \u00d6ld\u00fcrd\u00fcn\u00fcz \u00e7ocuklar\u0131m\u0131z\u0131 dedik. Her t\u00fcrl\u00fc ispatlad\u0131k. Biz biliyoruz ki \u00fcst mahkeme bu ger\u00e7ekleri g\u00f6recektir. Bu insanlar g\u00fcn y\u00fcz\u00fc g\u00f6rmeyecekler. Bu katiller emsal olacaklar ve ba\u015fka \u00e7ocuklar\u0131 \u00f6ld\u00fcremeyecekler. M\u00fccadelemize devam edece\u011fiz. Ne gerekiyorsa da yapaca\u011f\u0131z\u201d dedi<\/p>\n<\/p><\/div>\n<p><script async\n                    defer\n                    crossorigin=\"anonymous\"\n                    src=\"https:\/\/connect.facebook.net\/tr_TR\/sdk.js#xfbml=1&#038;version=v3.3\"\n            ><\/script><br \/>\n<br \/><br \/>\n<br \/><a href=\"https:\/\/brtk.net\/karakaya-mucadelemize-devam-edecegiz\/\">Kaynak BRT <\/a><\/p>\n","protected":false},"excerpt":{"rendered":"<p>\u015eampiyon Melekleri Ya\u015fatma Derne\u011fi Ba\u015fkan\u0131 Ru\u015fen Karakaya karar sonras\u0131 a\u00e7\u0131klama yapt\u0131. \u201cBu mahkeme heyeti olas\u0131 kast\u0131 g\u00f6rmediyse bir \u00fcst mahkeme g\u00f6recektir\u201d diye Karakaya \u201cBu karar i\u00e7imizi da\u011flad\u0131\u201d ifadelerine yer verdi. Karakaya, \u201cSevdiklerimize bir s\u00f6z verdik, bu s\u00f6z\u00fc de tutaca\u011f\u0131z\u201d dedi. Karakaya, \u201c\u0130\u00e7imizi da\u011flayan bir karar.\u00c7ocuklar\u0131m\u0131z\u0131, sevdiklerimizi kum y\u0131\u011f\u0131n\u0131n\u0131n alt\u0131ndan ald\u0131k dedik. \u00d6ld\u00fcrd\u00fcn\u00fcz \u00e7ocuklar\u0131m\u0131z\u0131 dedik. Her [&hellip;]<\/p>\n","protected":false},"author":908,"featured_media":14952,"comment_status":"open","ping_status":"open","sticky":false,"template":"","format":"standard","meta":{"_jetpack_memberships_contains_paid_content":false,"footnotes":"","jetpack_publicize_message":"","jetpack_publicize_feature_enabled":true,"jetpack_social_post_already_shared":true,"jetpack_social_options":{"image_generator_settings":{"template":"highway","default_image_id":0,"font":"","enabled":false},"version":2}},"categories":[253],"tags":[],"class_list":["post-14951","post","type-post","status-publish","format-standard","has-post-thumbnail","hentry","category-gundem"],"jetpack_publicize_connections":[],"jetpack_featured_media_url":"https:\/\/kibrisayna.com\/wp-content\/uploads\/2024\/12\/c148db17-7349-4a21-be5d-78a1f7714a44-scaled.jpg","jetpack_sharing_enabled":true,"_links":{"self":[{"href":"https:\/\/kibrisayna.com\/index.php\/wp-json\/wp\/v2\/posts\/14951","targetHints":{"allow":["GET"]}}],"collection":[{"href":"https:\/\/kibrisayna.com\/index.php\/wp-json\/wp\/v2\/posts"}],"about":[{"href":"https:\/\/kibrisayna.com\/index.php\/wp-json\/wp\/v2\/types\/post"}],"author":[{"embeddable":true,"href":"https:\/\/kibrisayna.com\/index.php\/wp-json\/wp\/v2\/users\/908"}],"replies":[{"embeddable":true,"href":"https:\/\/kibrisayna.com\/index.php\/wp-json\/wp\/v2\/comments?post=14951"}],"version-history":[{"count":0,"href":"https:\/\/kibrisayna.com\/index.php\/wp-json\/wp\/v2\/posts\/14951\/revisions"}],"wp:featuredmedia":[{"embeddable":true,"href":"https:\/\/kibrisayna.com\/index.php\/wp-json\/wp\/v2\/media\/14952"}],"wp:attachment":[{"href":"https:\/\/kibrisayna.com\/index.php\/wp-json\/wp\/v2\/media?parent=14951"}],"wp:term":[{"taxonomy":"category","embeddable":true,"href":"https:\/\/kibrisayna.com\/index.php\/wp-json\/wp\/v2\/categories?post=14951"},{"taxonomy":"post_tag","embeddable":true,"href":"https:\/\/kibrisayna.com\/index.php\/wp-json\/wp\/v2\/tags?post=14951"}],"curies":[{"name":"wp","href":"https:\/\/api.w.org\/{rel}","templated":true}]}}