{"id":14949,"date":"2024-12-25T02:41:31","date_gmt":"2024-12-24T23:41:31","guid":{"rendered":"https:\/\/kibrisayna.com\/index.php\/2024\/12\/25\/gerekceli-karar-aciklandiktan-sonra-istinafa-basvuracagiz-brtk\/"},"modified":"2024-12-25T02:41:31","modified_gmt":"2024-12-24T23:41:31","slug":"gerekceli-karar-aciklandiktan-sonra-istinafa-basvuracagiz-brtk","status":"publish","type":"post","link":"https:\/\/kibrisayna.com\/index.php\/2024\/12\/25\/gerekceli-karar-aciklandiktan-sonra-istinafa-basvuracagiz-brtk\/","title":{"rendered":"Gerek\u00e7eli karar a\u00e7\u0131kland\u0131ktan sonra istinafa ba\u015fvuraca\u011f\u0131z \u2013 BRTK"},"content":{"rendered":"<p> <br \/>\n<\/p>\n<div>\n<div class=\"mariselle-image-container center\">\n                <img loading=\"lazy\" decoding=\"async\" width=\"910\" height=\"430\" class=\"lazy-image\" alt=\"\" sizes=\"auto, (max-width: 910px) 100vw, 910px\" src=\"https:\/\/brtk.net\/wp-content\/uploads\/2024\/12\/24\/bbisiasss.jpg?ver=cdc056b11e8a21aa0d0f88cee34b2a66\" srcset=\"https:\/\/brtk.net\/wp-content\/uploads\/2024\/12\/24\/bbisiasss.jpg?ver=cdc056b11e8a21aa0d0f88cee34b2a66 910w, https:\/\/brtk.net\/wp-content\/uploads\/2024\/12\/24\/bbisiasss-300x142.jpg?ver=cdc056b11e8a21aa0d0f88cee34b2a66 300w, https:\/\/brtk.net\/wp-content\/uploads\/2024\/12\/24\/bbisiasss-768x363.jpg?ver=cdc056b11e8a21aa0d0f88cee34b2a66 768w\"\/>                            <\/div>\n<p>Ba\u015fbakan \u00dcnal \u00dcstel, \u0130sias Otel davas\u0131nda a\u00e7\u0131klanan karar\u0131n ard\u0131ndan yapt\u0131\u011f\u0131 a\u00e7\u0131klamada, \u201cGerek\u00e7eli karar a\u00e7\u0131kland\u0131ktan sonra istinafa ba\u015fvuraca\u011f\u0131z\u201d dedi.<\/p>\n<p>\u00dcstel adaletin tecelli etti\u011fini s\u00f6yleyerek, \u201c\u0130stedi\u011fimiz cezay\u0131 alamad\u0131k\u201d dedi.<\/p>\n<p>\u00dcstel \u201cGerek\u00e7eli karar a\u00e7\u0131kland\u0131ktan sonra istinafa ba\u015fvuraca\u011f\u0131z. Vicdanlar\u0131 rahat ettirene kadar takip edece\u011fiz. Hedefledi\u011fimiz adalet tecelli edene kadar yolumuza devam edece\u011fiz. Bu dava burada neticelendi ama bizim i\u015fimiz hen\u00fcz bitmedi\u201d dedi.<\/p>\n<\/p><\/div>\n<p><script async\n                    defer\n                    crossorigin=\"anonymous\"\n                    src=\"https:\/\/connect.facebook.net\/tr_TR\/sdk.js#xfbml=1&#038;version=v3.3\"\n            ><\/script><br \/>\n<br \/><br \/>\n<br \/><a href=\"https:\/\/brtk.net\/basbakan-ustel-gerekceli-karar-aciklandiktan-sonra-istinafa-basvuracagiz\/\">Kaynak BRT <\/a><\/p>\n","protected":false},"excerpt":{"rendered":"<p>Ba\u015fbakan \u00dcnal \u00dcstel, \u0130sias Otel davas\u0131nda a\u00e7\u0131klanan karar\u0131n ard\u0131ndan yapt\u0131\u011f\u0131 a\u00e7\u0131klamada, \u201cGerek\u00e7eli karar a\u00e7\u0131kland\u0131ktan sonra istinafa ba\u015fvuraca\u011f\u0131z\u201d dedi. \u00dcstel adaletin tecelli etti\u011fini s\u00f6yleyerek, \u201c\u0130stedi\u011fimiz cezay\u0131 alamad\u0131k\u201d dedi. \u00dcstel \u201cGerek\u00e7eli karar a\u00e7\u0131kland\u0131ktan sonra istinafa ba\u015fvuraca\u011f\u0131z. Vicdanlar\u0131 rahat ettirene kadar takip edece\u011fiz. Hedefledi\u011fimiz adalet tecelli edene kadar yolumuza devam edece\u011fiz. Bu dava burada neticelendi ama bizim i\u015fimiz [&hellip;]<\/p>\n","protected":false},"author":908,"featured_media":14950,"comment_status":"open","ping_status":"open","sticky":false,"template":"","format":"standard","meta":{"_jetpack_memberships_contains_paid_content":false,"footnotes":"","jetpack_publicize_message":"","jetpack_publicize_feature_enabled":true,"jetpack_social_post_already_shared":true,"jetpack_social_options":{"image_generator_settings":{"template":"highway","default_image_id":0,"font":"","enabled":false},"version":2}},"categories":[253],"tags":[],"class_list":["post-14949","post","type-post","status-publish","format-standard","has-post-thumbnail","hentry","category-gundem"],"jetpack_publicize_connections":[],"jetpack_featured_media_url":"https:\/\/kibrisayna.com\/wp-content\/uploads\/2024\/12\/bbisiasss.jpg","jetpack_sharing_enabled":true,"_links":{"self":[{"href":"https:\/\/kibrisayna.com\/index.php\/wp-json\/wp\/v2\/posts\/14949","targetHints":{"allow":["GET"]}}],"collection":[{"href":"https:\/\/kibrisayna.com\/index.php\/wp-json\/wp\/v2\/posts"}],"about":[{"href":"https:\/\/kibrisayna.com\/index.php\/wp-json\/wp\/v2\/types\/post"}],"author":[{"embeddable":true,"href":"https:\/\/kibrisayna.com\/index.php\/wp-json\/wp\/v2\/users\/908"}],"replies":[{"embeddable":true,"href":"https:\/\/kibrisayna.com\/index.php\/wp-json\/wp\/v2\/comments?post=14949"}],"version-history":[{"count":0,"href":"https:\/\/kibrisayna.com\/index.php\/wp-json\/wp\/v2\/posts\/14949\/revisions"}],"wp:featuredmedia":[{"embeddable":true,"href":"https:\/\/kibrisayna.com\/index.php\/wp-json\/wp\/v2\/media\/14950"}],"wp:attachment":[{"href":"https:\/\/kibrisayna.com\/index.php\/wp-json\/wp\/v2\/media?parent=14949"}],"wp:term":[{"taxonomy":"category","embeddable":true,"href":"https:\/\/kibrisayna.com\/index.php\/wp-json\/wp\/v2\/categories?post=14949"},{"taxonomy":"post_tag","embeddable":true,"href":"https:\/\/kibrisayna.com\/index.php\/wp-json\/wp\/v2\/tags?post=14949"}],"curies":[{"name":"wp","href":"https:\/\/api.w.org\/{rel}","templated":true}]}}