{"id":14948,"date":"2024-12-25T02:35:37","date_gmt":"2024-12-24T23:35:37","guid":{"rendered":"https:\/\/kibrisayna.com\/index.php\/2024\/12\/25\/ubp-milletvekili-ozturksuclular-en-agir-sekilde-cezalandirilmali-brtk\/"},"modified":"2024-12-25T02:35:37","modified_gmt":"2024-12-24T23:35:37","slug":"ubp-milletvekili-ozturksuclular-en-agir-sekilde-cezalandirilmali-brtk","status":"publish","type":"post","link":"https:\/\/kibrisayna.com\/index.php\/2024\/12\/25\/ubp-milletvekili-ozturksuclular-en-agir-sekilde-cezalandirilmali-brtk\/","title":{"rendered":"UBP Milletvekili \u00d6zt\u00fcrk:Su\u00e7lular en a\u011f\u0131r \u015fekilde cezaland\u0131r\u0131lmal\u0131 \u2013 BRTK"},"content":{"rendered":"<p> <br \/>\n<\/p>\n<div>\n<div class=\"mariselle-image-container center\">\n                <img loading=\"lazy\" decoding=\"async\" width=\"850\" height=\"353\" class=\"lazy-image\" alt=\"\" sizes=\"auto, (max-width: 850px) 100vw, 850px\" src=\"https:\/\/brtk.net\/wp-content\/uploads\/2024\/12\/24\/asslkdsa.jpg?ver=04f8b60de6af9d537c44f0d13fe28064\" srcset=\"https:\/\/brtk.net\/wp-content\/uploads\/2024\/12\/24\/asslkdsa.jpg?ver=04f8b60de6af9d537c44f0d13fe28064 850w, https:\/\/brtk.net\/wp-content\/uploads\/2024\/12\/24\/asslkdsa-300x125.jpg?ver=04f8b60de6af9d537c44f0d13fe28064 300w, https:\/\/brtk.net\/wp-content\/uploads\/2024\/12\/24\/asslkdsa-768x319.jpg?ver=04f8b60de6af9d537c44f0d13fe28064 768w\"\/>                            <\/div>\n<p>\u0130sias davas\u0131nda karar a\u00e7\u0131klanmadan \u00f6nce BRT\u2019ye konu\u015fan, UBP Milletvekili Yasemin \u00d6zt\u00fcrk, \u00dclke olarak beklentinin su\u00e7lular\u0131n en a\u011f\u0131r cezay\u0131 almalar\u0131 oldu\u011funu s\u00f6yledi.<\/p>\n<p>\u00d6zt\u00fcrk \u201cSu\u00e7lular en a\u011f\u0131r \u015fekilde cezaland\u0131r\u0131lmal\u0131 ve biz bundan sonra yas\u0131m\u0131z\u0131 ya\u015famaya ba\u015flamal\u0131y\u0131z. Halen daha yas\u0131m\u0131z\u0131 tutmaya ba\u015flamad\u0131k \u00e7\u00fcnk\u00fc halen daha m\u00fccadele i\u00e7indeyiz\u201d dedi.<\/p>\n<p>\u015eu anda g\u00f6r\u00fclenin karar\u0131n bilin\u00e7li taksir y\u00f6n\u00fcnde \u00e7\u0131kaca\u011f\u0131 oldu\u011funu da kaydeden \u00d6zt\u00fcrk, olas\u0131 kast i\u00e7in ekstra ifadelerin al\u0131nmas\u0131 gerekti\u011fini ancak bu s\u00fcre\u00e7te bu ifadelere ba\u015fvurulmad\u0131\u011f\u0131n\u0131 hat\u0131rlatt\u0131.<\/p>\n<p>\u00d6zt\u00fcrk, gerek\u00e7eli karar a\u00e7\u0131klanmas\u0131n\u0131n ard\u0131ndan istinafa gidilece\u011fini de vurgulayarak, \u201c\u0130n\u015fallah bu su\u00e7un failleri en a\u011f\u0131r cezayla cezaland\u0131r\u0131l\u0131r\u201d dedi.<\/p>\n<\/p><\/div>\n<p><script async\n                    defer\n                    crossorigin=\"anonymous\"\n                    src=\"https:\/\/connect.facebook.net\/tr_TR\/sdk.js#xfbml=1&#038;version=v3.3\"\n            ><\/script><br \/>\n<br \/><br \/>\n<br \/><a href=\"https:\/\/brtk.net\/ubp-milletvekili-ozturksuclular-en-agir-sekilde-cezalandirilmali\/\">Kaynak BRT <\/a><\/p>\n","protected":false},"excerpt":{"rendered":"<p>\u0130sias davas\u0131nda karar a\u00e7\u0131klanmadan \u00f6nce BRT\u2019ye konu\u015fan, UBP Milletvekili Yasemin \u00d6zt\u00fcrk, \u00dclke olarak beklentinin su\u00e7lular\u0131n en a\u011f\u0131r cezay\u0131 almalar\u0131 oldu\u011funu s\u00f6yledi. \u00d6zt\u00fcrk \u201cSu\u00e7lular en a\u011f\u0131r \u015fekilde cezaland\u0131r\u0131lmal\u0131 ve biz bundan sonra yas\u0131m\u0131z\u0131 ya\u015famaya ba\u015flamal\u0131y\u0131z. Halen daha yas\u0131m\u0131z\u0131 tutmaya ba\u015flamad\u0131k \u00e7\u00fcnk\u00fc halen daha m\u00fccadele i\u00e7indeyiz\u201d dedi. \u015eu anda g\u00f6r\u00fclenin karar\u0131n bilin\u00e7li taksir y\u00f6n\u00fcnde \u00e7\u0131kaca\u011f\u0131 oldu\u011funu da [&hellip;]<\/p>\n","protected":false},"author":908,"featured_media":14836,"comment_status":"open","ping_status":"open","sticky":false,"template":"","format":"standard","meta":{"_jetpack_memberships_contains_paid_content":false,"footnotes":"","jetpack_publicize_message":"","jetpack_publicize_feature_enabled":true,"jetpack_social_post_already_shared":true,"jetpack_social_options":{"image_generator_settings":{"template":"highway","default_image_id":0,"font":"","enabled":false},"version":2}},"categories":[253],"tags":[],"class_list":["post-14948","post","type-post","status-publish","format-standard","has-post-thumbnail","hentry","category-gundem"],"jetpack_publicize_connections":[],"jetpack_featured_media_url":"https:\/\/kibrisayna.com\/wp-content\/uploads\/2024\/12\/asslkdsa.jpg","jetpack_sharing_enabled":true,"_links":{"self":[{"href":"https:\/\/kibrisayna.com\/index.php\/wp-json\/wp\/v2\/posts\/14948","targetHints":{"allow":["GET"]}}],"collection":[{"href":"https:\/\/kibrisayna.com\/index.php\/wp-json\/wp\/v2\/posts"}],"about":[{"href":"https:\/\/kibrisayna.com\/index.php\/wp-json\/wp\/v2\/types\/post"}],"author":[{"embeddable":true,"href":"https:\/\/kibrisayna.com\/index.php\/wp-json\/wp\/v2\/users\/908"}],"replies":[{"embeddable":true,"href":"https:\/\/kibrisayna.com\/index.php\/wp-json\/wp\/v2\/comments?post=14948"}],"version-history":[{"count":0,"href":"https:\/\/kibrisayna.com\/index.php\/wp-json\/wp\/v2\/posts\/14948\/revisions"}],"wp:featuredmedia":[{"embeddable":true,"href":"https:\/\/kibrisayna.com\/index.php\/wp-json\/wp\/v2\/media\/14836"}],"wp:attachment":[{"href":"https:\/\/kibrisayna.com\/index.php\/wp-json\/wp\/v2\/media?parent=14948"}],"wp:term":[{"taxonomy":"category","embeddable":true,"href":"https:\/\/kibrisayna.com\/index.php\/wp-json\/wp\/v2\/categories?post=14948"},{"taxonomy":"post_tag","embeddable":true,"href":"https:\/\/kibrisayna.com\/index.php\/wp-json\/wp\/v2\/tags?post=14948"}],"curies":[{"name":"wp","href":"https:\/\/api.w.org\/{rel}","templated":true}]}}