{"id":14947,"date":"2024-12-25T02:29:36","date_gmt":"2024-12-24T23:29:36","guid":{"rendered":"https:\/\/kibrisayna.com\/index.php\/2024\/12\/25\/isias-otel-davasinda-karar-aciklandi-brtk\/"},"modified":"2024-12-25T02:29:36","modified_gmt":"2024-12-24T23:29:36","slug":"isias-otel-davasinda-karar-aciklandi-brtk","status":"publish","type":"post","link":"https:\/\/kibrisayna.com\/index.php\/2024\/12\/25\/isias-otel-davasinda-karar-aciklandi-brtk\/","title":{"rendered":"\u0130sias Otel davas\u0131nda karar a\u00e7\u0131kland\u0131 \u2013 BRTK"},"content":{"rendered":"<p> <br \/>\n<\/p>\n<div>\n<div class=\"mariselle-image-container center\">\n                <img loading=\"lazy\" decoding=\"async\" width=\"740\" height=\"555\" class=\"lazy-image\" alt=\"\" sizes=\"auto, (max-width: 740px) 100vw, 740px\" src=\"https:\/\/brtk.net\/wp-content\/uploads\/2023\/02\/02\/son-dakika-222.png?ver=36e2a5242162eca4d722335d7a6f9ffd\" srcset=\"https:\/\/brtk.net\/wp-content\/uploads\/2023\/02\/02\/son-dakika-222.png?ver=36e2a5242162eca4d722335d7a6f9ffd 740w, https:\/\/brtk.net\/wp-content\/uploads\/2023\/02\/02\/son-dakika-222-300x225.png?ver=36e2a5242162eca4d722335d7a6f9ffd 300w\"\/>                            <\/div>\n<p>Ad\u0131yaman 3. A\u011f\u0131r Ceza Mahkemesi\u2019nde g\u00f6r\u00fc\u015f\u00fclen \u0130sias Otel davas\u0131n\u0131n alt\u0131nc\u0131 duru\u015fmas\u0131 tamamland\u0131.<\/p>\n<p>Mahkeme heyeti K\u0131br\u0131s saati ile 01.00\u2019da k\u0131sa karar\u0131 a\u00e7\u0131klad\u0131.<\/p>\n<p>\u0130\u015fte kararlar:<\/p>\n<blockquote>\n<p><strong>Ahmet Bozkurt<\/strong>: 17 y\u0131l 17 ay 7 g\u00fcn hapis<\/p>\n<p><strong>Mehmet Fatih Bozkurt<\/strong>: 15 y\u0131l 28 ay 28 g\u00fcn hapis<\/p>\n<p><strong>Erdem Y\u0131ld\u0131z<\/strong>: 17 y\u0131l 17 ay 7 g\u00fcn hapis<\/p>\n<p><strong>Halil Ba\u011fc\u0131<\/strong>\u00a0(m\u00fchendis): 7 y\u0131l 16 ay hapis<\/p>\n<p><strong>Hasan Aslan<\/strong>: 15 y\u0131l 16 ay 20 g\u00fcn hapis<\/p>\n<p><strong>Mehmet G\u00f6nc\u00fco\u011flu<\/strong>: 7 y\u0131l 16 ay hapis<\/p>\n<\/blockquote>\n<p><strong>Beraat Eden San\u0131klar<\/strong>:<\/p>\n<blockquote>\n<p><strong>Efe Bozkurt<\/strong>: Beraat etti ve tazminat hakk\u0131 kazand\u0131.<\/p>\n<p><strong>Bilge A\u00e7\u0131k<\/strong>: Beraat<\/p>\n<p><strong>Ulviye Bozkurt<\/strong>: Beraat<\/p>\n<p><strong>\u015eule \u00d6zbek<\/strong>: Beraat<\/p>\n<p><strong>Seda Zeren<\/strong>: Beraat<\/p>\n<\/blockquote>\n<p>Mahkeme sonucunda toplam 11 san\u0131ktan 4\u2019\u00fc beraat ederken, di\u011fer san\u0131klara de\u011fi\u015fen s\u00fcrelerde hapis cezalar\u0131 verildi.<\/p>\n<\/p><\/div>\n<p><script async\n                    defer\n                    crossorigin=\"anonymous\"\n                    src=\"https:\/\/connect.facebook.net\/tr_TR\/sdk.js#xfbml=1&#038;version=v3.3\"\n            ><\/script><br \/>\n<br \/><br \/>\n<br \/><a href=\"https:\/\/brtk.net\/isias-otel-davasinda-karar-aciklandi\/\">Kaynak BRT <\/a><\/p>\n","protected":false},"excerpt":{"rendered":"<p>Ad\u0131yaman 3. A\u011f\u0131r Ceza Mahkemesi\u2019nde g\u00f6r\u00fc\u015f\u00fclen \u0130sias Otel davas\u0131n\u0131n alt\u0131nc\u0131 duru\u015fmas\u0131 tamamland\u0131. Mahkeme heyeti K\u0131br\u0131s saati ile 01.00\u2019da k\u0131sa karar\u0131 a\u00e7\u0131klad\u0131. \u0130\u015fte kararlar: Ahmet Bozkurt: 17 y\u0131l 17 ay 7 g\u00fcn hapis Mehmet Fatih Bozkurt: 15 y\u0131l 28 ay 28 g\u00fcn hapis Erdem Y\u0131ld\u0131z: 17 y\u0131l 17 ay 7 g\u00fcn hapis Halil Ba\u011fc\u0131\u00a0(m\u00fchendis): 7 y\u0131l [&hellip;]<\/p>\n","protected":false},"author":908,"featured_media":14946,"comment_status":"open","ping_status":"open","sticky":false,"template":"","format":"standard","meta":{"_jetpack_memberships_contains_paid_content":false,"footnotes":"","jetpack_publicize_message":"","jetpack_publicize_feature_enabled":true,"jetpack_social_post_already_shared":true,"jetpack_social_options":{"image_generator_settings":{"template":"highway","default_image_id":0,"font":"","enabled":false},"version":2}},"categories":[253],"tags":[],"class_list":["post-14947","post","type-post","status-publish","format-standard","has-post-thumbnail","hentry","category-gundem"],"jetpack_publicize_connections":[],"jetpack_featured_media_url":"https:\/\/kibrisayna.com\/wp-content\/uploads\/2024\/12\/son-dakika-222.png","jetpack_sharing_enabled":true,"_links":{"self":[{"href":"https:\/\/kibrisayna.com\/index.php\/wp-json\/wp\/v2\/posts\/14947","targetHints":{"allow":["GET"]}}],"collection":[{"href":"https:\/\/kibrisayna.com\/index.php\/wp-json\/wp\/v2\/posts"}],"about":[{"href":"https:\/\/kibrisayna.com\/index.php\/wp-json\/wp\/v2\/types\/post"}],"author":[{"embeddable":true,"href":"https:\/\/kibrisayna.com\/index.php\/wp-json\/wp\/v2\/users\/908"}],"replies":[{"embeddable":true,"href":"https:\/\/kibrisayna.com\/index.php\/wp-json\/wp\/v2\/comments?post=14947"}],"version-history":[{"count":0,"href":"https:\/\/kibrisayna.com\/index.php\/wp-json\/wp\/v2\/posts\/14947\/revisions"}],"wp:featuredmedia":[{"embeddable":true,"href":"https:\/\/kibrisayna.com\/index.php\/wp-json\/wp\/v2\/media\/14946"}],"wp:attachment":[{"href":"https:\/\/kibrisayna.com\/index.php\/wp-json\/wp\/v2\/media?parent=14947"}],"wp:term":[{"taxonomy":"category","embeddable":true,"href":"https:\/\/kibrisayna.com\/index.php\/wp-json\/wp\/v2\/categories?post=14947"},{"taxonomy":"post_tag","embeddable":true,"href":"https:\/\/kibrisayna.com\/index.php\/wp-json\/wp\/v2\/tags?post=14947"}],"curies":[{"name":"wp","href":"https:\/\/api.w.org\/{rel}","templated":true}]}}