{"id":14944,"date":"2024-12-25T02:08:57","date_gmt":"2024-12-24T23:08:57","guid":{"rendered":"https:\/\/kibrisayna.com\/index.php\/2024\/12\/25\/basbakan-yardimcisi-ataoglukarar-aciklandiktan-sonra-her-ne-olursa-olsun-mucadelen-devam-edecek-brtk\/"},"modified":"2024-12-25T02:08:57","modified_gmt":"2024-12-24T23:08:57","slug":"basbakan-yardimcisi-ataoglukarar-aciklandiktan-sonra-her-ne-olursa-olsun-mucadelen-devam-edecek-brtk","status":"publish","type":"post","link":"https:\/\/kibrisayna.com\/index.php\/2024\/12\/25\/basbakan-yardimcisi-ataoglukarar-aciklandiktan-sonra-her-ne-olursa-olsun-mucadelen-devam-edecek-brtk\/","title":{"rendered":"Ba\u015fbakan Yard\u0131mc\u0131s\u0131 Atao\u011flu:Karar a\u00e7\u0131kland\u0131ktan sonra her ne olursa olsun m\u00fccadelen devam edecek \u2013 BRTK"},"content":{"rendered":"<p> <br \/>\n<\/p>\n<div>\n<div class=\"mariselle-image-container center\">\n                <img loading=\"lazy\" decoding=\"async\" width=\"1280\" height=\"720\" class=\"lazy-image\" alt=\"\" sizes=\"auto, (max-width: 1280px) 100vw, 1280px\" src=\"https:\/\/brtk.net\/wp-content\/uploads\/2024\/11\/10\/fikri-ataoglu-10-kasim1.jpg?ver=824399a13be8ac62acf829a33f176d52\" srcset=\"https:\/\/brtk.net\/wp-content\/uploads\/2024\/11\/10\/fikri-ataoglu-10-kasim1.jpg?ver=824399a13be8ac62acf829a33f176d52 1280w, https:\/\/brtk.net\/wp-content\/uploads\/2024\/11\/10\/fikri-ataoglu-10-kasim1-300x169.jpg?ver=824399a13be8ac62acf829a33f176d52 300w, https:\/\/brtk.net\/wp-content\/uploads\/2024\/11\/10\/fikri-ataoglu-10-kasim1-1024x576.jpg?ver=824399a13be8ac62acf829a33f176d52 1024w, https:\/\/brtk.net\/wp-content\/uploads\/2024\/11\/10\/fikri-ataoglu-10-kasim1-768x432.jpg?ver=8edb29705ec8c6ff529e12278a7ebcf3 768w\"\/>                            <\/div>\n<p>\nBa\u015fbakan Yard\u0131mc\u0131s\u0131, Turizm, K\u00fclt\u00fcr, Gen\u00e7lik ve \u00c7evre Bakan\u0131 Fikri Atao\u011flu, Ad\u0131yaman\u2019da olan b\u00fct\u00fcn ailelerin ve t\u00fcm KKTC\u2019nin \u0130sias davas\u0131nda karar\u0131n\u0131n a\u00e7\u0131klanmas\u0131 oldu\u011funu kaydederek, \u201cBuradaki ailelerin y\u00fczlerine bak\u0131ld\u0131\u011f\u0131nda, bug\u00fcn 6 \u015eubat\u2019\u0131 yeniden ya\u015fand\u0131klar\u0131n\u0131 g\u00f6r\u00fcyoruz\u201d dedi.<\/p>\n<p>T\u00fcm KKTC\u2019nin kalbinin Ad\u0131yaman\u2019da att\u0131\u011f\u0131n\u0131 ifade eden Atao\u011flu, isteklerinin, bug\u00fcn verilecek kararla su\u00e7lular\u0131n en a\u011f\u0131r cezay\u0131 alamlar\u0131 oldu\u011funu vurgulad\u0131.<\/p>\n<p>Atao\u011flu, t\u00fcm \u00e7abalar\u0131n\u0131n ve temennilerinin bir daha b\u00f6yle bir felakette bu ac\u0131lar\u0131n ya\u015fanmamas\u0131 i\u00e7in oldu\u011funu da s\u00f6yleyerek, karar a\u00e7\u0131kland\u0131ktan sonra her ne olursa olsun m\u00fccadelenin devam edece\u011fini belirtti.<\/p>\n<\/p><\/div>\n<p><script async\n                    defer\n                    crossorigin=\"anonymous\"\n                    src=\"https:\/\/connect.facebook.net\/tr_TR\/sdk.js#xfbml=1&#038;version=v3.3\"\n            ><\/script><br \/>\n<br \/><br \/>\n<br \/><a href=\"https:\/\/brtk.net\/basbakan-yardimcisi-ataoglukarar-aciklandiktan-sonra-her-ne-olursa-olsun-mucadelen-devam-edecek\/\">Kaynak BRT <\/a><\/p>\n","protected":false},"excerpt":{"rendered":"<p>Ba\u015fbakan Yard\u0131mc\u0131s\u0131, Turizm, K\u00fclt\u00fcr, Gen\u00e7lik ve \u00c7evre Bakan\u0131 Fikri Atao\u011flu, Ad\u0131yaman\u2019da olan b\u00fct\u00fcn ailelerin ve t\u00fcm KKTC\u2019nin \u0130sias davas\u0131nda karar\u0131n\u0131n a\u00e7\u0131klanmas\u0131 oldu\u011funu kaydederek, \u201cBuradaki ailelerin y\u00fczlerine bak\u0131ld\u0131\u011f\u0131nda, bug\u00fcn 6 \u015eubat\u2019\u0131 yeniden ya\u015fand\u0131klar\u0131n\u0131 g\u00f6r\u00fcyoruz\u201d dedi. T\u00fcm KKTC\u2019nin kalbinin Ad\u0131yaman\u2019da att\u0131\u011f\u0131n\u0131 ifade eden Atao\u011flu, isteklerinin, bug\u00fcn verilecek kararla su\u00e7lular\u0131n en a\u011f\u0131r cezay\u0131 alamlar\u0131 oldu\u011funu vurgulad\u0131. Atao\u011flu, t\u00fcm [&hellip;]<\/p>\n","protected":false},"author":908,"featured_media":10330,"comment_status":"open","ping_status":"open","sticky":false,"template":"","format":"standard","meta":{"_jetpack_memberships_contains_paid_content":false,"footnotes":"","jetpack_publicize_message":"","jetpack_publicize_feature_enabled":true,"jetpack_social_post_already_shared":true,"jetpack_social_options":{"image_generator_settings":{"template":"highway","default_image_id":0,"font":"","enabled":false},"version":2}},"categories":[253],"tags":[],"class_list":["post-14944","post","type-post","status-publish","format-standard","has-post-thumbnail","hentry","category-gundem"],"jetpack_publicize_connections":[],"jetpack_featured_media_url":"https:\/\/kibrisayna.com\/wp-content\/uploads\/2024\/11\/fikri-ataoglu-10-kasim1.jpg","jetpack_sharing_enabled":true,"_links":{"self":[{"href":"https:\/\/kibrisayna.com\/index.php\/wp-json\/wp\/v2\/posts\/14944","targetHints":{"allow":["GET"]}}],"collection":[{"href":"https:\/\/kibrisayna.com\/index.php\/wp-json\/wp\/v2\/posts"}],"about":[{"href":"https:\/\/kibrisayna.com\/index.php\/wp-json\/wp\/v2\/types\/post"}],"author":[{"embeddable":true,"href":"https:\/\/kibrisayna.com\/index.php\/wp-json\/wp\/v2\/users\/908"}],"replies":[{"embeddable":true,"href":"https:\/\/kibrisayna.com\/index.php\/wp-json\/wp\/v2\/comments?post=14944"}],"version-history":[{"count":0,"href":"https:\/\/kibrisayna.com\/index.php\/wp-json\/wp\/v2\/posts\/14944\/revisions"}],"wp:featuredmedia":[{"embeddable":true,"href":"https:\/\/kibrisayna.com\/index.php\/wp-json\/wp\/v2\/media\/10330"}],"wp:attachment":[{"href":"https:\/\/kibrisayna.com\/index.php\/wp-json\/wp\/v2\/media?parent=14944"}],"wp:term":[{"taxonomy":"category","embeddable":true,"href":"https:\/\/kibrisayna.com\/index.php\/wp-json\/wp\/v2\/categories?post=14944"},{"taxonomy":"post_tag","embeddable":true,"href":"https:\/\/kibrisayna.com\/index.php\/wp-json\/wp\/v2\/tags?post=14944"}],"curies":[{"name":"wp","href":"https:\/\/api.w.org\/{rel}","templated":true}]}}