{"id":14943,"date":"2024-12-24T23:48:06","date_gmt":"2024-12-24T20:48:06","guid":{"rendered":"https:\/\/kibrisayna.com\/index.php\/2024\/12\/24\/esendagliartik-karar-asamasina-geldik-bu-karar-verilecek-bu-karardan-sonra-ne-yapilacagini-oturup-tekrar-hesaplayacagiz-brtk\/"},"modified":"2024-12-24T23:48:06","modified_gmt":"2024-12-24T20:48:06","slug":"esendagliartik-karar-asamasina-geldik-bu-karar-verilecek-bu-karardan-sonra-ne-yapilacagini-oturup-tekrar-hesaplayacagiz-brtk","status":"publish","type":"post","link":"https:\/\/kibrisayna.com\/index.php\/2024\/12\/24\/esendagliartik-karar-asamasina-geldik-bu-karar-verilecek-bu-karardan-sonra-ne-yapilacagini-oturup-tekrar-hesaplayacagiz-brtk\/","title":{"rendered":"Esenda\u011fl\u0131:Art\u0131k karar a\u015famas\u0131na geldik, bu karar verilecek bu karardan sonra ne yap\u0131laca\u011f\u0131n\u0131 oturup tekrar hesaplayaca\u011f\u0131z \u2013 BRTK"},"content":{"rendered":"<p> <br \/>\n<\/p>\n<div>\n<div class=\"mariselle-image-container center\">\n                <img loading=\"lazy\" decoding=\"async\" width=\"893\" height=\"434\" class=\"lazy-image\" alt=\"\" sizes=\"auto, (max-width: 893px) 100vw, 893px\" src=\"https:\/\/brtk.net\/wp-content\/uploads\/2024\/04\/01\/hasan-esendagli-isias.jpg?ver=c662fd949919cbc6778aa213b1ba05de\" srcset=\"https:\/\/brtk.net\/wp-content\/uploads\/2024\/04\/01\/hasan-esendagli-isias.jpg?ver=c662fd949919cbc6778aa213b1ba05de 893w, https:\/\/brtk.net\/wp-content\/uploads\/2024\/04\/01\/hasan-esendagli-isias-300x146.jpg?ver=c662fd949919cbc6778aa213b1ba05de 300w, https:\/\/brtk.net\/wp-content\/uploads\/2024\/04\/01\/hasan-esendagli-isias-768x373.jpg?ver=c662fd949919cbc6778aa213b1ba05de 768w\"\/>                            <\/div>\n<p>Barolor Birli\u011fi Ba\u015fkan\u0131 Hasan Esenda\u011fl\u0131, mahkemenin karar i\u00e7in ara vermesinin ard\u0131ndan BRT\u2019ye a\u00e7\u0131klama yapt\u0131.<\/p>\n<p>Barolar Birli\u011fi Ba\u015fkan\u0131 Hasan Esenda\u011fl\u0131 , Kamu G\u00f6revlilieri Davas\u0131 ile birle\u015ftirme taleplerine savc\u0131l\u0131\u011f\u0131n davay\u0131 ba\u015flatmayarak engel koydu\u011funu belirterek, iddianame dosyalanmad\u0131\u011f\u0131 i\u00e7in mahkemenin birle\u015ftirme yapabilmesi i\u00e7in zemin olu\u015fmad\u0131\u011f\u0131n\u0131 kaydederek kamu g\u00f6revlilieri ile ilgili prosod\u00fcr\u00fcn arkadan gelece\u011fini s\u00f6yledi.<\/p>\n<p>Mahkemenin davay\u0131 bitirmek ile ilgili oda\u011f\u0131 oldu\u011funu kaydeden Esenda\u011fl\u0131 , \u201cbu da anla\u015f\u0131labilirdir. Bizim buraya her geli\u015fimiz hem \u015fehir a\u00e7\u0131s\u0131ndan hem mahkeme a\u00e7\u0131s\u0131ndan br ola\u011fan\u00fcst\u00fc hal, b\u00fcy\u00fck bir k\u00fclfet var davan\u0131n g\u00f6t\u00fcr\u00fclmesi ile ilgili olarak erken sonu\u00e7land\u0131r\u0131lmak istenmesi veya uzat\u0131lmamas\u0131 onlar a\u00e7\u0131s\u0131ndan anla\u1e63\u0131labilir\u201d dedi.<\/p>\n<p>Esenda\u011fl\u0131, \u201c buradaki ceza usulu ne kadar el verirse mahkeme davay\u0131 dinledi, bizden \u00e7ok farkl\u0131 bir usul takip edildi\u011fini s\u00f6ylemem gerekir. Art\u0131k karar a\u015famas\u0131na geldik bu karar verilecek bu karardan sonra ne yap\u0131laca\u011f\u0131n\u0131 oturup tekrar hesaplayaca\u011f\u0131z\u201d \u015feklinde konu\u015ftu.<\/p>\n<p>Mahkemede ek savunma pros\u00fcd\u00fcr\u00fc \u00e7al\u0131\u015ft\u0131r\u0131lmad\u0131\u011f\u0131n\u0131 s\u00f6yleyen Esenda\u011fl\u0131, \u201c az \u00e7ok verilecek olan karar\u0131n hukuki \u00e7er\u00e7evesi bak\u0131m\u0131ndan bize bir i\u015faret sunuyor. \u0130\u1e63in sonunda mahkemenin karar\u0131n\u0131 dinlemek laz\u0131m\u201d dedi.<\/p>\n<\/p><\/div>\n<p><script async\n                    defer\n                    crossorigin=\"anonymous\"\n                    src=\"https:\/\/connect.facebook.net\/tr_TR\/sdk.js#xfbml=1&#038;version=v3.3\"\n            ><\/script><br \/>\n<br \/><br \/>\n<br \/><a href=\"https:\/\/brtk.net\/esendagliartik-karar-asamasina-geldik-bu-karar-verilecek-bu-karardan-sonra-ne-yapilacagini-oturup-tekrar-hesaplayacagiz\/\">Kaynak BRT <\/a><\/p>\n","protected":false},"excerpt":{"rendered":"<p>Barolor Birli\u011fi Ba\u015fkan\u0131 Hasan Esenda\u011fl\u0131, mahkemenin karar i\u00e7in ara vermesinin ard\u0131ndan BRT\u2019ye a\u00e7\u0131klama yapt\u0131. Barolar Birli\u011fi Ba\u015fkan\u0131 Hasan Esenda\u011fl\u0131 , Kamu G\u00f6revlilieri Davas\u0131 ile birle\u015ftirme taleplerine savc\u0131l\u0131\u011f\u0131n davay\u0131 ba\u015flatmayarak engel koydu\u011funu belirterek, iddianame dosyalanmad\u0131\u011f\u0131 i\u00e7in mahkemenin birle\u015ftirme yapabilmesi i\u00e7in zemin olu\u015fmad\u0131\u011f\u0131n\u0131 kaydederek kamu g\u00f6revlilieri ile ilgili prosod\u00fcr\u00fcn arkadan gelece\u011fini s\u00f6yledi. Mahkemenin davay\u0131 bitirmek ile ilgili [&hellip;]<\/p>\n","protected":false},"author":908,"featured_media":9163,"comment_status":"open","ping_status":"open","sticky":false,"template":"","format":"standard","meta":{"_jetpack_memberships_contains_paid_content":false,"footnotes":"","jetpack_publicize_message":"","jetpack_publicize_feature_enabled":true,"jetpack_social_post_already_shared":true,"jetpack_social_options":{"image_generator_settings":{"template":"highway","default_image_id":0,"font":"","enabled":false},"version":2}},"categories":[253],"tags":[],"class_list":["post-14943","post","type-post","status-publish","format-standard","has-post-thumbnail","hentry","category-gundem"],"jetpack_publicize_connections":[],"jetpack_featured_media_url":"https:\/\/kibrisayna.com\/wp-content\/uploads\/2024\/10\/hasan-esendagli-isias.jpg","jetpack_sharing_enabled":true,"_links":{"self":[{"href":"https:\/\/kibrisayna.com\/index.php\/wp-json\/wp\/v2\/posts\/14943","targetHints":{"allow":["GET"]}}],"collection":[{"href":"https:\/\/kibrisayna.com\/index.php\/wp-json\/wp\/v2\/posts"}],"about":[{"href":"https:\/\/kibrisayna.com\/index.php\/wp-json\/wp\/v2\/types\/post"}],"author":[{"embeddable":true,"href":"https:\/\/kibrisayna.com\/index.php\/wp-json\/wp\/v2\/users\/908"}],"replies":[{"embeddable":true,"href":"https:\/\/kibrisayna.com\/index.php\/wp-json\/wp\/v2\/comments?post=14943"}],"version-history":[{"count":0,"href":"https:\/\/kibrisayna.com\/index.php\/wp-json\/wp\/v2\/posts\/14943\/revisions"}],"wp:featuredmedia":[{"embeddable":true,"href":"https:\/\/kibrisayna.com\/index.php\/wp-json\/wp\/v2\/media\/9163"}],"wp:attachment":[{"href":"https:\/\/kibrisayna.com\/index.php\/wp-json\/wp\/v2\/media?parent=14943"}],"wp:term":[{"taxonomy":"category","embeddable":true,"href":"https:\/\/kibrisayna.com\/index.php\/wp-json\/wp\/v2\/categories?post=14943"},{"taxonomy":"post_tag","embeddable":true,"href":"https:\/\/kibrisayna.com\/index.php\/wp-json\/wp\/v2\/tags?post=14943"}],"curies":[{"name":"wp","href":"https:\/\/api.w.org\/{rel}","templated":true}]}}