{"id":14928,"date":"2024-12-24T20:37:28","date_gmt":"2024-12-24T17:37:28","guid":{"rendered":"https:\/\/kibrisayna.com\/index.php\/2024\/12\/24\/karakayaaciklanacak-kisa-kararda-olasi-kast-karari-cikmak-zorunda\/"},"modified":"2024-12-24T20:37:28","modified_gmt":"2024-12-24T17:37:28","slug":"karakayaaciklanacak-kisa-kararda-olasi-kast-karari-cikmak-zorunda","status":"publish","type":"post","link":"https:\/\/kibrisayna.com\/index.php\/2024\/12\/24\/karakayaaciklanacak-kisa-kararda-olasi-kast-karari-cikmak-zorunda\/","title":{"rendered":"Karakaya:A\u00e7\u0131klanacak k\u0131sa kararda \u2018olas\u0131 kast karar\u0131 \u00e7\u0131kmak zorunda\u2019"},"content":{"rendered":"<p> <br \/>\n<\/p>\n<div class=\"mariselle-image-container center\">\n                <img width=\"1079\" height=\"427\" class=\"lazy-image\" alt=\"\" data-src=\"https:\/\/brtk.net\/wp-content\/uploads\/2024\/12\/24\/r.jpg?ver=fe6636e42d09625f47681da863c735dd\" data-srcset=\"https:\/\/brtk.net\/wp-content\/uploads\/2024\/12\/24\/r.jpg?ver=fe6636e42d09625f47681da863c735dd 1079w, https:\/\/brtk.net\/wp-content\/uploads\/2024\/12\/24\/r-300x119.jpg?ver=de926f6993ac4fee3ea584f3cc174a3c 300w, https:\/\/brtk.net\/wp-content\/uploads\/2024\/12\/24\/r-1024x405.jpg?ver=de926f6993ac4fee3ea584f3cc174a3c 1024w, https:\/\/brtk.net\/wp-content\/uploads\/2024\/12\/24\/r-768x304.jpg?ver=de926f6993ac4fee3ea584f3cc174a3c 768w\" \/>                            <\/div>\n<p>\u015eampiyon Melekleri Ya\u015fatma Derne\u011fi Ba\u015fkan\u0131 Ru\u015fen Y\u00fccesoylu Karakaya BRT\u2019ye yapt\u0131\u011f\u0131 a\u00e7\u0131klamada, \u201c\u00e7ok i\u00e7im ac\u0131yor gece yar\u0131s\u0131ndan sonra a\u00e7\u0131klanacak k\u0131sa kararda \u2018olas\u0131 kast karar\u0131 \u00e7\u0131kmak zorunda\u201d ifadelerini kulland\u0131.<\/p>\n<\/p>\n<p><br \/>\n<br \/><a href=\"https:\/\/brtk.net\/karakayaaciklanacak-kisa-kararda-olasi-kast-karari-cikmak-zorunda\/\">Kaynak BRT <\/a><\/p>\n","protected":false},"excerpt":{"rendered":"<p>\u015eampiyon Melekleri Ya\u015fatma Derne\u011fi Ba\u015fkan\u0131 Ru\u015fen Y\u00fccesoylu Karakaya BRT\u2019ye yapt\u0131\u011f\u0131 a\u00e7\u0131klamada, \u201c\u00e7ok i\u00e7im ac\u0131yor gece yar\u0131s\u0131ndan sonra a\u00e7\u0131klanacak k\u0131sa kararda \u2018olas\u0131 kast karar\u0131 \u00e7\u0131kmak zorunda\u201d ifadelerini kulland\u0131. Kaynak BRT<\/p>\n","protected":false},"author":908,"featured_media":14929,"comment_status":"open","ping_status":"open","sticky":false,"template":"","format":"standard","meta":{"_jetpack_memberships_contains_paid_content":false,"footnotes":"","jetpack_publicize_message":"","jetpack_publicize_feature_enabled":true,"jetpack_social_post_already_shared":true,"jetpack_social_options":{"image_generator_settings":{"template":"highway","default_image_id":0,"font":"","enabled":false},"version":2}},"categories":[253],"tags":[],"class_list":["post-14928","post","type-post","status-publish","format-standard","has-post-thumbnail","hentry","category-gundem"],"jetpack_publicize_connections":[],"jetpack_featured_media_url":"https:\/\/kibrisayna.com\/wp-content\/uploads\/2024\/12\/r.jpg","jetpack_sharing_enabled":true,"_links":{"self":[{"href":"https:\/\/kibrisayna.com\/index.php\/wp-json\/wp\/v2\/posts\/14928","targetHints":{"allow":["GET"]}}],"collection":[{"href":"https:\/\/kibrisayna.com\/index.php\/wp-json\/wp\/v2\/posts"}],"about":[{"href":"https:\/\/kibrisayna.com\/index.php\/wp-json\/wp\/v2\/types\/post"}],"author":[{"embeddable":true,"href":"https:\/\/kibrisayna.com\/index.php\/wp-json\/wp\/v2\/users\/908"}],"replies":[{"embeddable":true,"href":"https:\/\/kibrisayna.com\/index.php\/wp-json\/wp\/v2\/comments?post=14928"}],"version-history":[{"count":0,"href":"https:\/\/kibrisayna.com\/index.php\/wp-json\/wp\/v2\/posts\/14928\/revisions"}],"wp:featuredmedia":[{"embeddable":true,"href":"https:\/\/kibrisayna.com\/index.php\/wp-json\/wp\/v2\/media\/14929"}],"wp:attachment":[{"href":"https:\/\/kibrisayna.com\/index.php\/wp-json\/wp\/v2\/media?parent=14928"}],"wp:term":[{"taxonomy":"category","embeddable":true,"href":"https:\/\/kibrisayna.com\/index.php\/wp-json\/wp\/v2\/categories?post=14928"},{"taxonomy":"post_tag","embeddable":true,"href":"https:\/\/kibrisayna.com\/index.php\/wp-json\/wp\/v2\/tags?post=14928"}],"curies":[{"name":"wp","href":"https:\/\/api.w.org\/{rel}","templated":true}]}}