{"id":14926,"date":"2024-12-24T20:33:03","date_gmt":"2024-12-24T17:33:03","guid":{"rendered":"https:\/\/kibrisayna.com\/index.php\/2024\/12\/24\/balikesirde-fabrikada-patlama-patlamada-11-kisi-hayatini-kaybederken-7-kisi-ise-yaralandi-brtk\/"},"modified":"2024-12-24T20:33:03","modified_gmt":"2024-12-24T17:33:03","slug":"balikesirde-fabrikada-patlama-patlamada-11-kisi-hayatini-kaybederken-7-kisi-ise-yaralandi-brtk","status":"publish","type":"post","link":"https:\/\/kibrisayna.com\/index.php\/2024\/12\/24\/balikesirde-fabrikada-patlama-patlamada-11-kisi-hayatini-kaybederken-7-kisi-ise-yaralandi-brtk\/","title":{"rendered":"Bal\u0131kesir\u2019de fabrikada patlama . Patlamada, 11 ki\u015fi hayat\u0131n\u0131 kaybederken 7 ki\u015fi ise yaraland\u0131 \u2013 BRTK"},"content":{"rendered":"<p> <br \/>\n<\/p>\n<div>\n<div class=\"mariselle-image-container center\">\n                <img loading=\"lazy\" decoding=\"async\" width=\"864\" height=\"486\" class=\"lazy-image\" alt=\"\" sizes=\"auto, (max-width: 864px) 100vw, 864px\" src=\"https:\/\/brtk.net\/wp-content\/uploads\/2024\/12\/24\/1735029042874thumbs_b_c_bf03bb92f720e5b3825045e5fd1ac126.jpg?ver=9a9d90f8f5169afd0fe1a9509108e840\" srcset=\"https:\/\/brtk.net\/wp-content\/uploads\/2024\/12\/24\/1735029042874thumbs_b_c_bf03bb92f720e5b3825045e5fd1ac126.jpg?ver=9a9d90f8f5169afd0fe1a9509108e840 864w, https:\/\/brtk.net\/wp-content\/uploads\/2024\/12\/24\/1735029042874thumbs_b_c_bf03bb92f720e5b3825045e5fd1ac126-300x169.jpg?ver=9a9d90f8f5169afd0fe1a9509108e840 300w, https:\/\/brtk.net\/wp-content\/uploads\/2024\/12\/24\/1735029042874thumbs_b_c_bf03bb92f720e5b3825045e5fd1ac126-768x432.jpg?ver=9a9d90f8f5169afd0fe1a9509108e840 768w\"\/>                            <\/div>\n<p>\nT\u00fcrkiye\u2019de Bal\u0131kesir\u2019in Karesi il\u00e7esinde patlay\u0131c\u0131 \u00fcretilen fabrikada patlama meydana geldi. Patlamada 11 ki\u015fi hayat\u0131n\u0131 kaybetti, 7 ki\u015fi yaraland\u0131.<br \/>\nPatlaman\u0131n nedeni hen\u00fcz netle\u015fmezken sabotaj ihtimali olmad\u0131\u011f\u0131 a\u00e7\u0131kland\u0131.<\/p>\n<p>Bal\u0131kesir\u2019de patlay\u0131c\u0131 \u00fcretimi yapan fabrikada patlama meydana geldi.<\/p>\n<p>T\u00fcrkiye \u0130\u00e7i\u015fleri Bakan\u0131 Ali Yerlikaya, patlamada 11 ki\u015finin hayat\u0131n\u0131 kaybetti\u011fini 7 ki\u015finin ise yaraland\u0131\u011f\u0131n\u0131 duyurdu. 7 yaral\u0131n\u0131n hayati tehlikesinin olmad\u0131\u011f\u0131n\u0131 dile getiren Yerlikaya, i\u015f\u00e7ilerin tedavilerinin s\u00fcrd\u00fc\u011f\u00fcn\u00fc a\u00e7\u0131klad\u0131.<\/p>\n<p>Daha \u00f6nce yap\u0131lan a\u00e7\u0131klamalarda \u00f6l\u00fc say\u0131s\u0131 12 yaral\u0131 say\u0131s\u0131 5 olarak belirtilmi\u015fti.<\/p>\n<p>T\u00fcrkiye \u00c7al\u0131\u015fma ve Sosyal G\u00fcvenlik Bakan\u0131 Vedat I\u015f\u0131khan, fabrikada 615 i\u015f\u00e7inin vardiyal\u0131 olarak \u00e7al\u0131\u015ft\u0131\u011f\u0131n\u0131 belirterek \u201cFabrikada en son a\u011fustos ay\u0131nda t\u00fcm denetimler ger\u00e7ekle\u015fti. Denetim s\u00fcrecinde herhangi bir sorunla kar\u015f\u0131la\u015f\u0131lmad\u0131.\u201d dedi.<\/p>\n<p>Bal\u0131kesir Valisi \u0130smail Ustao\u011flu da patlaman\u0131n kaps\u00fcl \u00fcretim b\u00f6l\u00fcm\u00fcnde oldu\u011funu ve binan\u0131n \u00e7\u00f6kt\u00fc\u011f\u00fcn\u00fc dile getirdi.<\/p>\n<p>Cumhurba\u015fkan\u0131 Recep Tayyip Erdo\u011fan da patlamaya ili\u015fkin gerekli tahkikat\u0131n ba\u015flat\u0131lmas\u0131 i\u00e7in talimat verildi\u011fini a\u00e7\u0131klad\u0131.<\/p>\n<p>Patlaman\u0131n nedeni hen\u00fcz netle\u015fmezken sabotaj ihtimali olmad\u0131\u011f\u0131 a\u00e7\u0131kland\u0131.<\/p>\n<p>Patlamayla ilgili Bal\u0131kesir Cumhuriyet Ba\u015fsavc\u0131l\u0131\u011f\u0131 taraf\u0131ndan soru\u015fturma ba\u015flat\u0131ld\u0131.<\/p>\n<\/p><\/div>\n<p><script async\n                    defer\n                    crossorigin=\"anonymous\"\n                    src=\"https:\/\/connect.facebook.net\/tr_TR\/sdk.js#xfbml=1&#038;version=v3.3\"\n            ><\/script><br \/>\n<br \/><br \/>\n<br \/><a href=\"https:\/\/brtk.net\/balikesirde-fabrikada-patlama-patlamada-11-kisi-hayatini-kaybederken-7-kisi-ise-yaralandi\/\"><\/a><\/p>\n","protected":false},"excerpt":{"rendered":"<p>T\u00fcrkiye\u2019de Bal\u0131kesir\u2019in Karesi il\u00e7esinde patlay\u0131c\u0131 \u00fcretilen fabrikada patlama meydana geldi. Patlamada 11 ki\u015fi hayat\u0131n\u0131 kaybetti, 7 ki\u015fi yaraland\u0131. Patlaman\u0131n nedeni hen\u00fcz netle\u015fmezken sabotaj ihtimali olmad\u0131\u011f\u0131 a\u00e7\u0131kland\u0131. Bal\u0131kesir\u2019de patlay\u0131c\u0131 \u00fcretimi yapan fabrikada patlama meydana geldi. T\u00fcrkiye \u0130\u00e7i\u015fleri Bakan\u0131 Ali Yerlikaya, patlamada 11 ki\u015finin hayat\u0131n\u0131 kaybetti\u011fini 7 ki\u015finin ise yaraland\u0131\u011f\u0131n\u0131 duyurdu. 7 yaral\u0131n\u0131n hayati tehlikesinin olmad\u0131\u011f\u0131n\u0131 dile [&hellip;]<\/p>\n","protected":false},"author":908,"featured_media":14927,"comment_status":"open","ping_status":"open","sticky":false,"template":"","format":"standard","meta":{"_jetpack_memberships_contains_paid_content":false,"footnotes":"","jetpack_publicize_message":"","jetpack_publicize_feature_enabled":true,"jetpack_social_post_already_shared":true,"jetpack_social_options":{"image_generator_settings":{"template":"highway","default_image_id":0,"font":"","enabled":false},"version":2}},"categories":[587],"tags":[],"class_list":["post-14926","post","type-post","status-publish","format-standard","has-post-thumbnail","hentry","category-dunya"],"jetpack_publicize_connections":[],"jetpack_featured_media_url":"https:\/\/kibrisayna.com\/wp-content\/uploads\/2024\/12\/1735029042874thumbs_b_c_bf03bb92f720e5b3825045e5fd1ac126.jpg","jetpack_sharing_enabled":true,"_links":{"self":[{"href":"https:\/\/kibrisayna.com\/index.php\/wp-json\/wp\/v2\/posts\/14926","targetHints":{"allow":["GET"]}}],"collection":[{"href":"https:\/\/kibrisayna.com\/index.php\/wp-json\/wp\/v2\/posts"}],"about":[{"href":"https:\/\/kibrisayna.com\/index.php\/wp-json\/wp\/v2\/types\/post"}],"author":[{"embeddable":true,"href":"https:\/\/kibrisayna.com\/index.php\/wp-json\/wp\/v2\/users\/908"}],"replies":[{"embeddable":true,"href":"https:\/\/kibrisayna.com\/index.php\/wp-json\/wp\/v2\/comments?post=14926"}],"version-history":[{"count":0,"href":"https:\/\/kibrisayna.com\/index.php\/wp-json\/wp\/v2\/posts\/14926\/revisions"}],"wp:featuredmedia":[{"embeddable":true,"href":"https:\/\/kibrisayna.com\/index.php\/wp-json\/wp\/v2\/media\/14927"}],"wp:attachment":[{"href":"https:\/\/kibrisayna.com\/index.php\/wp-json\/wp\/v2\/media?parent=14926"}],"wp:term":[{"taxonomy":"category","embeddable":true,"href":"https:\/\/kibrisayna.com\/index.php\/wp-json\/wp\/v2\/categories?post=14926"},{"taxonomy":"post_tag","embeddable":true,"href":"https:\/\/kibrisayna.com\/index.php\/wp-json\/wp\/v2\/tags?post=14926"}],"curies":[{"name":"wp","href":"https:\/\/api.w.org\/{rel}","templated":true}]}}