{"id":14920,"date":"2024-12-24T20:25:26","date_gmt":"2024-12-24T17:25:26","guid":{"rendered":"https:\/\/kibrisayna.com\/index.php\/2024\/12\/24\/genclere-guvenimiz-tamdir-brtk\/"},"modified":"2024-12-24T20:25:26","modified_gmt":"2024-12-24T17:25:26","slug":"genclere-guvenimiz-tamdir-brtk","status":"publish","type":"post","link":"https:\/\/kibrisayna.com\/index.php\/2024\/12\/24\/genclere-guvenimiz-tamdir-brtk\/","title":{"rendered":"\u201cGen\u00e7lere g\u00fcvenimiz tamd\u0131r\u201d \u2013 BRTK"},"content":{"rendered":"<p> <br \/>\n<\/p>\n<div>\n<div class=\"mariselle-image-container center\">\n                <img loading=\"lazy\" decoding=\"async\" width=\"1600\" height=\"662\" class=\"lazy-image\" alt=\"\" sizes=\"auto, (max-width: 1600px) 100vw, 1600px\" src=\"https:\/\/brtk.net\/wp-content\/uploads\/2024\/12\/24\/fbee1c80-758d-48e8-aec2-0772a14394b3.jpg?ver=0c7c65e7c7e6fbceace421b6655b1e5c\" srcset=\"https:\/\/brtk.net\/wp-content\/uploads\/2024\/12\/24\/fbee1c80-758d-48e8-aec2-0772a14394b3.jpg?ver=0c7c65e7c7e6fbceace421b6655b1e5c 1600w, https:\/\/brtk.net\/wp-content\/uploads\/2024\/12\/24\/fbee1c80-758d-48e8-aec2-0772a14394b3-300x124.jpg?ver=a5720a221d8d45f089463dd55af18308 300w, https:\/\/brtk.net\/wp-content\/uploads\/2024\/12\/24\/fbee1c80-758d-48e8-aec2-0772a14394b3-1024x424.jpg?ver=a5720a221d8d45f089463dd55af18308 1024w, https:\/\/brtk.net\/wp-content\/uploads\/2024\/12\/24\/fbee1c80-758d-48e8-aec2-0772a14394b3-768x318.jpg?ver=a5720a221d8d45f089463dd55af18308 768w, https:\/\/brtk.net\/wp-content\/uploads\/2024\/12\/24\/fbee1c80-758d-48e8-aec2-0772a14394b3-1536x636.jpg?ver=23677f4f0b761368d998d921e399cf1f 1536w\"\/>                            <\/div>\n<p>Cumhurba\u015fkan\u0131 Ersin Tatar, Ulusal Birlik Partisi \u0130l\u00e7e Gen\u00e7lik Kollar\u0131 Ba\u015fkan\u0131 Necati \u00c7oban ve beraberindeki heyeti kabul etti.<\/p>\n<p>Kabulde Necati \u00c7oban\u2019a, UBP K\u0131z\u0131lba\u015f Gen\u00e7lik Kollar\u0131 Ba\u015fkan\u0131 Erin Salih Kuraner, UBP G\u00f6nyeli Gen\u00e7lik Kollar\u0131 Ba\u015fkan\u0131 Ahmet Kurt\u00e7u, UBP Minarelik\u00f6y Gen\u00e7lik Kollar\u0131 Ba\u015fkan\u0131 \u00dcmit Ko\u00e7ak ve UBP Ta\u015fk\u0131nk\u00f6y Gen\u00e7lik Kollar\u0131 Ba\u015fkan\u0131 Mustafa Kermeo\u011flu e\u015flik etti.<\/p>\n<p>Cumhurba\u015fkan\u0131 Ersin Tatar kabulde yapt\u0131\u011f\u0131 konu\u015fmada, \u00fclkenin en k\u00f6kl\u00fc ve \u00f6rg\u00fctl\u00fc partilerinden olan UBP\u2019den gen\u00e7leri kabulde g\u00f6rmekten duydu\u011fu memnuniyeti ifade etti.<\/p>\n<p>Gen\u00e7lerin \u00fclkenin gelece\u011fi oldu\u011funu anlatan Cumhurba\u015fkan\u0131 Tatar, gen\u00e7lerin ileride \u00f6zel sekt\u00f6r ile kamuda yer alaca\u011f\u0131n\u0131 ve devleti y\u00f6netecek kademelerde bulunaca\u011f\u0131n\u0131 vurgulad\u0131.<\/p>\n<p>K\u0131br\u0131s T\u00fcrk\u00fc\u2019n\u00fcn \u00f6zg\u00fcrl\u00fck ve varolu\u015f m\u00fccadelesinde gen\u00e7lerin b\u00fcy\u00fck g\u00f6revler \u00fcstlendi\u011fini dile getiren Cumhurba\u015fkan\u0131 Tatar, b\u00fcy\u00fck m\u00fccadeleler sonucu Kuzey K\u0131br\u0131s T\u00fcrk Cumhuriyeti\u2019nin kuruldu\u011funu ifade etti.<\/p>\n<p>K\u0131br\u0131s T\u00fcrk\u00fc\u2019ne uygulanan haks\u0131z ambargo ve engellemelerden gen\u00e7lerin de nasibini ald\u0131\u011f\u0131n\u0131 aktaran Cumhurba\u015fkan\u0131 Tatar, spora siyaset kar\u0131\u015ft\u0131r\u0131ld\u0131\u011f\u0131n\u0131 ve gen\u00e7lerin uluslararas\u0131 alanlarda spor yap\u0131lmas\u0131n\u0131n engellendi\u011fini anlatt\u0131.<\/p>\n<p>T\u00fcm engellemelere ra\u011fmen y\u00fcksek\u00f6\u011fretimdeki geli\u015fmeler ve ileti\u015fim \u00e7a\u011f\u0131ndan yararlanan gen\u00e7lerin d\u00fcnya gen\u00e7leriyle bir\u00e7ok konuda yar\u0131\u015f\u0131r hale geldi\u011fini ifade eden Cumhurba\u015fkan\u0131 Ersin Tatar, gen\u00e7lere g\u00fcveninin tam oldu\u011funu ve devlet olarak gen\u00e7lerin arkas\u0131nda olduklar\u0131n\u0131 vurgulad\u0131.<\/p>\n<p>K\u0131br\u0131s\u2019ta yeni bir milli siyaset belirlediklerine i\u015faret eden Cumhurba\u015fkan\u0131 Tatar, iki ayr\u0131 e\u015fit egemen devletin i\u015fbirli\u011fine dayal\u0131 bir \u00e7\u00f6z\u00fcm istediklerini belirtti, egemen e\u015fitlik ve e\u015fit uluslararas\u0131 stat\u00fcn\u00fcn tesciliyle resmi ve yeni m\u00fczakerelere ba\u015flanaca\u011f\u0131n\u0131 s\u00f6yledi.<\/p>\n<p>Y\u00fcr\u00fct\u00fclen siyasetin kabul g\u00f6rmeye ba\u015flad\u0131\u011f\u0131n\u0131 dile getiren Cumhurba\u015fkan\u0131 Tatar, T\u00fcrk Devletleri Te\u015fkilat\u0131\u2019na devletin anayasal ad\u0131 ile g\u00f6zlemci \u00fcye olunmas\u0131n\u0131n ve  te\u015fkilata \u00fcye \u00fclkelerle geli\u015ftirilen ili\u015fkilerin, bunun a\u00e7\u0131k bir g\u00f6stergesi oldu\u011funu ifade etti.<\/p>\n<p>UBP Gen\u00e7lik Kollar\u0131 Ba\u015fkan\u0131 Necati \u00c7oban da konu\u015fmas\u0131nda Cumhurba\u015fkan\u0131 Ersin Tatar taraf\u0131ndan ilk kez g\u00fcndeme getirilen ve T\u00fcrkiye Cumhuriyeti\u2019nin tam destek verdi\u011fi K\u0131br\u0131s\u2019ta iki ayr\u0131 egemen devletin i\u015fbirli\u011fine dayal\u0131 bir \u00e7\u00f6z\u00fcm modelini desteklediklerini kaydetti.<\/p>\n<\/p><\/div>\n<p><script async\n                    defer\n                    crossorigin=\"anonymous\"\n                    src=\"https:\/\/connect.facebook.net\/tr_TR\/sdk.js#xfbml=1&#038;version=v3.3\"\n            ><\/script><br \/>\n<br \/><br \/>\n<br \/><a href=\"https:\/\/brtk.net\/genclere-guvenimiz-tamdir\/\">Kaynak BRT <\/a><\/p>\n","protected":false},"excerpt":{"rendered":"<p>Cumhurba\u015fkan\u0131 Ersin Tatar, Ulusal Birlik Partisi \u0130l\u00e7e Gen\u00e7lik Kollar\u0131 Ba\u015fkan\u0131 Necati \u00c7oban ve beraberindeki heyeti kabul etti. Kabulde Necati \u00c7oban\u2019a, UBP K\u0131z\u0131lba\u015f Gen\u00e7lik Kollar\u0131 Ba\u015fkan\u0131 Erin Salih Kuraner, UBP G\u00f6nyeli Gen\u00e7lik Kollar\u0131 Ba\u015fkan\u0131 Ahmet Kurt\u00e7u, UBP Minarelik\u00f6y Gen\u00e7lik Kollar\u0131 Ba\u015fkan\u0131 \u00dcmit Ko\u00e7ak ve UBP Ta\u015fk\u0131nk\u00f6y Gen\u00e7lik Kollar\u0131 Ba\u015fkan\u0131 Mustafa Kermeo\u011flu e\u015flik etti. Cumhurba\u015fkan\u0131 Ersin Tatar [&hellip;]<\/p>\n","protected":false},"author":908,"featured_media":14921,"comment_status":"open","ping_status":"open","sticky":false,"template":"","format":"standard","meta":{"_jetpack_memberships_contains_paid_content":false,"footnotes":"","jetpack_publicize_message":"","jetpack_publicize_feature_enabled":true,"jetpack_social_post_already_shared":true,"jetpack_social_options":{"image_generator_settings":{"template":"highway","default_image_id":0,"font":"","enabled":false},"version":2}},"categories":[253],"tags":[],"class_list":["post-14920","post","type-post","status-publish","format-standard","has-post-thumbnail","hentry","category-gundem"],"jetpack_publicize_connections":[],"jetpack_featured_media_url":"https:\/\/kibrisayna.com\/wp-content\/uploads\/2024\/12\/fbee1c80-758d-48e8-aec2-0772a14394b3.jpg","jetpack_sharing_enabled":true,"_links":{"self":[{"href":"https:\/\/kibrisayna.com\/index.php\/wp-json\/wp\/v2\/posts\/14920","targetHints":{"allow":["GET"]}}],"collection":[{"href":"https:\/\/kibrisayna.com\/index.php\/wp-json\/wp\/v2\/posts"}],"about":[{"href":"https:\/\/kibrisayna.com\/index.php\/wp-json\/wp\/v2\/types\/post"}],"author":[{"embeddable":true,"href":"https:\/\/kibrisayna.com\/index.php\/wp-json\/wp\/v2\/users\/908"}],"replies":[{"embeddable":true,"href":"https:\/\/kibrisayna.com\/index.php\/wp-json\/wp\/v2\/comments?post=14920"}],"version-history":[{"count":0,"href":"https:\/\/kibrisayna.com\/index.php\/wp-json\/wp\/v2\/posts\/14920\/revisions"}],"wp:featuredmedia":[{"embeddable":true,"href":"https:\/\/kibrisayna.com\/index.php\/wp-json\/wp\/v2\/media\/14921"}],"wp:attachment":[{"href":"https:\/\/kibrisayna.com\/index.php\/wp-json\/wp\/v2\/media?parent=14920"}],"wp:term":[{"taxonomy":"category","embeddable":true,"href":"https:\/\/kibrisayna.com\/index.php\/wp-json\/wp\/v2\/categories?post=14920"},{"taxonomy":"post_tag","embeddable":true,"href":"https:\/\/kibrisayna.com\/index.php\/wp-json\/wp\/v2\/tags?post=14920"}],"curies":[{"name":"wp","href":"https:\/\/api.w.org\/{rel}","templated":true}]}}