{"id":14918,"date":"2024-12-24T20:21:44","date_gmt":"2024-12-24T17:21:44","guid":{"rendered":"https:\/\/kibrisayna.com\/index.php\/2024\/12\/24\/erdogan-aliyev-ile-telefonda-gorustu-brtk\/"},"modified":"2024-12-24T20:21:44","modified_gmt":"2024-12-24T17:21:44","slug":"erdogan-aliyev-ile-telefonda-gorustu-brtk","status":"publish","type":"post","link":"https:\/\/kibrisayna.com\/index.php\/2024\/12\/24\/erdogan-aliyev-ile-telefonda-gorustu-brtk\/","title":{"rendered":"Erdo\u011fan, Aliyev ile telefonda g\u00f6r\u00fc\u015ft\u00fc \u2013 BRTK"},"content":{"rendered":"<p> <br \/>\n<\/p>\n<div>\n<div class=\"mariselle-image-container center\">\n                <img loading=\"lazy\" decoding=\"async\" width=\"864\" height=\"486\" class=\"lazy-image\" alt=\"\" sizes=\"auto, (max-width: 864px) 100vw, 864px\" src=\"https:\/\/brtk.net\/wp-content\/uploads\/2024\/12\/24\/1735043757365thumbs_b_c_65394f6dcd0434f3fe0f155084d4a6ef.jpg?ver=22bee7107a1d9059c30e67cb9cd942a8\" srcset=\"https:\/\/brtk.net\/wp-content\/uploads\/2024\/12\/24\/1735043757365thumbs_b_c_65394f6dcd0434f3fe0f155084d4a6ef.jpg?ver=22bee7107a1d9059c30e67cb9cd942a8 864w, https:\/\/brtk.net\/wp-content\/uploads\/2024\/12\/24\/1735043757365thumbs_b_c_65394f6dcd0434f3fe0f155084d4a6ef-300x169.jpg?ver=074993072e05c4f1e766d9b951122666 300w, https:\/\/brtk.net\/wp-content\/uploads\/2024\/12\/24\/1735043757365thumbs_b_c_65394f6dcd0434f3fe0f155084d4a6ef-768x432.jpg?ver=074993072e05c4f1e766d9b951122666 768w\"\/>                            <\/div>\n<p>\nT\u00fcrkiye Cumhurba\u015fkan\u0131 Recep Tayyip Erdo\u011fan, Azerbaycan Cumhurba\u015fkan\u0131 \u0130lham Aliyev ile telefonda g\u00f6r\u00fc\u015ft\u00fc.<\/p>\n<p>TC Cumhurba\u015fkanl\u0131\u011f\u0131 \u0130leti\u015fim Ba\u015fkanl\u0131\u011f\u0131ndan yap\u0131lan a\u00e7\u0131klamaya g\u00f6re, g\u00f6r\u00fc\u015fmede, T\u00fcrkiye ile Azerbaycan ikili ili\u015fkileri, b\u00f6lgesel ve k\u00fcresel geli\u015fmeler ele al\u0131nd\u0131.<\/p>\n<p>Cumhurba\u015fkan\u0131 Erdo\u011fan g\u00f6r\u00fc\u015fmede, Azerbaycan\u2019\u0131n D-8 \u00fcyeli\u011finin hay\u0131rl\u0131 olmas\u0131 dileklerini belirtirken, Azerbaycan ile Ermenistan aras\u0131ndaki bar\u0131\u015f s\u00fcreci ile ilgili geli\u015fmeleri yak\u0131ndan takip etti\u011fini, bar\u0131\u015f\u0131n sa\u011flanmas\u0131 ile G\u00fcney Kafkasya\u2019n\u0131n kal\u0131c\u0131 istikrar ve refaha kavu\u015fmas\u0131n\u0131 beklediklerini ifade etti.<\/p>\n<\/p><\/div>\n<p><script async\n                    defer\n                    crossorigin=\"anonymous\"\n                    src=\"https:\/\/connect.facebook.net\/tr_TR\/sdk.js#xfbml=1&#038;version=v3.3\"\n            ><\/script><br \/>\n<br \/><br \/>\n<br \/><a href=\"https:\/\/brtk.net\/erdogan-aliyev-ile-telefonda-gorustu-2\/\"><\/a><\/p>\n","protected":false},"excerpt":{"rendered":"<p>T\u00fcrkiye Cumhurba\u015fkan\u0131 Recep Tayyip Erdo\u011fan, Azerbaycan Cumhurba\u015fkan\u0131 \u0130lham Aliyev ile telefonda g\u00f6r\u00fc\u015ft\u00fc. TC Cumhurba\u015fkanl\u0131\u011f\u0131 \u0130leti\u015fim Ba\u015fkanl\u0131\u011f\u0131ndan yap\u0131lan a\u00e7\u0131klamaya g\u00f6re, g\u00f6r\u00fc\u015fmede, T\u00fcrkiye ile Azerbaycan ikili ili\u015fkileri, b\u00f6lgesel ve k\u00fcresel geli\u015fmeler ele al\u0131nd\u0131. Cumhurba\u015fkan\u0131 Erdo\u011fan g\u00f6r\u00fc\u015fmede, Azerbaycan\u2019\u0131n D-8 \u00fcyeli\u011finin hay\u0131rl\u0131 olmas\u0131 dileklerini belirtirken, Azerbaycan ile Ermenistan aras\u0131ndaki bar\u0131\u015f s\u00fcreci ile ilgili geli\u015fmeleri yak\u0131ndan takip etti\u011fini, bar\u0131\u015f\u0131n sa\u011flanmas\u0131 [&hellip;]<\/p>\n","protected":false},"author":908,"featured_media":14919,"comment_status":"open","ping_status":"open","sticky":false,"template":"","format":"standard","meta":{"_jetpack_memberships_contains_paid_content":false,"footnotes":"","jetpack_publicize_message":"","jetpack_publicize_feature_enabled":true,"jetpack_social_post_already_shared":true,"jetpack_social_options":{"image_generator_settings":{"template":"highway","default_image_id":0,"font":"","enabled":false},"version":2}},"categories":[587],"tags":[],"class_list":["post-14918","post","type-post","status-publish","format-standard","has-post-thumbnail","hentry","category-dunya"],"jetpack_publicize_connections":[],"jetpack_featured_media_url":"https:\/\/kibrisayna.com\/wp-content\/uploads\/2024\/12\/1735043757365thumbs_b_c_65394f6dcd0434f3fe0f155084d4a6ef.jpg","jetpack_sharing_enabled":true,"_links":{"self":[{"href":"https:\/\/kibrisayna.com\/index.php\/wp-json\/wp\/v2\/posts\/14918","targetHints":{"allow":["GET"]}}],"collection":[{"href":"https:\/\/kibrisayna.com\/index.php\/wp-json\/wp\/v2\/posts"}],"about":[{"href":"https:\/\/kibrisayna.com\/index.php\/wp-json\/wp\/v2\/types\/post"}],"author":[{"embeddable":true,"href":"https:\/\/kibrisayna.com\/index.php\/wp-json\/wp\/v2\/users\/908"}],"replies":[{"embeddable":true,"href":"https:\/\/kibrisayna.com\/index.php\/wp-json\/wp\/v2\/comments?post=14918"}],"version-history":[{"count":0,"href":"https:\/\/kibrisayna.com\/index.php\/wp-json\/wp\/v2\/posts\/14918\/revisions"}],"wp:featuredmedia":[{"embeddable":true,"href":"https:\/\/kibrisayna.com\/index.php\/wp-json\/wp\/v2\/media\/14919"}],"wp:attachment":[{"href":"https:\/\/kibrisayna.com\/index.php\/wp-json\/wp\/v2\/media?parent=14918"}],"wp:term":[{"taxonomy":"category","embeddable":true,"href":"https:\/\/kibrisayna.com\/index.php\/wp-json\/wp\/v2\/categories?post=14918"},{"taxonomy":"post_tag","embeddable":true,"href":"https:\/\/kibrisayna.com\/index.php\/wp-json\/wp\/v2\/tags?post=14918"}],"curies":[{"name":"wp","href":"https:\/\/api.w.org\/{rel}","templated":true}]}}