{"id":14914,"date":"2024-12-24T20:10:36","date_gmt":"2024-12-24T17:10:36","guid":{"rendered":"https:\/\/kibrisayna.com\/index.php\/2024\/12\/24\/cumhurbaskani-ersin-tatar-tugay-karakasi-kabul-etti-brtk\/"},"modified":"2024-12-24T20:10:36","modified_gmt":"2024-12-24T17:10:36","slug":"cumhurbaskani-ersin-tatar-tugay-karakasi-kabul-etti-brtk","status":"publish","type":"post","link":"https:\/\/kibrisayna.com\/index.php\/2024\/12\/24\/cumhurbaskani-ersin-tatar-tugay-karakasi-kabul-etti-brtk\/","title":{"rendered":"Cumhurba\u015fkan\u0131 Ersin Tatar, Tugay Karaka\u015f\u2019\u0131 kabul etti \u2013 BRTK"},"content":{"rendered":"<p> <br \/>\n<\/p>\n<div>\n<div class=\"mariselle-image-container center\">\n                <img loading=\"lazy\" decoding=\"async\" width=\"1600\" height=\"1066\" class=\"lazy-image\" alt=\"\" sizes=\"auto, (max-width: 1600px) 100vw, 1600px\" src=\"https:\/\/brtk.net\/wp-content\/uploads\/2024\/12\/24\/1735056381988tatar-karakas-5.jpg?ver=f96c68dd541aa9492ac5cda8b853f40d\" srcset=\"https:\/\/brtk.net\/wp-content\/uploads\/2024\/12\/24\/1735056381988tatar-karakas-5.jpg?ver=f96c68dd541aa9492ac5cda8b853f40d 1600w, https:\/\/brtk.net\/wp-content\/uploads\/2024\/12\/24\/1735056381988tatar-karakas-5-300x200.jpg?ver=2288ea676497fc2bce6f44338bcbe768 300w, https:\/\/brtk.net\/wp-content\/uploads\/2024\/12\/24\/1735056381988tatar-karakas-5-1024x682.jpg?ver=2288ea676497fc2bce6f44338bcbe768 1024w, https:\/\/brtk.net\/wp-content\/uploads\/2024\/12\/24\/1735056381988tatar-karakas-5-768x512.jpg?ver=2288ea676497fc2bce6f44338bcbe768 768w, https:\/\/brtk.net\/wp-content\/uploads\/2024\/12\/24\/1735056381988tatar-karakas-5-1536x1023.jpg?ver=f59479fb5e2e36ec095bc86a97f6162f 1536w\"\/>                            <\/div>\n<p>Cumhurba\u015fkan\u0131 Ersin Tatar, T\u00fcrkiye Y\u00fczy\u0131l\u0131 Bilim \u0130nsan\u0131, T\u00fcrkiye\u2019nin \u0130lk Uzay M\u00fchendisi, T\u00dcB\u0130TAK Savunma Sanayi Ara\u015ft\u0131rma ve Geli\u015ftirme Enstit\u00fcs\u00fc (SAGE) Uzay M\u00fchendisi Tugay Karaka\u015f\u2019\u0131 kabul ederek, g\u00f6r\u00fc\u015ft\u00fc. <\/p>\n<p>Cumhurba\u015fkanl\u0131\u011f\u0131\u2019ndan verilen bilgiye g\u00f6re, Cumhurba\u015fkan\u0131  Ersin Tatar, kabulde  yapt\u0131\u011f\u0131 konu\u015fmada, ba\u015far\u0131lar\u0131ndan dolay\u0131 Karaka\u015f\u2019\u0131 tebrik ederek, ba\u015far\u0131lar\u0131n\u0131n devam\u0131n\u0131 diledi. <\/p>\n<p>Tatar, b\u00f6ylesi \u00f6nemli bir ki\u015finin Kuzey K\u0131br\u0131s T\u00fcrk Cumhuriyeti\u2019ne g\u00f6sterdi\u011fi  ilginin \u00e7ok \u00f6nemli oldu\u011funu belirterek, kendisine te\u015fekk\u00fcr etti. <\/p>\n<p>Turgay Karaka\u015f ise, K\u0131br\u0131s T\u00fcrk halk\u0131na desteklerini dile getirerek,  her zaman Kuzey K\u0131br\u0131s T\u00fcrk Cumhuriyeti\u2019nin yan\u0131nda oldu\u011funu vurgulad\u0131.<\/p>\n<\/p><\/div>\n<p><script async\n                    defer\n                    crossorigin=\"anonymous\"\n                    src=\"https:\/\/connect.facebook.net\/tr_TR\/sdk.js#xfbml=1&#038;version=v3.3\"\n            ><\/script><br \/>\n<br \/><br \/>\n<br \/><a href=\"https:\/\/brtk.net\/cumhurbaskani-ersin-tatar-tugay-karakasi-kabul-etti\/\">Kaynak BRT <\/a><\/p>\n","protected":false},"excerpt":{"rendered":"<p>Cumhurba\u015fkan\u0131 Ersin Tatar, T\u00fcrkiye Y\u00fczy\u0131l\u0131 Bilim \u0130nsan\u0131, T\u00fcrkiye\u2019nin \u0130lk Uzay M\u00fchendisi, T\u00dcB\u0130TAK Savunma Sanayi Ara\u015ft\u0131rma ve Geli\u015ftirme Enstit\u00fcs\u00fc (SAGE) Uzay M\u00fchendisi Tugay Karaka\u015f\u2019\u0131 kabul ederek, g\u00f6r\u00fc\u015ft\u00fc. Cumhurba\u015fkanl\u0131\u011f\u0131\u2019ndan verilen bilgiye g\u00f6re, Cumhurba\u015fkan\u0131 Ersin Tatar, kabulde yapt\u0131\u011f\u0131 konu\u015fmada, ba\u015far\u0131lar\u0131ndan dolay\u0131 Karaka\u015f\u2019\u0131 tebrik ederek, ba\u015far\u0131lar\u0131n\u0131n devam\u0131n\u0131 diledi. Tatar, b\u00f6ylesi \u00f6nemli bir ki\u015finin Kuzey K\u0131br\u0131s T\u00fcrk Cumhuriyeti\u2019ne g\u00f6sterdi\u011fi ilginin [&hellip;]<\/p>\n","protected":false},"author":908,"featured_media":14915,"comment_status":"open","ping_status":"open","sticky":false,"template":"","format":"standard","meta":{"_jetpack_memberships_contains_paid_content":false,"footnotes":"","jetpack_publicize_message":"","jetpack_publicize_feature_enabled":true,"jetpack_social_post_already_shared":true,"jetpack_social_options":{"image_generator_settings":{"template":"highway","default_image_id":0,"font":"","enabled":false},"version":2}},"categories":[253],"tags":[],"class_list":["post-14914","post","type-post","status-publish","format-standard","has-post-thumbnail","hentry","category-gundem"],"jetpack_publicize_connections":[],"jetpack_featured_media_url":"https:\/\/kibrisayna.com\/wp-content\/uploads\/2024\/12\/1735056381988tatar-karakas-5.jpg","jetpack_sharing_enabled":true,"_links":{"self":[{"href":"https:\/\/kibrisayna.com\/index.php\/wp-json\/wp\/v2\/posts\/14914","targetHints":{"allow":["GET"]}}],"collection":[{"href":"https:\/\/kibrisayna.com\/index.php\/wp-json\/wp\/v2\/posts"}],"about":[{"href":"https:\/\/kibrisayna.com\/index.php\/wp-json\/wp\/v2\/types\/post"}],"author":[{"embeddable":true,"href":"https:\/\/kibrisayna.com\/index.php\/wp-json\/wp\/v2\/users\/908"}],"replies":[{"embeddable":true,"href":"https:\/\/kibrisayna.com\/index.php\/wp-json\/wp\/v2\/comments?post=14914"}],"version-history":[{"count":0,"href":"https:\/\/kibrisayna.com\/index.php\/wp-json\/wp\/v2\/posts\/14914\/revisions"}],"wp:featuredmedia":[{"embeddable":true,"href":"https:\/\/kibrisayna.com\/index.php\/wp-json\/wp\/v2\/media\/14915"}],"wp:attachment":[{"href":"https:\/\/kibrisayna.com\/index.php\/wp-json\/wp\/v2\/media?parent=14914"}],"wp:term":[{"taxonomy":"category","embeddable":true,"href":"https:\/\/kibrisayna.com\/index.php\/wp-json\/wp\/v2\/categories?post=14914"},{"taxonomy":"post_tag","embeddable":true,"href":"https:\/\/kibrisayna.com\/index.php\/wp-json\/wp\/v2\/tags?post=14914"}],"curies":[{"name":"wp","href":"https:\/\/api.w.org\/{rel}","templated":true}]}}