{"id":14912,"date":"2024-12-24T20:10:35","date_gmt":"2024-12-24T17:10:35","guid":{"rendered":"https:\/\/kibrisayna.com\/index.php\/2024\/12\/24\/tegmenlerle-ilgili-dosyanin-gorusulecegi-yuksek-disiplin-kurulu-16-ocak-2025te-toplanacak-brtk\/"},"modified":"2024-12-24T20:10:35","modified_gmt":"2024-12-24T17:10:35","slug":"tegmenlerle-ilgili-dosyanin-gorusulecegi-yuksek-disiplin-kurulu-16-ocak-2025te-toplanacak-brtk","status":"publish","type":"post","link":"https:\/\/kibrisayna.com\/index.php\/2024\/12\/24\/tegmenlerle-ilgili-dosyanin-gorusulecegi-yuksek-disiplin-kurulu-16-ocak-2025te-toplanacak-brtk\/","title":{"rendered":"Te\u011fmenlerle ilgili dosyan\u0131n g\u00f6r\u00fc\u015f\u00fclece\u011fi Y\u00fcksek Disiplin Kurulu 16 Ocak 2025\u2019te toplanacak \u2013 BRTK"},"content":{"rendered":"<p> <br \/>\n<\/p>\n<div>\n<div class=\"mariselle-image-container center\">\n                <img loading=\"lazy\" decoding=\"async\" width=\"864\" height=\"486\" class=\"lazy-image\" alt=\"\" sizes=\"auto, (max-width: 864px) 100vw, 864px\" src=\"https:\/\/brtk.net\/wp-content\/uploads\/2024\/12\/24\/1735045756038thumbs_b_c_cc1e62a85b6694ddcf52d730b7a86be4.jpg?ver=93cad337b76417c0e130d6dfe8e841a7\" srcset=\"https:\/\/brtk.net\/wp-content\/uploads\/2024\/12\/24\/1735045756038thumbs_b_c_cc1e62a85b6694ddcf52d730b7a86be4.jpg?ver=93cad337b76417c0e130d6dfe8e841a7 864w, https:\/\/brtk.net\/wp-content\/uploads\/2024\/12\/24\/1735045756038thumbs_b_c_cc1e62a85b6694ddcf52d730b7a86be4-300x169.jpg?ver=cae8ca4962461b5ebf664ae047b0e872 300w, https:\/\/brtk.net\/wp-content\/uploads\/2024\/12\/24\/1735045756038thumbs_b_c_cc1e62a85b6694ddcf52d730b7a86be4-768x432.jpg?ver=cae8ca4962461b5ebf664ae047b0e872 768w\"\/>                            <\/div>\n<p>T\u00fcrkiye Milli Savunma Bakanl\u0131\u011f\u0131 (MSB), te\u011fmenler ile ilgili dosyan\u0131n g\u00f6r\u00fc\u015f\u00fclece\u011fi Y\u00fcksek Disiplin Kurulu\u2019nun (YDK) 16 Ocak 2025\u2019te toplanaca\u011f\u0131n\u0131 bildirdi.<\/p>\n<p>Bakanl\u0131ktan yap\u0131lan a\u00e7\u0131klamada, \u201cTe\u011fmenler ile ilgili dosyan\u0131n g\u00f6r\u00fc\u015f\u00fclece\u011fi Y\u00fcksek Disiplin Kurulu 16 Ocak 2025 saat 14.00\u2019te toplanacakt\u0131r.\u201d ifadesi kullan\u0131ld\u0131.<\/p>\n<p>Kara Harp Okulundaki yemin t\u00f6reninde te\u011fmenlerin resmi olmayan k\u0131l\u0131\u00e7l\u0131 yemin yapan te\u011fmenler ile ihmali veya sorumlulu\u011fu olan di\u011fer personel, disiplin mevzuat\u0131 kapsam\u0131nda Y\u00fcksek Disiplin Kurulu\u2019na sevk edilmi\u015fti.<\/p>\n<\/p><\/div>\n<p><script async\n                    defer\n                    crossorigin=\"anonymous\"\n                    src=\"https:\/\/connect.facebook.net\/tr_TR\/sdk.js#xfbml=1&#038;version=v3.3\"\n            ><\/script><br \/>\n<br \/><br \/>\n<br \/><a href=\"https:\/\/brtk.net\/tc-msb-tegmenlerle-ilgili-dosyanin-gorusulecegi-yuksek-disiplin-kurulu-16-ocak-2025te-toplanacak\/\"><\/a><\/p>\n","protected":false},"excerpt":{"rendered":"<p>T\u00fcrkiye Milli Savunma Bakanl\u0131\u011f\u0131 (MSB), te\u011fmenler ile ilgili dosyan\u0131n g\u00f6r\u00fc\u015f\u00fclece\u011fi Y\u00fcksek Disiplin Kurulu\u2019nun (YDK) 16 Ocak 2025\u2019te toplanaca\u011f\u0131n\u0131 bildirdi. Bakanl\u0131ktan yap\u0131lan a\u00e7\u0131klamada, \u201cTe\u011fmenler ile ilgili dosyan\u0131n g\u00f6r\u00fc\u015f\u00fclece\u011fi Y\u00fcksek Disiplin Kurulu 16 Ocak 2025 saat 14.00\u2019te toplanacakt\u0131r.\u201d ifadesi kullan\u0131ld\u0131. Kara Harp Okulundaki yemin t\u00f6reninde te\u011fmenlerin resmi olmayan k\u0131l\u0131\u00e7l\u0131 yemin yapan te\u011fmenler ile ihmali veya sorumlulu\u011fu olan [&hellip;]<\/p>\n","protected":false},"author":908,"featured_media":14913,"comment_status":"open","ping_status":"open","sticky":false,"template":"","format":"standard","meta":{"_jetpack_memberships_contains_paid_content":false,"footnotes":"","jetpack_publicize_message":"","jetpack_publicize_feature_enabled":true,"jetpack_social_post_already_shared":true,"jetpack_social_options":{"image_generator_settings":{"template":"highway","default_image_id":0,"font":"","enabled":false},"version":2}},"categories":[587],"tags":[],"class_list":["post-14912","post","type-post","status-publish","format-standard","has-post-thumbnail","hentry","category-dunya"],"jetpack_publicize_connections":[],"jetpack_featured_media_url":"https:\/\/kibrisayna.com\/wp-content\/uploads\/2024\/12\/1735045756038thumbs_b_c_cc1e62a85b6694ddcf52d730b7a86be4.jpg","jetpack_sharing_enabled":true,"_links":{"self":[{"href":"https:\/\/kibrisayna.com\/index.php\/wp-json\/wp\/v2\/posts\/14912","targetHints":{"allow":["GET"]}}],"collection":[{"href":"https:\/\/kibrisayna.com\/index.php\/wp-json\/wp\/v2\/posts"}],"about":[{"href":"https:\/\/kibrisayna.com\/index.php\/wp-json\/wp\/v2\/types\/post"}],"author":[{"embeddable":true,"href":"https:\/\/kibrisayna.com\/index.php\/wp-json\/wp\/v2\/users\/908"}],"replies":[{"embeddable":true,"href":"https:\/\/kibrisayna.com\/index.php\/wp-json\/wp\/v2\/comments?post=14912"}],"version-history":[{"count":0,"href":"https:\/\/kibrisayna.com\/index.php\/wp-json\/wp\/v2\/posts\/14912\/revisions"}],"wp:featuredmedia":[{"embeddable":true,"href":"https:\/\/kibrisayna.com\/index.php\/wp-json\/wp\/v2\/media\/14913"}],"wp:attachment":[{"href":"https:\/\/kibrisayna.com\/index.php\/wp-json\/wp\/v2\/media?parent=14912"}],"wp:term":[{"taxonomy":"category","embeddable":true,"href":"https:\/\/kibrisayna.com\/index.php\/wp-json\/wp\/v2\/categories?post=14912"},{"taxonomy":"post_tag","embeddable":true,"href":"https:\/\/kibrisayna.com\/index.php\/wp-json\/wp\/v2\/tags?post=14912"}],"curies":[{"name":"wp","href":"https:\/\/api.w.org\/{rel}","templated":true}]}}