{"id":14896,"date":"2024-12-24T16:28:53","date_gmt":"2024-12-24T13:28:53","guid":{"rendered":"https:\/\/kibrisayna.com\/index.php\/2024\/12\/24\/adiyamanda-ailelerin-avukatlari-konusuyor-100-insanin-ozensizlik-nedeniyle-oldurulmesi-modern-ceza-hukuku-acisindan-kabul-edilemezdir-brtk\/"},"modified":"2024-12-24T16:28:53","modified_gmt":"2024-12-24T13:28:53","slug":"adiyamanda-ailelerin-avukatlari-konusuyor-100-insanin-ozensizlik-nedeniyle-oldurulmesi-modern-ceza-hukuku-acisindan-kabul-edilemezdir-brtk","status":"publish","type":"post","link":"https:\/\/kibrisayna.com\/index.php\/2024\/12\/24\/adiyamanda-ailelerin-avukatlari-konusuyor-100-insanin-ozensizlik-nedeniyle-oldurulmesi-modern-ceza-hukuku-acisindan-kabul-edilemezdir-brtk\/","title":{"rendered":"Ad\u0131yaman\u2019da ailelerin avukatlar\u0131 konu\u015fuyor\u2026 \u201c100 insan\u0131n \u00f6zensizlik nedeniyle \u00f6ld\u00fcr\u00fclmesi modern ceza hukuku a\u00e7\u0131s\u0131ndan kabul edilemezdir\u201d \u2013 BRTK"},"content":{"rendered":"<p> <br \/>\n<\/p>\n<div>\n<div class=\"mariselle-image-container center\">\n                <img loading=\"lazy\" decoding=\"async\" width=\"815\" height=\"618\" class=\"lazy-image\" alt=\"\" sizes=\"auto, (max-width: 815px) 100vw, 815px\" src=\"https:\/\/brtk.net\/wp-content\/uploads\/2024\/12\/24\/1735041482581isias-3.png?ver=3797d3bc4aa6538ad89cc4b305c131eb\" srcset=\"https:\/\/brtk.net\/wp-content\/uploads\/2024\/12\/24\/1735041482581isias-3.png?ver=3797d3bc4aa6538ad89cc4b305c131eb 815w, https:\/\/brtk.net\/wp-content\/uploads\/2024\/12\/24\/1735041482581isias-3-300x227.png?ver=869449a919548ee40813045f038f425a 300w, https:\/\/brtk.net\/wp-content\/uploads\/2024\/12\/24\/1735041482581isias-3-768x582.png?ver=34a8a180dd6b2854bd84e4a11233b261 768w, https:\/\/brtk.net\/wp-content\/uploads\/2024\/12\/24\/1735041482581isias-3-130x100.png?ver=ac875afbc31cbaf6c70e704a04fa0370 130w\"\/>                            <\/div>\n<p>Ad\u0131yaman 3. A\u011f\u0131r Ceza Mahkemesi\u2019nde devam eden \u0130sias Davas\u0131 alt\u0131nc\u0131 duru\u015fmas\u0131nda ailelerin avukatlar\u0131 dinleniyor. <\/p>\n<p>\u0130lk s\u00f6z\u00fc Ru\u015fen Y\u00fccesoylu Karakaya\u2019n\u0131n avukat\u0131 ald\u0131. Bilirki\u015fi raporlar\u0131na dikkat \u00e7eken avukat, T\u00fcrkiye\u2019de bir depremin olaca\u011f\u0131n\u0131n kesin oldu\u011funa i\u015faret etti, yap\u0131lar\u0131n da buna g\u00f6re in\u015fa edilmesi gereklili\u011fini vurgulad\u0131.<br \/>Avukat, binan\u0131n stati\u011finin belgelerde sahtecilikle bozuldu\u011funu kaydetti. <\/p>\n<p>Apartman olarak in\u015fa edilen yap\u0131n\u0131n otele d\u00f6n\u00fc\u015ft\u00fcr\u00fcld\u00fc\u011f\u00fcne i\u015faret eden avukat, d\u0131\u015fardan l\u00fcks bir bina gibi g\u00f6r\u00fcnen binaya san\u0131klar taraf\u0131ndan hi\u00e7bir g\u00fc\u00e7lendirme yap\u0131lmad\u0131\u011f\u0131n\u0131, bu konuda uzman g\u00f6r\u00fc\u015f\u00fc al\u0131nmad\u0131\u011f\u0131n\u0131 s\u00f6yledi. <\/p>\n<p>Binaya asans\u00f6r eklenmesine ve ka\u00e7ak kat\u0131n \u00e7\u0131k\u0131lmas\u0131na de\u011finen avukat, binaya ek y\u00fck bindirilerek stati\u011finin bozuldu\u011funu s\u00f6yledi. <\/p>\n<p>Avukat, san\u0131klar\u0131n tehlikeli neticeyi \u00f6ng\u00f6r\u00fcp kay\u0131ts\u0131z kald\u0131\u011f\u0131n\u0131 ifade ederek, san\u0131klar\u0131n neden olas\u0131 kasttan ceza almas\u0131 gerekti\u011fini anlatt\u0131. Olas\u0131 kast h\u00fck\u00fcmlerinin uygulanmas\u0131n\u0131 isteyen avukat, san\u0131\u011f\u0131n kendi yak\u0131nlar\u0131n\u0131n da o binada hayat\u0131n\u0131 kaybetmi\u015f olsayd\u0131 savc\u0131n\u0131n bilin\u00e7li taksir isteminin hakl\u0131 olabilece\u011fini s\u00f6yledi, \u201d100 insan\u0131n \u00f6zensizlikle \u00f6ld\u00fcr\u00fclmesi modern ceza hukuku a\u00e7\u0131s\u0131ndan kabul edilemezdir. \u201c dedi. <\/p>\n<p>\u2013 \u201cBinan\u0131n ruhsat\u0131 sahte ve binada 72 can \u00f6ld\u00fc\u2026 Bu kadar basit\u201d<\/p>\n<p>Ard\u0131ndan s\u00f6z alan Pervin Aksoy \u0130pek\u00e7io\u011flu ve Serta\u00e7 ipek\u00e7io\u011flu\u2019nun avukat\u0131, bilirki\u015fi raporuna i\u015faret ederek, bilirki\u015fi raporuna kar\u015f\u0131 beyanda bulunamad\u0131klar\u0131n\u0131 ifade etti.<\/p>\n<p>Binan\u0131n y\u0131k\u0131lma y\u00f6n\u00fcne dikkat \u00e7eken Ko\u00e7o\u011flu, ilk ba\u015ftan beri binan\u0131n \u00e7eki\u00e7leme etkisiyle y\u0131k\u0131ld\u0131\u011f\u0131 y\u00f6n\u00fcnde iddialar oldu\u011funun ancak \u00e7eki\u00e7leme etkisi olmad\u0131\u011f\u0131n\u0131n bilirki\u015fi raporunda a\u00e7\u0131kl\u0131\u011fa kavu\u015ftu\u011funu kaydetti.<br \/>Avukat, duru\u015fmaya getirilen Zeynelcan isimli tan\u0131\u011f\u0131n beyanlar\u0131na de\u011finerek, \u201cbu tan\u0131\u011f\u0131n otelde \u00e7al\u0131\u015fmad\u0131\u011f\u0131n\u0131, hatta sa\u011f\u0131n\u0131 solunu bile bilmedi\u011fini\u201d savundu. <\/p>\n<p>\u201cBina kendi baca\u011f\u0131 \u00fczerine d\u00f6nerek yatt\u0131.\u201d diyen avukat, 1998 Y\u00f6netmeli\u011fi\u2019ne g\u00f6re yap\u0131lmas\u0131 gereken binan\u0131n zemin et\u00fct \u00e7al\u0131\u015fmas\u0131n\u0131n yap\u0131lmad\u0131\u011f\u0131n\u0131 kaydetti. Ruhsatta sahtecilik oldu\u011funun a\u00e7\u0131k ve net oldu\u011funu ifade eden avukat, \u201cBinan\u0131n ikinci ruhsat\u0131 sahte\u2026 Binada 72 can \u00f6ld\u00fc. Bu kadar basit.\u201d \u015feklinde konu\u015ftu.<\/p>\n<p>\u2013 \u201cOlas\u0131 kast burada olmayacaksa, nerede olacak?<\/p>\n<p>\u201cBurada bilin\u00e7li taksir yok, burada a\u00e7\u0131k ve net olas\u0131 kast var.\u201d diyen avukat, 1 Ocak 2023\u2019ten sonra otelde san\u0131klardan ve ailelerinden hi\u00e7 kimsenin kalmad\u0131\u011f\u0131n\u0131 vurgulad\u0131. Avukat \u015f\u00f6yle devam etti: <\/p>\n<p>\u201cOlas\u0131 kast burada olmayacaksa, nerede olacak? Kolon kesmediler ama asmolen d\u00f6\u015femeyi deldiler ve merdiveni kald\u0131rd\u0131lar\u2026 O daha b\u00fcy\u00fck bir s\u0131k\u0131nt\u0131. Binan\u0131n stati\u011fiyle oynad\u0131lar.\u201c <\/p>\n<p>Bilin\u00e7li taksirden h\u00fck\u00fcm verilmesi halinde verilebilecek maksimum cezan\u0131n 22 bu\u00e7uk y\u0131l oldu\u011funa i\u015faret eden avukat, binada 72 can\u0131n hayat\u0131n\u0131 kaybetti\u011fini ve her bir can i\u00e7in san\u0131klar\u0131n alaca\u011f\u0131 ceza hesapland\u0131\u011f\u0131nda bunun 3 ay 22 g\u00fcne tekab\u00fcl etti\u011fini anlatt\u0131; \u201cBenim yak\u0131nlar\u0131m bir depremde \u00f6lse ve her biri i\u00e7in \u00f6ng\u00f6r\u00fclen ceza 3 ay 22 g\u00fcn olsa \u2018T\u00fcrkiye\u2019de hukuk yoktur.\u2019 derdim ve ben bu kadar sakin kalamazd\u0131m. Buradaki kimse sakin kalamad\u0131.\u201d dedi. <\/p>\n<p>\u0130sias\u2019\u0131n y\u00f6netmeli\u011fe uygun yap\u0131lmad\u0131\u011f\u0131 i\u00e7in y\u0131k\u0131ld\u0131\u011f\u0131n\u0131 s\u00f6yleyen avukat, Ahmet Bozkurt\u2019un binadan 3 g\u00fcn ses geldi\u011fi iddialar\u0131n\u0131n ve \u00e7ocuklar\u0131n so\u011fuktan \u00f6ld\u00fc\u011f\u00fc iddialar\u0131n\u0131n da ger\u00e7ekleri yans\u0131tmad\u0131\u011f\u0131n\u0131 kaydetti. Avukat, depremden sonra kasas\u0131n\u0131 almak i\u00e7in \u0130sias\u2019a gelen Ahmet Bozkurt\u2019un ka\u00e7t\u0131\u011f\u0131n\u0131 ve teslim olmad\u0131\u011f\u0131n\u0131 belirtti.<\/p>\n<p>Avukat, Mehmet Fatih Bozkurt\u2019un da yetkili oldu\u011funa dair belgeleri sundu\u011funu s\u00f6yledi. Bilin\u00e7li taksir konusunda m\u00fctalaan\u0131n objektif olarak yaz\u0131lmad\u0131\u011f\u0131n\u0131 savunan avukat, Ahmet Bozkurt\u2019un ad\u0131 ve soyad\u0131 d\u0131\u015f\u0131nda ba\u015fka hi\u00e7bir \u015feyi do\u011fru s\u00f6ylemedi\u011fini kaydetti. Avukat, dosyadaki kamera g\u00f6r\u00fcnt\u00fcs\u00fcn\u00fcn kaybedildi\u011fini de s\u00f6yledi. <\/p>\n<p>Otelle ilgisi olmayan birisi oldu\u011funu iddia eden Efe Bozkurt\u2019un K\u0131br\u0131s\u2019tan bir kafile gelece\u011fini nereden bildi\u011fini de soran avukat, s\u00f6zlerini \u015f\u00f6yle tamamlad\u0131: <\/p>\n<p>\u201cN\u00fcfusu \u00e7ok az olan KKTC i\u00e7in 27 can ve 8 b\u00fcy\u00fc\u011f\u00fcn kayb\u0131 \u00e7ok ciddi bir say\u0131. Bu deprem nedeniyle K\u0131br\u0131s\u2019\u0131n bir neslinde sorun ya\u015fanacak. Buradaki karar, K\u0131br\u0131s\u2019\u0131n sadece bug\u00fcn\u00fcn\u00fc de\u011fil \u00f6n\u00fcndeki 30-40 senesini etkileyecek, evlatlar\u0131n\u0131za ve gelece\u011fimize miras olacak bir karar olacak. Toplumda bir cezas\u0131zl\u0131k alg\u0131s\u0131 var. Bunun y\u0131k\u0131lmas\u0131 laz\u0131m.\u201d<\/p>\n<\/p><\/div>\n<p><script async\n                    defer\n                    crossorigin=\"anonymous\"\n                    src=\"https:\/\/connect.facebook.net\/tr_TR\/sdk.js#xfbml=1&#038;version=v3.3\"\n            ><\/script><br \/>\n<br \/><br \/>\n<br \/><a href=\"https:\/\/brtk.net\/adiyamanda-ailelerin-avukatlari-konusuyor-100-insanin-ozensizlik-nedeniyle-oldurulmesi-modern-ceza-hukuku-acisindan-kabul-edilemezdir\/\">Kaynak BRT <\/a><\/p>\n","protected":false},"excerpt":{"rendered":"<p>Ad\u0131yaman 3. A\u011f\u0131r Ceza Mahkemesi\u2019nde devam eden \u0130sias Davas\u0131 alt\u0131nc\u0131 duru\u015fmas\u0131nda ailelerin avukatlar\u0131 dinleniyor. \u0130lk s\u00f6z\u00fc Ru\u015fen Y\u00fccesoylu Karakaya\u2019n\u0131n avukat\u0131 ald\u0131. Bilirki\u015fi raporlar\u0131na dikkat \u00e7eken avukat, T\u00fcrkiye\u2019de bir depremin olaca\u011f\u0131n\u0131n kesin oldu\u011funa i\u015faret etti, yap\u0131lar\u0131n da buna g\u00f6re in\u015fa edilmesi gereklili\u011fini vurgulad\u0131.Avukat, binan\u0131n stati\u011finin belgelerde sahtecilikle bozuldu\u011funu kaydetti. Apartman olarak in\u015fa edilen yap\u0131n\u0131n otele d\u00f6n\u00fc\u015ft\u00fcr\u00fcld\u00fc\u011f\u00fcne [&hellip;]<\/p>\n","protected":false},"author":908,"featured_media":14897,"comment_status":"open","ping_status":"open","sticky":false,"template":"","format":"standard","meta":{"_jetpack_memberships_contains_paid_content":false,"footnotes":"","jetpack_publicize_message":"","jetpack_publicize_feature_enabled":true,"jetpack_social_post_already_shared":true,"jetpack_social_options":{"image_generator_settings":{"template":"highway","default_image_id":0,"font":"","enabled":false},"version":2}},"categories":[253],"tags":[],"class_list":["post-14896","post","type-post","status-publish","format-standard","has-post-thumbnail","hentry","category-gundem"],"jetpack_publicize_connections":[],"jetpack_featured_media_url":"https:\/\/kibrisayna.com\/wp-content\/uploads\/2024\/12\/1735041482581isias-3.png","jetpack_sharing_enabled":true,"_links":{"self":[{"href":"https:\/\/kibrisayna.com\/index.php\/wp-json\/wp\/v2\/posts\/14896","targetHints":{"allow":["GET"]}}],"collection":[{"href":"https:\/\/kibrisayna.com\/index.php\/wp-json\/wp\/v2\/posts"}],"about":[{"href":"https:\/\/kibrisayna.com\/index.php\/wp-json\/wp\/v2\/types\/post"}],"author":[{"embeddable":true,"href":"https:\/\/kibrisayna.com\/index.php\/wp-json\/wp\/v2\/users\/908"}],"replies":[{"embeddable":true,"href":"https:\/\/kibrisayna.com\/index.php\/wp-json\/wp\/v2\/comments?post=14896"}],"version-history":[{"count":0,"href":"https:\/\/kibrisayna.com\/index.php\/wp-json\/wp\/v2\/posts\/14896\/revisions"}],"wp:featuredmedia":[{"embeddable":true,"href":"https:\/\/kibrisayna.com\/index.php\/wp-json\/wp\/v2\/media\/14897"}],"wp:attachment":[{"href":"https:\/\/kibrisayna.com\/index.php\/wp-json\/wp\/v2\/media?parent=14896"}],"wp:term":[{"taxonomy":"category","embeddable":true,"href":"https:\/\/kibrisayna.com\/index.php\/wp-json\/wp\/v2\/categories?post=14896"},{"taxonomy":"post_tag","embeddable":true,"href":"https:\/\/kibrisayna.com\/index.php\/wp-json\/wp\/v2\/tags?post=14896"}],"curies":[{"name":"wp","href":"https:\/\/api.w.org\/{rel}","templated":true}]}}