{"id":14894,"date":"2024-12-24T15:57:14","date_gmt":"2024-12-24T12:57:14","guid":{"rendered":"https:\/\/kibrisayna.com\/index.php\/2024\/12\/24\/meteorolojiden-denizlerde-siddetli-ruzgar-uyarisi-brtk\/"},"modified":"2024-12-24T15:57:14","modified_gmt":"2024-12-24T12:57:14","slug":"meteorolojiden-denizlerde-siddetli-ruzgar-uyarisi-brtk","status":"publish","type":"post","link":"https:\/\/kibrisayna.com\/index.php\/2024\/12\/24\/meteorolojiden-denizlerde-siddetli-ruzgar-uyarisi-brtk\/","title":{"rendered":"Meteoroloji\u2019den denizlerde \u015fiddetli r\u00fczgar uyar\u0131s\u0131 \u2013 BRTK"},"content":{"rendered":"<p> <br \/>\n<\/p>\n<div>\n<div class=\"mariselle-image-container center\">\n                <img loading=\"lazy\" decoding=\"async\" width=\"879\" height=\"494\" class=\"lazy-image\" alt=\"\" sizes=\"auto, (max-width: 879px) 100vw, 879px\" src=\"https:\/\/brtk.net\/wp-content\/uploads\/2024\/12\/24\/1735044112265ido-firtina-depophotos_15874281-kulak_16_9_1608002723.jpg?ver=068f2fb2d2bb59dd924aded7dc7ff28f\" srcset=\"https:\/\/brtk.net\/wp-content\/uploads\/2024\/12\/24\/1735044112265ido-firtina-depophotos_15874281-kulak_16_9_1608002723.jpg?ver=068f2fb2d2bb59dd924aded7dc7ff28f 879w, https:\/\/brtk.net\/wp-content\/uploads\/2024\/12\/24\/1735044112265ido-firtina-depophotos_15874281-kulak_16_9_1608002723-300x169.jpg?ver=068f2fb2d2bb59dd924aded7dc7ff28f 300w, https:\/\/brtk.net\/wp-content\/uploads\/2024\/12\/24\/1735044112265ido-firtina-depophotos_15874281-kulak_16_9_1608002723-768x432.jpg?ver=068f2fb2d2bb59dd924aded7dc7ff28f 768w\"\/>                            <\/div>\n<p>Meteoroloji, denizlerde bu ak\u015fam ba\u015flay\u0131p yar\u0131n ak\u015fama kadar s\u00fcrecek \u015fiddeti r\u00fczgar uyar\u0131s\u0131nda bulundu.<\/p>\n<p>Meteoroloji Dairesi\u2019nden yap\u0131lan a\u00e7\u0131klamaya g\u00f6re, bu gece 21.00\u2019den yar\u0131n gece 21.00\u2019e kadar b\u00f6lge denizlerinden Taurus ve Deltada \u201cf\u0131rt\u0131nams\u0131\u201d r\u00fczgar bekleniyor.<\/p>\n<p>A\u00e7\u0131klamada, \u201cB\u00f6lgemiz denizlerinden Taurus ve Delta\u2019da g\u00fcney ve bat\u0131 y\u00f6nlerden esmekte olan r\u00fczgar\u0131n zamanla kuvvetlenerek 7 kuvvetinde ve f\u0131rt\u0131nams\u0131 r\u00fczgar \u015feklinde esmesi beklenmektedir\u201d denildi.<\/p>\n<\/p><\/div>\n<p><script async\n                    defer\n                    crossorigin=\"anonymous\"\n                    src=\"https:\/\/connect.facebook.net\/tr_TR\/sdk.js#xfbml=1&#038;version=v3.3\"\n            ><\/script><br \/>\n<br \/><br \/>\n<br \/><a href=\"https:\/\/brtk.net\/meteorolojiden-denizlerde-siddetli-ruzgar-uyarisi\/\">Kaynak BRT <\/a><\/p>\n","protected":false},"excerpt":{"rendered":"<p>Meteoroloji, denizlerde bu ak\u015fam ba\u015flay\u0131p yar\u0131n ak\u015fama kadar s\u00fcrecek \u015fiddeti r\u00fczgar uyar\u0131s\u0131nda bulundu. Meteoroloji Dairesi\u2019nden yap\u0131lan a\u00e7\u0131klamaya g\u00f6re, bu gece 21.00\u2019den yar\u0131n gece 21.00\u2019e kadar b\u00f6lge denizlerinden Taurus ve Deltada \u201cf\u0131rt\u0131nams\u0131\u201d r\u00fczgar bekleniyor. A\u00e7\u0131klamada, \u201cB\u00f6lgemiz denizlerinden Taurus ve Delta\u2019da g\u00fcney ve bat\u0131 y\u00f6nlerden esmekte olan r\u00fczgar\u0131n zamanla kuvvetlenerek 7 kuvvetinde ve f\u0131rt\u0131nams\u0131 r\u00fczgar \u015feklinde esmesi [&hellip;]<\/p>\n","protected":false},"author":908,"featured_media":14895,"comment_status":"open","ping_status":"open","sticky":false,"template":"","format":"standard","meta":{"_jetpack_memberships_contains_paid_content":false,"footnotes":"","jetpack_publicize_message":"","jetpack_publicize_feature_enabled":true,"jetpack_social_post_already_shared":true,"jetpack_social_options":{"image_generator_settings":{"template":"highway","default_image_id":0,"font":"","enabled":false},"version":2}},"categories":[253],"tags":[],"class_list":["post-14894","post","type-post","status-publish","format-standard","has-post-thumbnail","hentry","category-gundem"],"jetpack_publicize_connections":[],"jetpack_featured_media_url":"https:\/\/kibrisayna.com\/wp-content\/uploads\/2024\/12\/1735044112265ido-firtina-depophotos_15874281-kulak_16_9_1608002723.jpg","jetpack_sharing_enabled":true,"_links":{"self":[{"href":"https:\/\/kibrisayna.com\/index.php\/wp-json\/wp\/v2\/posts\/14894","targetHints":{"allow":["GET"]}}],"collection":[{"href":"https:\/\/kibrisayna.com\/index.php\/wp-json\/wp\/v2\/posts"}],"about":[{"href":"https:\/\/kibrisayna.com\/index.php\/wp-json\/wp\/v2\/types\/post"}],"author":[{"embeddable":true,"href":"https:\/\/kibrisayna.com\/index.php\/wp-json\/wp\/v2\/users\/908"}],"replies":[{"embeddable":true,"href":"https:\/\/kibrisayna.com\/index.php\/wp-json\/wp\/v2\/comments?post=14894"}],"version-history":[{"count":0,"href":"https:\/\/kibrisayna.com\/index.php\/wp-json\/wp\/v2\/posts\/14894\/revisions"}],"wp:featuredmedia":[{"embeddable":true,"href":"https:\/\/kibrisayna.com\/index.php\/wp-json\/wp\/v2\/media\/14895"}],"wp:attachment":[{"href":"https:\/\/kibrisayna.com\/index.php\/wp-json\/wp\/v2\/media?parent=14894"}],"wp:term":[{"taxonomy":"category","embeddable":true,"href":"https:\/\/kibrisayna.com\/index.php\/wp-json\/wp\/v2\/categories?post=14894"},{"taxonomy":"post_tag","embeddable":true,"href":"https:\/\/kibrisayna.com\/index.php\/wp-json\/wp\/v2\/tags?post=14894"}],"curies":[{"name":"wp","href":"https:\/\/api.w.org\/{rel}","templated":true}]}}