{"id":14891,"date":"2024-12-24T14:53:58","date_gmt":"2024-12-24T11:53:58","guid":{"rendered":"https:\/\/kibrisayna.com\/index.php\/2024\/12\/24\/cavus-taziye-mesaji-yayimladi-brtk\/"},"modified":"2024-12-24T14:53:58","modified_gmt":"2024-12-24T11:53:58","slug":"cavus-taziye-mesaji-yayimladi-brtk","status":"publish","type":"post","link":"https:\/\/kibrisayna.com\/index.php\/2024\/12\/24\/cavus-taziye-mesaji-yayimladi-brtk\/","title":{"rendered":"\u00c7avu\u015f, taziye mesaj\u0131 yay\u0131mlad\u0131 \u2013 BRTK"},"content":{"rendered":"<p> <br \/>\n<\/p>\n<div>\n<div class=\"mariselle-image-container center\">\n                <img loading=\"lazy\" decoding=\"async\" width=\"1024\" height=\"680\" class=\"lazy-image\" alt=\"\" sizes=\"auto, (max-width: 1024px) 100vw, 1024px\" src=\"https:\/\/brtk.net\/wp-content\/uploads\/2024\/12\/24\/1735037288156HUSEYIN-CAVUS-1.jpeg?ver=d886c4c85423b12039359a4f1ce09d91\" srcset=\"https:\/\/brtk.net\/wp-content\/uploads\/2024\/12\/24\/1735037288156HUSEYIN-CAVUS-1.jpeg?ver=d886c4c85423b12039359a4f1ce09d91 1024w, https:\/\/brtk.net\/wp-content\/uploads\/2024\/12\/24\/1735037288156HUSEYIN-CAVUS-1-300x199.jpeg?ver=d886c4c85423b12039359a4f1ce09d91 300w, https:\/\/brtk.net\/wp-content\/uploads\/2024\/12\/24\/1735037288156HUSEYIN-CAVUS-1-768x510.jpeg?ver=d886c4c85423b12039359a4f1ce09d91 768w\"\/>                            <\/div>\n<p>Tar\u0131m ve Do\u011fal Kaynaklar Bakan\u0131 H\u00fcseyin \u00c7avu\u015f, Bal\u0131kesir\u2019deki patlamada hayat\u0131n\u0131 kaybedenler i\u00e7in taziye mesaj\u0131 yay\u0131mlad\u0131.<\/p>\n<p>\u00c7avu\u015f mesaj\u0131nda, Bal\u0131kesir\u2019in Karesi il\u00e7esinde patlay\u0131c\u0131 \u00fcreten bir fabrikada meydana gelen patlamada 12 vatanda\u015f\u0131m\u0131z\u0131n hayat\u0131n\u0131 kaybetti\u011fini, 4 vatanda\u015f\u0131m\u0131z\u0131n ise yaraland\u0131\u011f\u0131n\u0131 derin bir \u00fcz\u00fcnt\u00fcyle \u00f6\u011frenmi\u015f bulunuyorum. Bu elim olayda ya\u015fam\u0131n\u0131 yitiren vatanda\u015flar\u0131m\u0131za Allah\u2019tan rahmet, kederli ailelerine, sevdiklerine ve t\u00fcm T\u00fcrk milletine ba\u015fsa\u011fl\u0131\u011f\u0131 dileklerimi iletiyorum. Yaral\u0131 karde\u015flerimizin en k\u0131sa s\u00fcrede sa\u011fl\u0131klar\u0131na kavu\u015fmalar\u0131n\u0131 temenni ediyorum. B\u00f6ylesi ac\u0131 olaylar\u0131n bir daha ya\u015fanmamas\u0131 en b\u00fcy\u00fck dile\u011fimizdir.\u201d ifadelerine yer verdi.<\/p>\n<\/p><\/div>\n<p><script async\n                    defer\n                    crossorigin=\"anonymous\"\n                    src=\"https:\/\/connect.facebook.net\/tr_TR\/sdk.js#xfbml=1&#038;version=v3.3\"\n            ><\/script><br \/>\n<br \/><br \/>\n<br \/><a href=\"https:\/\/brtk.net\/cavus-taziye-mesaji-yayimladi\/\">Kaynak BRT <\/a><\/p>\n","protected":false},"excerpt":{"rendered":"<p>Tar\u0131m ve Do\u011fal Kaynaklar Bakan\u0131 H\u00fcseyin \u00c7avu\u015f, Bal\u0131kesir\u2019deki patlamada hayat\u0131n\u0131 kaybedenler i\u00e7in taziye mesaj\u0131 yay\u0131mlad\u0131. \u00c7avu\u015f mesaj\u0131nda, Bal\u0131kesir\u2019in Karesi il\u00e7esinde patlay\u0131c\u0131 \u00fcreten bir fabrikada meydana gelen patlamada 12 vatanda\u015f\u0131m\u0131z\u0131n hayat\u0131n\u0131 kaybetti\u011fini, 4 vatanda\u015f\u0131m\u0131z\u0131n ise yaraland\u0131\u011f\u0131n\u0131 derin bir \u00fcz\u00fcnt\u00fcyle \u00f6\u011frenmi\u015f bulunuyorum. Bu elim olayda ya\u015fam\u0131n\u0131 yitiren vatanda\u015flar\u0131m\u0131za Allah\u2019tan rahmet, kederli ailelerine, sevdiklerine ve t\u00fcm T\u00fcrk milletine [&hellip;]<\/p>\n","protected":false},"author":908,"featured_media":14892,"comment_status":"open","ping_status":"open","sticky":false,"template":"","format":"standard","meta":{"_jetpack_memberships_contains_paid_content":false,"footnotes":"","jetpack_publicize_message":"","jetpack_publicize_feature_enabled":true,"jetpack_social_post_already_shared":true,"jetpack_social_options":{"image_generator_settings":{"template":"highway","default_image_id":0,"font":"","enabled":false},"version":2}},"categories":[253],"tags":[],"class_list":["post-14891","post","type-post","status-publish","format-standard","has-post-thumbnail","hentry","category-gundem"],"jetpack_publicize_connections":[],"jetpack_featured_media_url":"https:\/\/kibrisayna.com\/wp-content\/uploads\/2024\/12\/1735037288156HUSEYIN-CAVUS-1.jpeg","jetpack_sharing_enabled":true,"_links":{"self":[{"href":"https:\/\/kibrisayna.com\/index.php\/wp-json\/wp\/v2\/posts\/14891","targetHints":{"allow":["GET"]}}],"collection":[{"href":"https:\/\/kibrisayna.com\/index.php\/wp-json\/wp\/v2\/posts"}],"about":[{"href":"https:\/\/kibrisayna.com\/index.php\/wp-json\/wp\/v2\/types\/post"}],"author":[{"embeddable":true,"href":"https:\/\/kibrisayna.com\/index.php\/wp-json\/wp\/v2\/users\/908"}],"replies":[{"embeddable":true,"href":"https:\/\/kibrisayna.com\/index.php\/wp-json\/wp\/v2\/comments?post=14891"}],"version-history":[{"count":0,"href":"https:\/\/kibrisayna.com\/index.php\/wp-json\/wp\/v2\/posts\/14891\/revisions"}],"wp:featuredmedia":[{"embeddable":true,"href":"https:\/\/kibrisayna.com\/index.php\/wp-json\/wp\/v2\/media\/14892"}],"wp:attachment":[{"href":"https:\/\/kibrisayna.com\/index.php\/wp-json\/wp\/v2\/media?parent=14891"}],"wp:term":[{"taxonomy":"category","embeddable":true,"href":"https:\/\/kibrisayna.com\/index.php\/wp-json\/wp\/v2\/categories?post=14891"},{"taxonomy":"post_tag","embeddable":true,"href":"https:\/\/kibrisayna.com\/index.php\/wp-json\/wp\/v2\/tags?post=14891"}],"curies":[{"name":"wp","href":"https:\/\/api.w.org\/{rel}","templated":true}]}}