{"id":14882,"date":"2024-12-24T14:25:39","date_gmt":"2024-12-24T11:25:39","guid":{"rendered":"https:\/\/kibrisayna.com\/index.php\/2024\/12\/24\/tatar-aliyevin-dogum-gununu-kutladi-gorusmede-iki-ulke-iliskileri-ele-alindi-brtk\/"},"modified":"2024-12-24T14:25:39","modified_gmt":"2024-12-24T11:25:39","slug":"tatar-aliyevin-dogum-gununu-kutladi-gorusmede-iki-ulke-iliskileri-ele-alindi-brtk","status":"publish","type":"post","link":"https:\/\/kibrisayna.com\/index.php\/2024\/12\/24\/tatar-aliyevin-dogum-gununu-kutladi-gorusmede-iki-ulke-iliskileri-ele-alindi-brtk\/","title":{"rendered":"Tatar, Aliyev\u2019in do\u011fum g\u00fcn\u00fcn\u00fc kutlad\u0131, g\u00f6r\u00fc\u015fmede iki \u00fclke ili\u015fkileri ele al\u0131nd\u0131 \u2013 BRTK"},"content":{"rendered":"<p> <br \/>\n<\/p>\n<div>\n<div class=\"mariselle-image-container center\">\n                <img loading=\"lazy\" decoding=\"async\" width=\"1575\" height=\"739\" class=\"lazy-image\" alt=\"\" sizes=\"auto, (max-width: 1575px) 100vw, 1575px\" src=\"https:\/\/brtk.net\/wp-content\/uploads\/2024\/07\/05\/aliyev-tatar.jpg?ver=86bef0dd0924b9a89bf1dd7b46129e85\" srcset=\"https:\/\/brtk.net\/wp-content\/uploads\/2024\/07\/05\/aliyev-tatar.jpg?ver=86bef0dd0924b9a89bf1dd7b46129e85 1575w, https:\/\/brtk.net\/wp-content\/uploads\/2024\/07\/05\/aliyev-tatar-300x141.jpg?ver=210844748126c2efde64267ed3c1f84d 300w, https:\/\/brtk.net\/wp-content\/uploads\/2024\/07\/05\/aliyev-tatar-1024x480.jpg?ver=210844748126c2efde64267ed3c1f84d 1024w, https:\/\/brtk.net\/wp-content\/uploads\/2024\/07\/05\/aliyev-tatar-768x360.jpg?ver=210844748126c2efde64267ed3c1f84d 768w, https:\/\/brtk.net\/wp-content\/uploads\/2024\/07\/05\/aliyev-tatar-1536x721.jpg?ver=6dc6974048fefb33a6d42b8fab3b9e8f 1536w\"\/>                            <\/div>\n<p>Cumhurba\u015fkan\u0131 Ersin Tatar, bug\u00fcn do\u011fum g\u00fcn\u00fc olan Azerbaycan Cumhurba\u015fkan\u0131 \u0130lham Aliyev ile bir telefon g\u00f6r\u00fc\u015fmesi yapt\u0131.<\/p>\n<p>Cumhurba\u015fkan\u0131 Tatar, g\u00f6r\u00fc\u015fmesinde Azerbaycan Cumhurba\u015fkan\u0131 Aliyev\u2019in do\u011fum g\u00fcn\u00fcn\u00fc kutlad\u0131, sa\u011fl\u0131kl\u0131 ve mutlu y\u0131llar diledi.<\/p>\n<p>Kuzey K\u0131br\u0131s T\u00fcrk Cumhuriyeti ve Azerbaycan ili\u015fkilerinin ele al\u0131nd\u0131\u011f\u0131 g\u00f6r\u00fc\u015fmede T\u00fcrk D\u00fcnyas\u0131 ile y\u00fcr\u00fct\u00fclen \u00e7al\u0131\u015fmalar da konu\u015fuldu.<\/p>\n<p>G\u00f6r\u00fc\u015fmede ayr\u0131ca Kuzey K\u0131br\u0131s T\u00fcrk Cumhuriyeti\u2019nde ya\u015fayan Azerbaycan vatanda\u015flar\u0131, \u00f6\u011frenciler ve i\u015f insanlar\u0131n\u0131n durumu ile sosyal ve k\u00fclt\u00fcrel konular\u0131n geli\u015ftirilmesi konular\u0131 \u00fczerinde duruldu.<\/p>\n<p>Cumhurba\u015fkan\u0131 Tatar konu\u015fmas\u0131n\u0131n devam\u0131nda \u015fahs\u0131 ve Kuzey K\u0131br\u0131s T\u00fcrk Cumhuriyeti halk\u0131 ad\u0131na Azerbaycan Cumhurba\u015fkan\u0131 Aliyev ve Azerbaycan halk\u0131n\u0131n yeni y\u0131l\u0131n\u0131 kutlad\u0131.<\/p>\n<\/p><\/div>\n<p><script async\n                    defer\n                    crossorigin=\"anonymous\"\n                    src=\"https:\/\/connect.facebook.net\/tr_TR\/sdk.js#xfbml=1&#038;version=v3.3\"\n            ><\/script><br \/>\n<br \/><br \/>\n<br \/><a href=\"https:\/\/brtk.net\/tatar-aliyevin-dogum-gununu-kutladi-gorusmede-iki-ulke-iliskileri-ele-alindi\/\">Kaynak BRT <\/a><\/p>\n","protected":false},"excerpt":{"rendered":"<p>Cumhurba\u015fkan\u0131 Ersin Tatar, bug\u00fcn do\u011fum g\u00fcn\u00fc olan Azerbaycan Cumhurba\u015fkan\u0131 \u0130lham Aliyev ile bir telefon g\u00f6r\u00fc\u015fmesi yapt\u0131. Cumhurba\u015fkan\u0131 Tatar, g\u00f6r\u00fc\u015fmesinde Azerbaycan Cumhurba\u015fkan\u0131 Aliyev\u2019in do\u011fum g\u00fcn\u00fcn\u00fc kutlad\u0131, sa\u011fl\u0131kl\u0131 ve mutlu y\u0131llar diledi. Kuzey K\u0131br\u0131s T\u00fcrk Cumhuriyeti ve Azerbaycan ili\u015fkilerinin ele al\u0131nd\u0131\u011f\u0131 g\u00f6r\u00fc\u015fmede T\u00fcrk D\u00fcnyas\u0131 ile y\u00fcr\u00fct\u00fclen \u00e7al\u0131\u015fmalar da konu\u015fuldu. G\u00f6r\u00fc\u015fmede ayr\u0131ca Kuzey K\u0131br\u0131s T\u00fcrk Cumhuriyeti\u2019nde ya\u015fayan Azerbaycan [&hellip;]<\/p>\n","protected":false},"author":908,"featured_media":4039,"comment_status":"open","ping_status":"open","sticky":false,"template":"","format":"standard","meta":{"_jetpack_memberships_contains_paid_content":false,"footnotes":"","jetpack_publicize_message":"","jetpack_publicize_feature_enabled":true,"jetpack_social_post_already_shared":true,"jetpack_social_options":{"image_generator_settings":{"template":"highway","default_image_id":0,"font":"","enabled":false},"version":2}},"categories":[253],"tags":[],"class_list":["post-14882","post","type-post","status-publish","format-standard","has-post-thumbnail","hentry","category-gundem"],"jetpack_publicize_connections":[],"jetpack_featured_media_url":"https:\/\/kibrisayna.com\/wp-content\/uploads\/2024\/09\/aliyev-tatar.jpg","jetpack_sharing_enabled":true,"_links":{"self":[{"href":"https:\/\/kibrisayna.com\/index.php\/wp-json\/wp\/v2\/posts\/14882","targetHints":{"allow":["GET"]}}],"collection":[{"href":"https:\/\/kibrisayna.com\/index.php\/wp-json\/wp\/v2\/posts"}],"about":[{"href":"https:\/\/kibrisayna.com\/index.php\/wp-json\/wp\/v2\/types\/post"}],"author":[{"embeddable":true,"href":"https:\/\/kibrisayna.com\/index.php\/wp-json\/wp\/v2\/users\/908"}],"replies":[{"embeddable":true,"href":"https:\/\/kibrisayna.com\/index.php\/wp-json\/wp\/v2\/comments?post=14882"}],"version-history":[{"count":0,"href":"https:\/\/kibrisayna.com\/index.php\/wp-json\/wp\/v2\/posts\/14882\/revisions"}],"wp:featuredmedia":[{"embeddable":true,"href":"https:\/\/kibrisayna.com\/index.php\/wp-json\/wp\/v2\/media\/4039"}],"wp:attachment":[{"href":"https:\/\/kibrisayna.com\/index.php\/wp-json\/wp\/v2\/media?parent=14882"}],"wp:term":[{"taxonomy":"category","embeddable":true,"href":"https:\/\/kibrisayna.com\/index.php\/wp-json\/wp\/v2\/categories?post=14882"},{"taxonomy":"post_tag","embeddable":true,"href":"https:\/\/kibrisayna.com\/index.php\/wp-json\/wp\/v2\/tags?post=14882"}],"curies":[{"name":"wp","href":"https:\/\/api.w.org\/{rel}","templated":true}]}}