{"id":14880,"date":"2024-12-24T14:24:15","date_gmt":"2024-12-24T11:24:15","guid":{"rendered":"https:\/\/kibrisayna.com\/index.php\/2024\/12\/24\/uzayli-mumya-gizemi-derinlesiyor-yeni-kesifler-tartismalari-alevlendirdi\/"},"modified":"2024-12-24T14:24:15","modified_gmt":"2024-12-24T11:24:15","slug":"uzayli-mumya-gizemi-derinlesiyor-yeni-kesifler-tartismalari-alevlendirdi","status":"publish","type":"post","link":"https:\/\/kibrisayna.com\/index.php\/2024\/12\/24\/uzayli-mumya-gizemi-derinlesiyor-yeni-kesifler-tartismalari-alevlendirdi\/","title":{"rendered":"&#8220;Uzayl\u0131 Mumya&#8221; gizemi derinle\u015fiyor: Yeni ke\u015fifler tart\u0131\u015fmalar\u0131 alevlendirdi!"},"content":{"rendered":"<p> <br \/>\n<br \/><img decoding=\"async\" src=\"https:\/\/cdn1.ntv.com.tr\/gorsel\/fgSi2TIfn06A4bk6UsZkzw.jpg?width=1200&amp;ampmode=crop&amp;ampscale=both\" class=\"type:primaryImage\" \/><\/p>\n<p>Peru&#8217;nun Nazca \u00c7\u00f6l\u00fc\u2019nde bulunan ve d\u00fcnya d\u0131\u015f\u0131 varl\u0131klarla ili\u015fkilendirilen mumyalar, \u201cPaloma\u201d ve \u201cAntonio\u201d isimli yeni fig\u00fcrlerin ortaya \u00e7\u0131k\u0131\u015f\u0131yla yeniden g\u00fcndeme geldi. Bilim insanlar\u0131 ve ara\u015ft\u0131rmac\u0131lar aras\u0131nda tart\u0131\u015fmalar b\u00fcy\u00fcrken, mumyalar\u0131n ger\u00e7ekli\u011fi s\u0131rr\u0131n\u0131 koruyor.<\/p>\n<section class=\"type:slideshow\">\n<figure><img decoding=\"async\" src=\"https:\/\/cdn1.ntv.com.tr\/gorsel\/-CU2zK4zZEiSVtrzB8tvjg.jpg?width=1200&amp;mode=crop&amp;scale=both\" width=\"1200\" \/><figcaption>Peru\u2019nun Nazca \u00c7\u00f6l\u00fc\u2019nden gelen esrarengiz \u201cuzayl\u0131 mumyalar\u0131\u201d vakas\u0131, \u201cPaloma\u201d ve \u201cAntonio\u201d ad\u0131 verilen iki yeni mumyan\u0131n ke\u015ffiyle derinle\u015fiyor. Cesetlerin, yedi y\u0131l \u00f6nce gazeteci ve ufolog Jaime Maussan taraf\u0131ndan ke\u015ffedilen ilk mumyalarla ba\u011flant\u0131l\u0131 oldu\u011fu iddia ediliyor.<\/figcaption><\/figure>\n<figure><img decoding=\"async\" src=\"https:\/\/cdn1.ntv.com.tr\/gorsel\/c8d4IAFlPUKr7uUWRTk0zQ.jpg?width=1200&amp;mode=crop&amp;scale=both\" width=\"1200\" \/><figcaption>Ara\u015ft\u0131rmac\u0131lar, Paloma ve Antonio&#8217;nun \u00f6nceki mumyalarda oldu\u011fu gibi \u00fc\u00e7 parmakl\u0131 oldu\u011funu ancak k\u00fc\u00e7\u00fck, \u00e7ekik g\u00f6zlere sahip ve k\u0131sa bir yeti\u015fkin boyutunda oldu\u011funu a\u00e7\u0131klad\u0131.<\/figcaption><\/figure>\n<figure><img decoding=\"async\" src=\"https:\/\/cdn1.ntv.com.tr\/gorsel\/zraDdh91U0K1INAHbQqjhQ.jpg?width=1200&amp;mode=crop&amp;scale=both\" width=\"1200\" \/><figcaption>Peru T\u0131p Birli\u011fi\u2019nin eski ba\u015fkan\u0131 Dr. David Ruiz Vela taraf\u0131ndan analiz edilen mumyalar\u0131n insan benzeri organlara ve belirgin bir beyin yap\u0131s\u0131na sahip oldu\u011fu belirtildi.<\/figcaption><\/figure>\n<figure><img decoding=\"async\" src=\"https:\/\/cdn1.ntv.com.tr\/gorsel\/JtsU_3gQ_UWRHRNwAOe8JQ.jpg?width=1200&amp;mode=crop&amp;scale=both\" width=\"1200\" \/><figcaption>Antonio\u2019nun g\u00f6\u011fs\u00fcnde bir b\u0131\u00e7ak yaras\u0131, Paloma\u2019n\u0131n ise mumyalar aras\u0131nda bir ilk olan sa\u00e7 izine sahip oldu\u011fu iddia edildi.<br \/>\nHer iki mumyan\u0131n da bin 500 y\u0131ll\u0131k oldu\u011fu tahmin ediliyor.<\/figcaption><\/figure>\n<figure><img decoding=\"async\" src=\"https:\/\/cdn1.ntv.com.tr\/gorsel\/h5W4bFsXHUqsrO7Sh54q3A.jpg?width=1200&amp;mode=crop&amp;scale=both\" width=\"1200\" \/><figcaption>Ara\u015ft\u0131rmac\u0131lar, cesetlerin yosunlar taraf\u0131ndan fosille\u015ftirildi\u011fini ve bunun da onlar\u0131 korumaya yard\u0131mc\u0131 oldu\u011funu, ayr\u0131ca o zamanki yap\u0131\u015ft\u0131r\u0131c\u0131larla uyu\u015fmayan son derece zehirli bir yap\u0131\u015ft\u0131r\u0131c\u0131n\u0131n kullan\u0131ld\u0131\u011f\u0131n\u0131 ileri s\u00fcrd\u00fcler.<\/figcaption><\/figure>\n<figure><img decoding=\"async\" src=\"https:\/\/cdn1.ntv.com.tr\/gorsel\/C1OugHA0gUm6K9pcwdcBow.jpg?width=1200&amp;mode=crop&amp;scale=both\" width=\"1200\" \/><figcaption>Bu cisimlerden yakla\u015f\u0131k bir d\u00fczine kadar\u0131n\u0131 Meksika Kongresi&#8217;nde\u00a0sergileyen\u00a0\u00a0gazeteci ve ufolog Jaime Maussan, bunlar\u0131n \u00e7o\u011funu bir zamanlar D\u00fcnya&#8217;da ya\u015fam\u0131\u015f uzayl\u0131 varl\u0131klar\u0131n kan\u0131t\u0131 olarak g\u00f6sterdi.<\/figcaption><\/figure>\n<figure><img decoding=\"async\" src=\"https:\/\/cdn1.ntv.com.tr\/gorsel\/7ruETwjnq0aFnU0EX1Xk8w.jpg?width=1200&amp;mode=crop&amp;scale=both\" width=\"1200\" \/><figcaption>Maussan iddialar\u0131nda kararl\u0131 olsa da uzmanlar mumyalar\u0131n mezar soyguncular\u0131 taraf\u0131ndan manip\u00fcle edilen bebeklerden ba\u015fka bir \u015fey olmad\u0131\u011f\u0131na ikna olmu\u015f durumda.<br \/>\nAra\u015ft\u0131rmalarda mumyalar\u0131n y\u00fczde 30\u2019unun bilinmeyen bir t\u00fcre ait oldu\u011fu, kafataslar\u0131n\u0131n ise insanlardan y\u00fczde 30 daha b\u00fcy\u00fck oldu\u011fu iddia ediliyor.<\/figcaption><\/figure>\n<figure><img decoding=\"async\" src=\"https:\/\/cdn1.ntv.com.tr\/gorsel\/cWtwbOsZPUWayvxdiJg5zg.jpg?width=1200&amp;mode=crop&amp;scale=both\" width=\"1200\" \/><figcaption>Perulu antropolog Roger Zuniga, bu cesetlerin insan m\u00fcdahalesiyle olu\u015fmad\u0131\u011f\u0131n\u0131 belirtirken, Arjantinli cerrah Celestino Adolfo Piotto, bu canl\u0131lar\u0131n \u201cinsanlar\u0131n evrimle\u015fmi\u015f bir versiyonu\u201d olabilece\u011fini \u00f6ne s\u00fcrd\u00fc.<br \/>\nAncak di\u011fer uzmanlar, cesetlerin bin y\u0131l \u00f6nce hayvan kal\u0131nt\u0131lar\u0131ndan yap\u0131lm\u0131\u015f rit\u00fcel nesneler olabilece\u011fi y\u00f6n\u00fcnde a\u00e7\u0131klamalarda bulunuyor.<\/figcaption><\/figure>\n<\/section>\n<p><br \/>\n<br \/><a href=\"https:\/\/www.ntv.com.tr\/galeri\/dunya\/uzayli-mumya-gizemi-derinlesiyoryeni-kesifler-tartismalari-alevlendirdi,NML84eu3lk24mkFxCgoXEQ\"><\/a><\/p>\n","protected":false},"excerpt":{"rendered":"<p>Peru&#8217;nun Nazca \u00c7\u00f6l\u00fc\u2019nde bulunan ve d\u00fcnya d\u0131\u015f\u0131 varl\u0131klarla ili\u015fkilendirilen mumyalar, \u201cPaloma\u201d ve \u201cAntonio\u201d isimli yeni fig\u00fcrlerin ortaya \u00e7\u0131k\u0131\u015f\u0131yla yeniden g\u00fcndeme geldi. Bilim insanlar\u0131 ve ara\u015ft\u0131rmac\u0131lar aras\u0131nda tart\u0131\u015fmalar b\u00fcy\u00fcrken, mumyalar\u0131n ger\u00e7ekli\u011fi s\u0131rr\u0131n\u0131 koruyor. Peru\u2019nun Nazca \u00c7\u00f6l\u00fc\u2019nden gelen esrarengiz \u201cuzayl\u0131 mumyalar\u0131\u201d vakas\u0131, \u201cPaloma\u201d ve \u201cAntonio\u201d ad\u0131 verilen iki yeni mumyan\u0131n ke\u015ffiyle derinle\u015fiyor. Cesetlerin, yedi y\u0131l \u00f6nce gazeteci [&hellip;]<\/p>\n","protected":false},"author":908,"featured_media":14881,"comment_status":"open","ping_status":"open","sticky":false,"template":"","format":"standard","meta":{"_jetpack_memberships_contains_paid_content":false,"footnotes":"","jetpack_publicize_message":"","jetpack_publicize_feature_enabled":true,"jetpack_social_post_already_shared":true,"jetpack_social_options":{"image_generator_settings":{"template":"highway","default_image_id":0,"font":"","enabled":false},"version":2}},"categories":[12],"tags":[],"class_list":["post-14880","post","type-post","status-publish","format-standard","has-post-thumbnail","hentry","category-teknoloji"],"jetpack_publicize_connections":[],"jetpack_featured_media_url":"https:\/\/kibrisayna.com\/wp-content\/uploads\/2024\/12\/fgSi2TIfn06A4bk6UsZkzw.jpg","jetpack_sharing_enabled":true,"_links":{"self":[{"href":"https:\/\/kibrisayna.com\/index.php\/wp-json\/wp\/v2\/posts\/14880","targetHints":{"allow":["GET"]}}],"collection":[{"href":"https:\/\/kibrisayna.com\/index.php\/wp-json\/wp\/v2\/posts"}],"about":[{"href":"https:\/\/kibrisayna.com\/index.php\/wp-json\/wp\/v2\/types\/post"}],"author":[{"embeddable":true,"href":"https:\/\/kibrisayna.com\/index.php\/wp-json\/wp\/v2\/users\/908"}],"replies":[{"embeddable":true,"href":"https:\/\/kibrisayna.com\/index.php\/wp-json\/wp\/v2\/comments?post=14880"}],"version-history":[{"count":0,"href":"https:\/\/kibrisayna.com\/index.php\/wp-json\/wp\/v2\/posts\/14880\/revisions"}],"wp:featuredmedia":[{"embeddable":true,"href":"https:\/\/kibrisayna.com\/index.php\/wp-json\/wp\/v2\/media\/14881"}],"wp:attachment":[{"href":"https:\/\/kibrisayna.com\/index.php\/wp-json\/wp\/v2\/media?parent=14880"}],"wp:term":[{"taxonomy":"category","embeddable":true,"href":"https:\/\/kibrisayna.com\/index.php\/wp-json\/wp\/v2\/categories?post=14880"},{"taxonomy":"post_tag","embeddable":true,"href":"https:\/\/kibrisayna.com\/index.php\/wp-json\/wp\/v2\/tags?post=14880"}],"curies":[{"name":"wp","href":"https:\/\/api.w.org\/{rel}","templated":true}]}}