{"id":14867,"date":"2024-12-24T13:13:55","date_gmt":"2024-12-24T10:13:55","guid":{"rendered":"https:\/\/kibrisayna.com\/index.php\/2024\/12\/24\/narenciye-tur-degisikligi-odemesi-yapildi-brtk\/"},"modified":"2024-12-24T13:13:55","modified_gmt":"2024-12-24T10:13:55","slug":"narenciye-tur-degisikligi-odemesi-yapildi-brtk","status":"publish","type":"post","link":"https:\/\/kibrisayna.com\/index.php\/2024\/12\/24\/narenciye-tur-degisikligi-odemesi-yapildi-brtk\/","title":{"rendered":"\u201cNarenciye T\u00fcr De\u011fi\u015fikli\u011fi\u201d \u00f6demesi yap\u0131ld\u0131 \u2013 BRTK"},"content":{"rendered":"<p> <br \/>\n<\/p>\n<div>\n<div class=\"mariselle-image-container center\">\n                <img loading=\"lazy\" decoding=\"async\" width=\"2560\" height=\"1709\" class=\"lazy-image\" alt=\"\" sizes=\"auto, (max-width: 2560px) 100vw, 2560px\" src=\"https:\/\/brtk.net\/wp-content\/uploads\/2023\/05\/03\/narenciye-portakal-so1-scaled.jpg?ver=6de8725b42a796c11810cfd1ab454699\" srcset=\"https:\/\/brtk.net\/wp-content\/uploads\/2023\/05\/03\/narenciye-portakal-so1-scaled.jpg?ver=6de8725b42a796c11810cfd1ab454699 2560w, https:\/\/brtk.net\/wp-content\/uploads\/2023\/05\/03\/narenciye-portakal-so1-300x200.jpg?ver=14109ac183bd83c5025fc3cbfdb1ffd7 300w, https:\/\/brtk.net\/wp-content\/uploads\/2023\/05\/03\/narenciye-portakal-so1-1024x684.jpg?ver=9ebbae23aafffcb14762ea33dbc43b0e 1024w, https:\/\/brtk.net\/wp-content\/uploads\/2023\/05\/03\/narenciye-portakal-so1-768x513.jpg?ver=9ebbae23aafffcb14762ea33dbc43b0e 768w, https:\/\/brtk.net\/wp-content\/uploads\/2023\/05\/03\/narenciye-portakal-so1-1536x1025.jpg?ver=93979c5183b7154c11bdf7ad0f1c3f2b 1536w, https:\/\/brtk.net\/wp-content\/uploads\/2023\/05\/03\/narenciye-portakal-so1-2048x1367.jpg?ver=66635621c87643798d6a6058d5ca354a 2048w\"\/>                            <\/div>\n<p>Tar\u0131m ve Do\u011fal Kaynaklar Bakanl\u0131\u011f\u0131, 2023 y\u0131l\u0131na ait Narenciye T\u00fcr De\u011fi\u015fikli\u011fi \u00f6demesinin yap\u0131ld\u0131\u011f\u0131n\u0131 bildirdi.<\/p>\n<p>Tar\u0131m ve Do\u011fal Kaynaklar Bakanl\u0131\u011f\u0131ndan yap\u0131lan a\u00e7\u0131klamada, 2023 y\u0131l\u0131 i\u00e7in Narenciye Plantasyonlar\u0131n\u0131 \u0130yile\u015ftirme ve Geli\u015ftirme Projesi (T\u00fcr De\u011fi\u015fikli\u011fi) kapsam\u0131nda proje uygulamas\u0131 ba\u015far\u0131l\u0131 21 narenciye \u00fcreticisine 691 bin 300 TL\u2019lik yat\u0131r\u0131m\u0131n ger\u00e7ekle\u015fti\u011fini kaydedildi.<\/p>\n<p>A\u00e7\u0131klamada, \u201cNarenciye \u00fcreticileri \u00f6demelerini Kooperatif Merkez Bankas\u0131 ve \u015fubelerinden alabilirler\u201d denildi.<\/p>\n<\/p><\/div>\n<p><script async\n                    defer\n                    crossorigin=\"anonymous\"\n                    src=\"https:\/\/connect.facebook.net\/tr_TR\/sdk.js#xfbml=1&#038;version=v3.3\"\n            ><\/script><br \/>\n<br \/><br \/>\n<br \/><a href=\"https:\/\/brtk.net\/narenciye-tur-degisikligi-odemesi-yapildi\/\">Kaynak BRT <\/a><\/p>\n","protected":false},"excerpt":{"rendered":"<p>Tar\u0131m ve Do\u011fal Kaynaklar Bakanl\u0131\u011f\u0131, 2023 y\u0131l\u0131na ait Narenciye T\u00fcr De\u011fi\u015fikli\u011fi \u00f6demesinin yap\u0131ld\u0131\u011f\u0131n\u0131 bildirdi. Tar\u0131m ve Do\u011fal Kaynaklar Bakanl\u0131\u011f\u0131ndan yap\u0131lan a\u00e7\u0131klamada, 2023 y\u0131l\u0131 i\u00e7in Narenciye Plantasyonlar\u0131n\u0131 \u0130yile\u015ftirme ve Geli\u015ftirme Projesi (T\u00fcr De\u011fi\u015fikli\u011fi) kapsam\u0131nda proje uygulamas\u0131 ba\u015far\u0131l\u0131 21 narenciye \u00fcreticisine 691 bin 300 TL\u2019lik yat\u0131r\u0131m\u0131n ger\u00e7ekle\u015fti\u011fini kaydedildi. A\u00e7\u0131klamada, \u201cNarenciye \u00fcreticileri \u00f6demelerini Kooperatif Merkez Bankas\u0131 ve \u015fubelerinden [&hellip;]<\/p>\n","protected":false},"author":908,"featured_media":14868,"comment_status":"open","ping_status":"open","sticky":false,"template":"","format":"standard","meta":{"_jetpack_memberships_contains_paid_content":false,"footnotes":"","jetpack_publicize_message":"","jetpack_publicize_feature_enabled":true,"jetpack_social_post_already_shared":true,"jetpack_social_options":{"image_generator_settings":{"template":"highway","default_image_id":0,"font":"","enabled":false},"version":2}},"categories":[253],"tags":[],"class_list":["post-14867","post","type-post","status-publish","format-standard","has-post-thumbnail","hentry","category-gundem"],"jetpack_publicize_connections":[],"jetpack_featured_media_url":"https:\/\/kibrisayna.com\/wp-content\/uploads\/2024\/12\/tarim-ve-dogal-kaynaklar-bakani-dursun-oguz-narenciye-hasati-yapilan-isletmeleri-ziyaret-etti-3-so-scaled.jpg","jetpack_sharing_enabled":true,"_links":{"self":[{"href":"https:\/\/kibrisayna.com\/index.php\/wp-json\/wp\/v2\/posts\/14867","targetHints":{"allow":["GET"]}}],"collection":[{"href":"https:\/\/kibrisayna.com\/index.php\/wp-json\/wp\/v2\/posts"}],"about":[{"href":"https:\/\/kibrisayna.com\/index.php\/wp-json\/wp\/v2\/types\/post"}],"author":[{"embeddable":true,"href":"https:\/\/kibrisayna.com\/index.php\/wp-json\/wp\/v2\/users\/908"}],"replies":[{"embeddable":true,"href":"https:\/\/kibrisayna.com\/index.php\/wp-json\/wp\/v2\/comments?post=14867"}],"version-history":[{"count":0,"href":"https:\/\/kibrisayna.com\/index.php\/wp-json\/wp\/v2\/posts\/14867\/revisions"}],"wp:featuredmedia":[{"embeddable":true,"href":"https:\/\/kibrisayna.com\/index.php\/wp-json\/wp\/v2\/media\/14868"}],"wp:attachment":[{"href":"https:\/\/kibrisayna.com\/index.php\/wp-json\/wp\/v2\/media?parent=14867"}],"wp:term":[{"taxonomy":"category","embeddable":true,"href":"https:\/\/kibrisayna.com\/index.php\/wp-json\/wp\/v2\/categories?post=14867"},{"taxonomy":"post_tag","embeddable":true,"href":"https:\/\/kibrisayna.com\/index.php\/wp-json\/wp\/v2\/tags?post=14867"}],"curies":[{"name":"wp","href":"https:\/\/api.w.org\/{rel}","templated":true}]}}