{"id":14855,"date":"2024-12-24T12:26:30","date_gmt":"2024-12-24T09:26:30","guid":{"rendered":"https:\/\/kibrisayna.com\/index.php\/2024\/12\/24\/esendaglibu-oglen-veya-ogleden-sonra-2-gunluk-mahkeme-sureciyle-ilgili-daha-saglikli-degerlendirme-yapabilecegiz-brtk\/"},"modified":"2024-12-24T12:26:30","modified_gmt":"2024-12-24T09:26:30","slug":"esendaglibu-oglen-veya-ogleden-sonra-2-gunluk-mahkeme-sureciyle-ilgili-daha-saglikli-degerlendirme-yapabilecegiz-brtk","status":"publish","type":"post","link":"https:\/\/kibrisayna.com\/index.php\/2024\/12\/24\/esendaglibu-oglen-veya-ogleden-sonra-2-gunluk-mahkeme-sureciyle-ilgili-daha-saglikli-degerlendirme-yapabilecegiz-brtk\/","title":{"rendered":"Esenda\u011fl\u0131:Bu \u00f6\u011flen veya \u00f6\u011fleden sonra 2 g\u00fcnl\u00fck mahkeme s\u00fcreciyle ilgili daha sa\u011fl\u0131kl\u0131 de\u011ferlendirme yapabilece\u011fiz \u2013 BRTK"},"content":{"rendered":"<p> <br \/>\n<\/p>\n<div>\n<div class=\"mariselle-image-container center\">\n                <img loading=\"lazy\" decoding=\"async\" width=\"966\" height=\"456\" class=\"lazy-image\" alt=\"\" sizes=\"auto, (max-width: 966px) 100vw, 966px\" src=\"https:\/\/brtk.net\/wp-content\/uploads\/2024\/12\/24\/ee.jpg?ver=be3a2f13cb354f4eefb49ef242361add\" srcset=\"https:\/\/brtk.net\/wp-content\/uploads\/2024\/12\/24\/ee.jpg?ver=be3a2f13cb354f4eefb49ef242361add 966w, https:\/\/brtk.net\/wp-content\/uploads\/2024\/12\/24\/ee-300x142.jpg?ver=cfe6e66eb304e2afbf580361de5bb987 300w, https:\/\/brtk.net\/wp-content\/uploads\/2024\/12\/24\/ee-768x363.jpg?ver=f2e1f82f5e067fd409d96bd5f630c654 768w\"\/>                            <\/div>\n<p> \u0130sias Otel Davas\u0131\u2019n\u0131n alt\u0131nc\u0131 duru\u015fmas\u0131 Ad\u0131yaman 3. A\u011f\u0131r Ceza Mahkemesi\u2019nde g\u00f6r\u00fc\u015f\u00fcl\u00fcyor.<\/p>\n<p>Barolar Birli\u011fi Ba\u015fkan\u0131 Hasan Esenda\u011fl\u0131  \u0130sias davas\u0131 ile  ilgili a\u00e7\u0131klamalarda bulundu.<\/p>\n<p>Esenda\u011fl\u0131, duru\u015fmaya kat\u0131lanlar\u0131n, avukatlar\u0131n\u0131n, san\u0131klar\u0131n ve san\u0131k avukatlar\u0131n\u0131n s\u0131rayla beyanlar\u0131n\u0131n al\u0131naca\u011f\u0131n\u0131 belirterek, mahkemenin ciddi bir mesaisi olaca\u011f\u0131n\u0131 s\u00f6yledi.<\/p>\n<p>Esenda\u011fl\u0131, bu \u00f6\u011flen veya \u00f6\u011fleden sonra 2 g\u00fcnl\u00fck mahkeme s\u00fcreciyle ilgili daha sa\u011fl\u0131kl\u0131 de\u011ferlendirme yapabileceklerini belirtti.<\/p>\n<\/p><\/div>\n<p><script async\n                    defer\n                    crossorigin=\"anonymous\"\n                    src=\"https:\/\/connect.facebook.net\/tr_TR\/sdk.js#xfbml=1&#038;version=v3.3\"\n            ><\/script><br \/>\n<br \/><br \/>\n<br \/><a href=\"https:\/\/brtk.net\/esendaglibu-oglen-veya-ogleden-sonra-2-gunluk-mahkeme-sureciyle-ilgili-daha-saglikli-degerlendirme-yapabilecegiz\/\">Kaynak BRT <\/a><\/p>\n","protected":false},"excerpt":{"rendered":"<p>\u0130sias Otel Davas\u0131\u2019n\u0131n alt\u0131nc\u0131 duru\u015fmas\u0131 Ad\u0131yaman 3. A\u011f\u0131r Ceza Mahkemesi\u2019nde g\u00f6r\u00fc\u015f\u00fcl\u00fcyor. Barolar Birli\u011fi Ba\u015fkan\u0131 Hasan Esenda\u011fl\u0131 \u0130sias davas\u0131 ile ilgili a\u00e7\u0131klamalarda bulundu. Esenda\u011fl\u0131, duru\u015fmaya kat\u0131lanlar\u0131n, avukatlar\u0131n\u0131n, san\u0131klar\u0131n ve san\u0131k avukatlar\u0131n\u0131n s\u0131rayla beyanlar\u0131n\u0131n al\u0131naca\u011f\u0131n\u0131 belirterek, mahkemenin ciddi bir mesaisi olaca\u011f\u0131n\u0131 s\u00f6yledi. Esenda\u011fl\u0131, bu \u00f6\u011flen veya \u00f6\u011fleden sonra 2 g\u00fcnl\u00fck mahkeme s\u00fcreciyle ilgili daha sa\u011fl\u0131kl\u0131 de\u011ferlendirme yapabileceklerini [&hellip;]<\/p>\n","protected":false},"author":908,"featured_media":14856,"comment_status":"open","ping_status":"open","sticky":false,"template":"","format":"standard","meta":{"_jetpack_memberships_contains_paid_content":false,"footnotes":"","jetpack_publicize_message":"","jetpack_publicize_feature_enabled":true,"jetpack_social_post_already_shared":true,"jetpack_social_options":{"image_generator_settings":{"template":"highway","default_image_id":0,"font":"","enabled":false},"version":2}},"categories":[253],"tags":[],"class_list":["post-14855","post","type-post","status-publish","format-standard","has-post-thumbnail","hentry","category-gundem"],"jetpack_publicize_connections":[],"jetpack_featured_media_url":"https:\/\/kibrisayna.com\/wp-content\/uploads\/2024\/12\/ee.jpg","jetpack_sharing_enabled":true,"_links":{"self":[{"href":"https:\/\/kibrisayna.com\/index.php\/wp-json\/wp\/v2\/posts\/14855","targetHints":{"allow":["GET"]}}],"collection":[{"href":"https:\/\/kibrisayna.com\/index.php\/wp-json\/wp\/v2\/posts"}],"about":[{"href":"https:\/\/kibrisayna.com\/index.php\/wp-json\/wp\/v2\/types\/post"}],"author":[{"embeddable":true,"href":"https:\/\/kibrisayna.com\/index.php\/wp-json\/wp\/v2\/users\/908"}],"replies":[{"embeddable":true,"href":"https:\/\/kibrisayna.com\/index.php\/wp-json\/wp\/v2\/comments?post=14855"}],"version-history":[{"count":0,"href":"https:\/\/kibrisayna.com\/index.php\/wp-json\/wp\/v2\/posts\/14855\/revisions"}],"wp:featuredmedia":[{"embeddable":true,"href":"https:\/\/kibrisayna.com\/index.php\/wp-json\/wp\/v2\/media\/14856"}],"wp:attachment":[{"href":"https:\/\/kibrisayna.com\/index.php\/wp-json\/wp\/v2\/media?parent=14855"}],"wp:term":[{"taxonomy":"category","embeddable":true,"href":"https:\/\/kibrisayna.com\/index.php\/wp-json\/wp\/v2\/categories?post=14855"},{"taxonomy":"post_tag","embeddable":true,"href":"https:\/\/kibrisayna.com\/index.php\/wp-json\/wp\/v2\/tags?post=14855"}],"curies":[{"name":"wp","href":"https:\/\/api.w.org\/{rel}","templated":true}]}}