{"id":14835,"date":"2024-12-24T11:28:40","date_gmt":"2024-12-24T08:28:40","guid":{"rendered":"https:\/\/kibrisayna.com\/index.php\/2024\/12\/24\/umarim-hak-ettikleri-cezayi-alirlar-ve-ulke-olarak-biz-de-yasimizi-tutabiliriz-brtk\/"},"modified":"2024-12-24T11:28:40","modified_gmt":"2024-12-24T08:28:40","slug":"umarim-hak-ettikleri-cezayi-alirlar-ve-ulke-olarak-biz-de-yasimizi-tutabiliriz-brtk","status":"publish","type":"post","link":"https:\/\/kibrisayna.com\/index.php\/2024\/12\/24\/umarim-hak-ettikleri-cezayi-alirlar-ve-ulke-olarak-biz-de-yasimizi-tutabiliriz-brtk\/","title":{"rendered":"Umar\u0131m hak ettikleri cezay\u0131 al\u0131rlar ve \u00fclke olarak biz de yas\u0131m\u0131z\u0131 tutabiliriz \u2013 BRTK"},"content":{"rendered":"<p> <br \/>\n<\/p>\n<div>\n<div class=\"mariselle-image-container center\">\n                <img loading=\"lazy\" decoding=\"async\" width=\"850\" height=\"353\" class=\"lazy-image\" alt=\"\" sizes=\"auto, (max-width: 850px) 100vw, 850px\" src=\"https:\/\/brtk.net\/wp-content\/uploads\/2024\/12\/24\/asslkdsa.jpg?ver=04f8b60de6af9d537c44f0d13fe28064\" srcset=\"https:\/\/brtk.net\/wp-content\/uploads\/2024\/12\/24\/asslkdsa.jpg?ver=04f8b60de6af9d537c44f0d13fe28064 850w, https:\/\/brtk.net\/wp-content\/uploads\/2024\/12\/24\/asslkdsa-300x125.jpg?ver=04f8b60de6af9d537c44f0d13fe28064 300w, https:\/\/brtk.net\/wp-content\/uploads\/2024\/12\/24\/asslkdsa-768x319.jpg?ver=04f8b60de6af9d537c44f0d13fe28064 768w\"\/>                            <\/div>\n<p>Ad\u0131yaman\u2019da davay\u0131 takip eden UBP Milletvekili Yasemin \u00d6zt\u00fcrk, bu yaran\u0131n her g\u00fcn daha \u00e7ok ac\u0131d\u0131\u011f\u0131n\u0131 ve ailelerin belki dava sonras\u0131nda yaslar\u0131n\u0131 tutmaya ba\u015flayabileceklerini s\u00f6yledi.<\/p>\n<p>\u00d6zt\u00fcrk, \u201c\u015eimdi o an\u0131 tekrar tekrar ya\u015f\u0131yorlar. Bu davada kusuru olan herkes cezas\u0131n\u0131 \u00e7ektikten sonra aileler rahat nefes alabilir. S\u00fcrekli bir m\u00fccadele ve sava\u015f i\u00e7indeler. Umar\u0131m hak ettikleri cezay\u0131 al\u0131rlar ve \u00fclke olarak biz de yas\u0131m\u0131z\u0131 tutabiliriz\u201d dedi.<\/p>\n<\/p><\/div>\n<p><script async\n                    defer\n                    crossorigin=\"anonymous\"\n                    src=\"https:\/\/connect.facebook.net\/tr_TR\/sdk.js#xfbml=1&#038;version=v3.3\"\n            ><\/script><br \/>\n<br \/><br \/>\n<br \/><a href=\"https:\/\/brtk.net\/ozturk-umarim-hak-ettikleri-cezayi-alirlar-ve-ulke-olarak-biz-de-yasimizi-tutabiliriz\/\">Kaynak BRT <\/a><\/p>\n","protected":false},"excerpt":{"rendered":"<p>Ad\u0131yaman\u2019da davay\u0131 takip eden UBP Milletvekili Yasemin \u00d6zt\u00fcrk, bu yaran\u0131n her g\u00fcn daha \u00e7ok ac\u0131d\u0131\u011f\u0131n\u0131 ve ailelerin belki dava sonras\u0131nda yaslar\u0131n\u0131 tutmaya ba\u015flayabileceklerini s\u00f6yledi. \u00d6zt\u00fcrk, \u201c\u015eimdi o an\u0131 tekrar tekrar ya\u015f\u0131yorlar. Bu davada kusuru olan herkes cezas\u0131n\u0131 \u00e7ektikten sonra aileler rahat nefes alabilir. S\u00fcrekli bir m\u00fccadele ve sava\u015f i\u00e7indeler. Umar\u0131m hak ettikleri cezay\u0131 al\u0131rlar ve [&hellip;]<\/p>\n","protected":false},"author":908,"featured_media":14836,"comment_status":"open","ping_status":"open","sticky":false,"template":"","format":"standard","meta":{"_jetpack_memberships_contains_paid_content":false,"footnotes":"","jetpack_publicize_message":"","jetpack_publicize_feature_enabled":true,"jetpack_social_post_already_shared":true,"jetpack_social_options":{"image_generator_settings":{"template":"highway","default_image_id":0,"font":"","enabled":false},"version":2}},"categories":[253],"tags":[],"class_list":["post-14835","post","type-post","status-publish","format-standard","has-post-thumbnail","hentry","category-gundem"],"jetpack_publicize_connections":[],"jetpack_featured_media_url":"https:\/\/kibrisayna.com\/wp-content\/uploads\/2024\/12\/asslkdsa.jpg","jetpack_sharing_enabled":true,"_links":{"self":[{"href":"https:\/\/kibrisayna.com\/index.php\/wp-json\/wp\/v2\/posts\/14835","targetHints":{"allow":["GET"]}}],"collection":[{"href":"https:\/\/kibrisayna.com\/index.php\/wp-json\/wp\/v2\/posts"}],"about":[{"href":"https:\/\/kibrisayna.com\/index.php\/wp-json\/wp\/v2\/types\/post"}],"author":[{"embeddable":true,"href":"https:\/\/kibrisayna.com\/index.php\/wp-json\/wp\/v2\/users\/908"}],"replies":[{"embeddable":true,"href":"https:\/\/kibrisayna.com\/index.php\/wp-json\/wp\/v2\/comments?post=14835"}],"version-history":[{"count":0,"href":"https:\/\/kibrisayna.com\/index.php\/wp-json\/wp\/v2\/posts\/14835\/revisions"}],"wp:featuredmedia":[{"embeddable":true,"href":"https:\/\/kibrisayna.com\/index.php\/wp-json\/wp\/v2\/media\/14836"}],"wp:attachment":[{"href":"https:\/\/kibrisayna.com\/index.php\/wp-json\/wp\/v2\/media?parent=14835"}],"wp:term":[{"taxonomy":"category","embeddable":true,"href":"https:\/\/kibrisayna.com\/index.php\/wp-json\/wp\/v2\/categories?post=14835"},{"taxonomy":"post_tag","embeddable":true,"href":"https:\/\/kibrisayna.com\/index.php\/wp-json\/wp\/v2\/tags?post=14835"}],"curies":[{"name":"wp","href":"https:\/\/api.w.org\/{rel}","templated":true}]}}