{"id":14829,"date":"2024-12-24T11:15:35","date_gmt":"2024-12-24T08:15:35","guid":{"rendered":"https:\/\/kibrisayna.com\/index.php\/2024\/12\/24\/suclularin-en-agir-cezayi-almasi-ve-bunun-emsal-bir-ceza-olmasi-onemli-brtk\/"},"modified":"2024-12-24T11:15:35","modified_gmt":"2024-12-24T08:15:35","slug":"suclularin-en-agir-cezayi-almasi-ve-bunun-emsal-bir-ceza-olmasi-onemli-brtk","status":"publish","type":"post","link":"https:\/\/kibrisayna.com\/index.php\/2024\/12\/24\/suclularin-en-agir-cezayi-almasi-ve-bunun-emsal-bir-ceza-olmasi-onemli-brtk\/","title":{"rendered":"Su\u00e7lular\u0131n en a\u011f\u0131r cezay\u0131 almas\u0131 ve bunun emsal bir ceza olmas\u0131 \u00f6nemli \u2013 BRTK"},"content":{"rendered":"<p> <br \/>\n<\/p>\n<div>\n<div class=\"mariselle-image-container center\">\n                <img loading=\"lazy\" decoding=\"async\" width=\"847\" height=\"407\" class=\"lazy-image\" alt=\"\" sizes=\"auto, (max-width: 847px) 100vw, 847px\" src=\"https:\/\/brtk.net\/wp-content\/uploads\/2024\/12\/24\/assdklsa.jpg?ver=aeb14940075912b7396f6320d86bd438\" srcset=\"https:\/\/brtk.net\/wp-content\/uploads\/2024\/12\/24\/assdklsa.jpg?ver=aeb14940075912b7396f6320d86bd438 847w, https:\/\/brtk.net\/wp-content\/uploads\/2024\/12\/24\/assdklsa-300x144.jpg?ver=aeb14940075912b7396f6320d86bd438 300w, https:\/\/brtk.net\/wp-content\/uploads\/2024\/12\/24\/assdklsa-768x369.jpg?ver=aeb14940075912b7396f6320d86bd438 768w\"\/>                            <\/div>\n<p>Ba\u015fbakan Yard\u0131mc\u0131s\u0131 Turizm, K\u00fclt\u00fcr Gen\u00e7lik ve \u00c7evre Bakan\u0131 Fikri Atao\u011flu, Ad\u0131yaman\u2019da duru\u015fma \u00f6ncesi yapt\u0131\u011f\u0131 de\u011ferlendirmede, bir \u00f6nceki duru\u015fmada bir karar \u00fcretilece\u011fi beklentisinde olduklar\u0131n\u0131, ancak karar\u0131n bug\u00fcne \u00f6telendi\u011fini s\u00f6yledi. <\/p>\n<p>Atao\u011flu, \u201cBirlik ve beraberlik i\u00e7inde geldik. Olas\u0131 en a\u011f\u0131r cezan\u0131n verilmesidir bizim \u00f6nceli\u011fimizdir. Hem aileler hem de T\u00fcrkiye\u2019de bir emsal olmas\u0131 \u00f6nemlidir. Elbette ki karar canlar\u0131m\u0131z\u0131 geri getirmeyecek ama y\u00fcre\u011fimize bir nebze su serpecek. Herkes i\u00e7in bu sonu\u00e7 \u00f6nemlidir\u201d dedi.<\/p>\n<\/p><\/div>\n<p><script async\n                    defer\n                    crossorigin=\"anonymous\"\n                    src=\"https:\/\/connect.facebook.net\/tr_TR\/sdk.js#xfbml=1&#038;version=v3.3\"\n            ><\/script><br \/>\n<br \/><br \/>\n<br \/><a href=\"https:\/\/brtk.net\/ataoglu-suclularin-en-agir-cezayi-almasi-ve-bunun-emsal-bir-ceza-olmasi-onemli\/\">Kaynak BRT <\/a><\/p>\n","protected":false},"excerpt":{"rendered":"<p>Ba\u015fbakan Yard\u0131mc\u0131s\u0131 Turizm, K\u00fclt\u00fcr Gen\u00e7lik ve \u00c7evre Bakan\u0131 Fikri Atao\u011flu, Ad\u0131yaman\u2019da duru\u015fma \u00f6ncesi yapt\u0131\u011f\u0131 de\u011ferlendirmede, bir \u00f6nceki duru\u015fmada bir karar \u00fcretilece\u011fi beklentisinde olduklar\u0131n\u0131, ancak karar\u0131n bug\u00fcne \u00f6telendi\u011fini s\u00f6yledi. Atao\u011flu, \u201cBirlik ve beraberlik i\u00e7inde geldik. Olas\u0131 en a\u011f\u0131r cezan\u0131n verilmesidir bizim \u00f6nceli\u011fimizdir. Hem aileler hem de T\u00fcrkiye\u2019de bir emsal olmas\u0131 \u00f6nemlidir. Elbette ki karar canlar\u0131m\u0131z\u0131 geri [&hellip;]<\/p>\n","protected":false},"author":908,"featured_media":14830,"comment_status":"open","ping_status":"open","sticky":false,"template":"","format":"standard","meta":{"_jetpack_memberships_contains_paid_content":false,"footnotes":"","jetpack_publicize_message":"","jetpack_publicize_feature_enabled":true,"jetpack_social_post_already_shared":true,"jetpack_social_options":{"image_generator_settings":{"template":"highway","default_image_id":0,"font":"","enabled":false},"version":2}},"categories":[253],"tags":[],"class_list":["post-14829","post","type-post","status-publish","format-standard","has-post-thumbnail","hentry","category-gundem"],"jetpack_publicize_connections":[],"jetpack_featured_media_url":"https:\/\/kibrisayna.com\/wp-content\/uploads\/2024\/12\/assdklsa.jpg","jetpack_sharing_enabled":true,"_links":{"self":[{"href":"https:\/\/kibrisayna.com\/index.php\/wp-json\/wp\/v2\/posts\/14829","targetHints":{"allow":["GET"]}}],"collection":[{"href":"https:\/\/kibrisayna.com\/index.php\/wp-json\/wp\/v2\/posts"}],"about":[{"href":"https:\/\/kibrisayna.com\/index.php\/wp-json\/wp\/v2\/types\/post"}],"author":[{"embeddable":true,"href":"https:\/\/kibrisayna.com\/index.php\/wp-json\/wp\/v2\/users\/908"}],"replies":[{"embeddable":true,"href":"https:\/\/kibrisayna.com\/index.php\/wp-json\/wp\/v2\/comments?post=14829"}],"version-history":[{"count":0,"href":"https:\/\/kibrisayna.com\/index.php\/wp-json\/wp\/v2\/posts\/14829\/revisions"}],"wp:featuredmedia":[{"embeddable":true,"href":"https:\/\/kibrisayna.com\/index.php\/wp-json\/wp\/v2\/media\/14830"}],"wp:attachment":[{"href":"https:\/\/kibrisayna.com\/index.php\/wp-json\/wp\/v2\/media?parent=14829"}],"wp:term":[{"taxonomy":"category","embeddable":true,"href":"https:\/\/kibrisayna.com\/index.php\/wp-json\/wp\/v2\/categories?post=14829"},{"taxonomy":"post_tag","embeddable":true,"href":"https:\/\/kibrisayna.com\/index.php\/wp-json\/wp\/v2\/tags?post=14829"}],"curies":[{"name":"wp","href":"https:\/\/api.w.org\/{rel}","templated":true}]}}