{"id":14812,"date":"2024-12-24T08:47:27","date_gmt":"2024-12-24T05:47:27","guid":{"rendered":"https:\/\/kibrisayna.com\/index.php\/2024\/12\/24\/gozumuz-kulagimiz-adiyamanda-brtk\/"},"modified":"2024-12-24T08:47:27","modified_gmt":"2024-12-24T05:47:27","slug":"gozumuz-kulagimiz-adiyamanda-brtk","status":"publish","type":"post","link":"https:\/\/kibrisayna.com\/index.php\/2024\/12\/24\/gozumuz-kulagimiz-adiyamanda-brtk\/","title":{"rendered":"G\u00f6z\u00fcm\u00fcz, kula\u011f\u0131m\u0131z Ad\u0131yaman\u2019da\u2026 \u2013 BRTK"},"content":{"rendered":"<p> <br \/>\n<\/p>\n<div>\n<div class=\"mariselle-image-container center\">\n                <img loading=\"lazy\" decoding=\"async\" width=\"2048\" height=\"1536\" class=\"lazy-image\" alt=\"\" sizes=\"auto, (max-width: 2048px) 100vw, 2048px\" src=\"https:\/\/brtk.net\/wp-content\/uploads\/2024\/12\/24\/IMG-20241224-WA0001.jpg?ver=aadf5e8abfa6efbfdd2169ca5ff0aef1\" srcset=\"https:\/\/brtk.net\/wp-content\/uploads\/2024\/12\/24\/IMG-20241224-WA0001.jpg?ver=aadf5e8abfa6efbfdd2169ca5ff0aef1 2048w, https:\/\/brtk.net\/wp-content\/uploads\/2024\/12\/24\/IMG-20241224-WA0001-300x225.jpg?ver=bf940c10a4a00c5ae9e86e30afec2c82 300w, https:\/\/brtk.net\/wp-content\/uploads\/2024\/12\/24\/IMG-20241224-WA0001-1024x768.jpg?ver=bf940c10a4a00c5ae9e86e30afec2c82 1024w, https:\/\/brtk.net\/wp-content\/uploads\/2024\/12\/24\/IMG-20241224-WA0001-768x576.jpg?ver=bf940c10a4a00c5ae9e86e30afec2c82 768w, https:\/\/brtk.net\/wp-content\/uploads\/2024\/12\/24\/IMG-20241224-WA0001-1536x1152.jpg?ver=2eedec414f85ec0b67124dec588d4058 1536w\"\/>                            <\/div>\n<p>Ad\u0131yaman\u2019da 6 \u015eubat 2023 tarihinde meydana gelen depremde 72 cana mezar olan \u0130sias Otel davas\u0131n\u0131n alt\u0131nc\u0131 duru\u015fmas\u0131 bug\u00fcn yap\u0131l\u0131yor..<\/p>\n<p>Ad\u0131yaman 3. A\u011f\u0131r Ceza Mahkemesi\u2019nde 2 g\u00fcn s\u00fcrecek alt\u0131nc\u0131 duru\u015fma sonunda karar\u0131n a\u00e7\u0131klanmas\u0131 bekleniyor.\u0130sias Otel davas\u0131n\u0131n alt\u0131nc\u0131 duru\u015fmas\u0131 i\u00e7in her zaman oldu\u011fu gibi Ba\u015fbakan \u00dcnal \u00dcstel, aileler ve siyasiler, Barolar Birli\u011fi ve gazetecilerden olu\u015fan yakla\u015f\u0131k 100 ki\u015filik heyet haz\u0131r olacak..<\/p>\n<div class=\"mariselle-image-container center\">\n                <img loading=\"lazy\" decoding=\"async\" width=\"820\" height=\"659\" class=\"lazy-image\" alt=\"\" sizes=\"auto, (max-width: 820px) 100vw, 820px\" src=\"https:\/\/brtk.net\/wp-content\/uploads\/2024\/12\/24\/Screenshot_20241224_075410_WhatsApp.jpg?ver=b35aad84dda7fe8c682c25781015fbcd\" srcset=\"https:\/\/brtk.net\/wp-content\/uploads\/2024\/12\/24\/Screenshot_20241224_075410_WhatsApp.jpg?ver=b35aad84dda7fe8c682c25781015fbcd 820w, https:\/\/brtk.net\/wp-content\/uploads\/2024\/12\/24\/Screenshot_20241224_075410_WhatsApp-300x241.jpg?ver=b6278749ad725ef9b14f12f08184a13e 300w, https:\/\/brtk.net\/wp-content\/uploads\/2024\/12\/24\/Screenshot_20241224_075410_WhatsApp-768x617.jpg?ver=b6278749ad725ef9b14f12f08184a13e 768w\"\/>                            <\/div>\n<p>Duru\u015fman\u0131n ayr\u0131nt\u0131lar\u0131n\u0131 ve t\u00fcm geli\u015fmeleri her zaman oldu\u011fu gibi BRT\u2019den an be an sizlere ula\u015ft\u0131raca\u011f\u0131z<\/p>\n<\/p><\/div>\n<p><script async\n                    defer\n                    crossorigin=\"anonymous\"\n                    src=\"https:\/\/connect.facebook.net\/tr_TR\/sdk.js#xfbml=1&#038;version=v3.3\"\n            ><\/script><br \/>\n<br \/><br \/>\n<br \/><a href=\"https:\/\/brtk.net\/gozumuz-kulagimiz-adiyamanda\/\">Kaynak BRT <\/a><\/p>\n","protected":false},"excerpt":{"rendered":"<p>Ad\u0131yaman\u2019da 6 \u015eubat 2023 tarihinde meydana gelen depremde 72 cana mezar olan \u0130sias Otel davas\u0131n\u0131n alt\u0131nc\u0131 duru\u015fmas\u0131 bug\u00fcn yap\u0131l\u0131yor.. Ad\u0131yaman 3. A\u011f\u0131r Ceza Mahkemesi\u2019nde 2 g\u00fcn s\u00fcrecek alt\u0131nc\u0131 duru\u015fma sonunda karar\u0131n a\u00e7\u0131klanmas\u0131 bekleniyor.\u0130sias Otel davas\u0131n\u0131n alt\u0131nc\u0131 duru\u015fmas\u0131 i\u00e7in her zaman oldu\u011fu gibi Ba\u015fbakan \u00dcnal \u00dcstel, aileler ve siyasiler, Barolar Birli\u011fi ve gazetecilerden olu\u015fan yakla\u015f\u0131k 100 [&hellip;]<\/p>\n","protected":false},"author":908,"featured_media":14813,"comment_status":"open","ping_status":"open","sticky":false,"template":"","format":"standard","meta":{"_jetpack_memberships_contains_paid_content":false,"footnotes":"","jetpack_publicize_message":"","jetpack_publicize_feature_enabled":true,"jetpack_social_post_already_shared":true,"jetpack_social_options":{"image_generator_settings":{"template":"highway","default_image_id":0,"font":"","enabled":false},"version":2}},"categories":[253],"tags":[],"class_list":["post-14812","post","type-post","status-publish","format-standard","has-post-thumbnail","hentry","category-gundem"],"jetpack_publicize_connections":[],"jetpack_featured_media_url":"https:\/\/kibrisayna.com\/wp-content\/uploads\/2024\/12\/IMG-20241224-WA0001.jpg","jetpack_sharing_enabled":true,"_links":{"self":[{"href":"https:\/\/kibrisayna.com\/index.php\/wp-json\/wp\/v2\/posts\/14812","targetHints":{"allow":["GET"]}}],"collection":[{"href":"https:\/\/kibrisayna.com\/index.php\/wp-json\/wp\/v2\/posts"}],"about":[{"href":"https:\/\/kibrisayna.com\/index.php\/wp-json\/wp\/v2\/types\/post"}],"author":[{"embeddable":true,"href":"https:\/\/kibrisayna.com\/index.php\/wp-json\/wp\/v2\/users\/908"}],"replies":[{"embeddable":true,"href":"https:\/\/kibrisayna.com\/index.php\/wp-json\/wp\/v2\/comments?post=14812"}],"version-history":[{"count":0,"href":"https:\/\/kibrisayna.com\/index.php\/wp-json\/wp\/v2\/posts\/14812\/revisions"}],"wp:featuredmedia":[{"embeddable":true,"href":"https:\/\/kibrisayna.com\/index.php\/wp-json\/wp\/v2\/media\/14813"}],"wp:attachment":[{"href":"https:\/\/kibrisayna.com\/index.php\/wp-json\/wp\/v2\/media?parent=14812"}],"wp:term":[{"taxonomy":"category","embeddable":true,"href":"https:\/\/kibrisayna.com\/index.php\/wp-json\/wp\/v2\/categories?post=14812"},{"taxonomy":"post_tag","embeddable":true,"href":"https:\/\/kibrisayna.com\/index.php\/wp-json\/wp\/v2\/tags?post=14812"}],"curies":[{"name":"wp","href":"https:\/\/api.w.org\/{rel}","templated":true}]}}