{"id":14803,"date":"2024-12-23T21:14:00","date_gmt":"2024-12-23T18:14:00","guid":{"rendered":"https:\/\/kibrisayna.com\/index.php\/2024\/12\/23\/nazlimesporcuoglu-buyukler-liginde-ilk-yari-tamamlandi-brtk\/"},"modified":"2024-12-23T21:14:00","modified_gmt":"2024-12-23T18:14:00","slug":"nazlimesporcuoglu-buyukler-liginde-ilk-yari-tamamlandi-brtk","status":"publish","type":"post","link":"https:\/\/kibrisayna.com\/index.php\/2024\/12\/23\/nazlimesporcuoglu-buyukler-liginde-ilk-yari-tamamlandi-brtk\/","title":{"rendered":"NazlimeSporcuo\u011flu B\u00fcy\u00fckler Ligi\u2019nde ilk yar\u0131 tamamland\u0131 \u2013 BRTK"},"content":{"rendered":"<p> <br \/>\n<\/p>\n<div>\n<div class=\"mariselle-image-container center\">\n                <img loading=\"lazy\" decoding=\"async\" width=\"1600\" height=\"1200\" class=\"lazy-image\" alt=\"\" sizes=\"auto, (max-width: 1600px) 100vw, 1600px\" src=\"https:\/\/brtk.net\/wp-content\/uploads\/2024\/12\/23\/masa-tenisi.jpeg?ver=9a19ac37e036d6c1be56d83fd86c29a0\" srcset=\"https:\/\/brtk.net\/wp-content\/uploads\/2024\/12\/23\/masa-tenisi.jpeg?ver=9a19ac37e036d6c1be56d83fd86c29a0 1600w, https:\/\/brtk.net\/wp-content\/uploads\/2024\/12\/23\/masa-tenisi-300x225.jpeg?ver=61edc5c0468b315cc062075d187cfd59 300w, https:\/\/brtk.net\/wp-content\/uploads\/2024\/12\/23\/masa-tenisi-1024x768.jpeg?ver=61edc5c0468b315cc062075d187cfd59 1024w, https:\/\/brtk.net\/wp-content\/uploads\/2024\/12\/23\/masa-tenisi-768x576.jpeg?ver=c9010172de326f4181406371c4455c61 768w, https:\/\/brtk.net\/wp-content\/uploads\/2024\/12\/23\/masa-tenisi-1536x1152.jpeg?ver=c9010172de326f4181406371c4455c61 1536w\"\/>                            <\/div>\n<p>\nNazlimeSporcuo\u011flu B\u00fcy\u00fckler Ligi\u2019nde ilk devre Cumartesi g\u00fcn\u00fc oynanan kar\u015f\u0131la\u015fmalarla tamamland\u0131.<br \/>\nFederasyon, NazlimeSporcuo\u011flu ad\u0131na B\u00fcy\u00fckler Ligi\u2019ni iki hafta \u00f6nce ba\u015flatm\u0131\u015ft\u0131. Cumartesi g\u00fcn\u00fc oynanan kar\u015f\u0131la\u015fmalarla birlikte NazlimeSporcuo\u011flu B\u00fcy\u00fckler Ligi\u2019nde ilk devre tamamlanm\u0131\u015f oldu. NazlimeSporcuo\u011flu B\u00fcy\u00fckler Ligi\u2019nde ilk devreyi kad\u0131nlarda Arucad Anka Spor Derne\u011fi, erkeklerde ise Lefke Avrupa \u00dcniversitesi lider olarak tamamlad\u0131.<br \/>\nErkekler Ligi<br \/>\n4.Ayak Sonu\u00e7lar\u0131<br \/>\nLA\u00dc 3-0 GA\u00dc<br \/>\nArucad Anka Spor Derne\u011fi 3-0 G\u00dcHAD<br \/>\nDumlup\u0131nar 1-3 G\u00f6nyeli<br \/>\n5.Ayak Sonu\u00e7lar\u0131<br \/>\nLA\u00dc 3-0 Arucad Anka Spor Derne\u011fi<br \/>\nGA\u00dc 2-3 G\u00f6nyeli<br \/>\nDumlup\u0131nar 1-3 G\u00dcHAD<br \/>\nKad\u0131nlar Ligi<br \/>\n2.Ayak Sonu\u00e7lar\u0131<br \/>\nArucad Anka Spor Derne\u011fi 3-0 S\u00fctl\u00fcce<br \/>\nGA\u00dc 3-2 G\u00f6nyeli<br \/>\n3.Ayak Sonu\u00e7lar\u0131<br \/>\nArucad Anka Spor Derne\u011fi 3-1 GA\u00dc<br \/>\nS\u00fctl\u00fcce 1-3 G\u00f6nyeli<\/p>\n<p>\u0130lk devre puan durumu<br \/>KADINLAR<br \/>1.Arucad Anka Spor Derne\u011fi (6 puan)<br \/>2.GA\u00dc (5 puan)<br \/>3.G\u00f6nyeli (4 puan)<br \/>4.S\u00fctl\u00fcce (3 puan)<\/p>\n<p>ERKEKLER<br \/>1.LA\u00dc (10 puan)<br \/>2.Arucad Anka Spor Derne\u011fi (9 puan)<br \/>3.G\u00f6nyeli (8 puan)<br \/>4.GA\u00dc (7 puan)<br \/>5.G\u00dcHAD (6 puan)<br \/>6.Dumlup\u0131nar (5 puan)<\/p>\n<\/p><\/div>\n<p><script async\n                    defer\n                    crossorigin=\"anonymous\"\n                    src=\"https:\/\/connect.facebook.net\/tr_TR\/sdk.js#xfbml=1&#038;version=v3.3\"\n            ><\/script><br \/>\n<br \/><br \/>\n<br \/><a href=\"https:\/\/brtk.net\/nazlimesporcuoglu-buyukler-liginde-ilk-yari-tamamlandi\/\">Kaynak BRT <\/a><\/p>\n","protected":false},"excerpt":{"rendered":"<p>NazlimeSporcuo\u011flu B\u00fcy\u00fckler Ligi\u2019nde ilk devre Cumartesi g\u00fcn\u00fc oynanan kar\u015f\u0131la\u015fmalarla tamamland\u0131. Federasyon, NazlimeSporcuo\u011flu ad\u0131na B\u00fcy\u00fckler Ligi\u2019ni iki hafta \u00f6nce ba\u015flatm\u0131\u015ft\u0131. Cumartesi g\u00fcn\u00fc oynanan kar\u015f\u0131la\u015fmalarla birlikte NazlimeSporcuo\u011flu B\u00fcy\u00fckler Ligi\u2019nde ilk devre tamamlanm\u0131\u015f oldu. NazlimeSporcuo\u011flu B\u00fcy\u00fckler Ligi\u2019nde ilk devreyi kad\u0131nlarda Arucad Anka Spor Derne\u011fi, erkeklerde ise Lefke Avrupa \u00dcniversitesi lider olarak tamamlad\u0131. Erkekler Ligi 4.Ayak Sonu\u00e7lar\u0131 LA\u00dc 3-0 [&hellip;]<\/p>\n","protected":false},"author":908,"featured_media":14804,"comment_status":"open","ping_status":"open","sticky":false,"template":"","format":"standard","meta":{"_jetpack_memberships_contains_paid_content":false,"footnotes":"","jetpack_publicize_message":"","jetpack_publicize_feature_enabled":true,"jetpack_social_post_already_shared":true,"jetpack_social_options":{"image_generator_settings":{"template":"highway","default_image_id":0,"font":"","enabled":false},"version":2}},"categories":[9],"tags":[],"class_list":["post-14803","post","type-post","status-publish","format-standard","has-post-thumbnail","hentry","category-spor"],"jetpack_publicize_connections":[],"jetpack_featured_media_url":"https:\/\/kibrisayna.com\/wp-content\/uploads\/2024\/12\/masa-tenisi.jpeg","jetpack_sharing_enabled":true,"_links":{"self":[{"href":"https:\/\/kibrisayna.com\/index.php\/wp-json\/wp\/v2\/posts\/14803","targetHints":{"allow":["GET"]}}],"collection":[{"href":"https:\/\/kibrisayna.com\/index.php\/wp-json\/wp\/v2\/posts"}],"about":[{"href":"https:\/\/kibrisayna.com\/index.php\/wp-json\/wp\/v2\/types\/post"}],"author":[{"embeddable":true,"href":"https:\/\/kibrisayna.com\/index.php\/wp-json\/wp\/v2\/users\/908"}],"replies":[{"embeddable":true,"href":"https:\/\/kibrisayna.com\/index.php\/wp-json\/wp\/v2\/comments?post=14803"}],"version-history":[{"count":0,"href":"https:\/\/kibrisayna.com\/index.php\/wp-json\/wp\/v2\/posts\/14803\/revisions"}],"wp:featuredmedia":[{"embeddable":true,"href":"https:\/\/kibrisayna.com\/index.php\/wp-json\/wp\/v2\/media\/14804"}],"wp:attachment":[{"href":"https:\/\/kibrisayna.com\/index.php\/wp-json\/wp\/v2\/media?parent=14803"}],"wp:term":[{"taxonomy":"category","embeddable":true,"href":"https:\/\/kibrisayna.com\/index.php\/wp-json\/wp\/v2\/categories?post=14803"},{"taxonomy":"post_tag","embeddable":true,"href":"https:\/\/kibrisayna.com\/index.php\/wp-json\/wp\/v2\/tags?post=14803"}],"curies":[{"name":"wp","href":"https:\/\/api.w.org\/{rel}","templated":true}]}}