{"id":14801,"date":"2024-12-23T21:10:29","date_gmt":"2024-12-23T18:10:29","guid":{"rendered":"https:\/\/kibrisayna.com\/index.php\/2024\/12\/23\/memur-sen-baskanlar-kurulu-toplantisi-gazimagusada-yapildi-brtk\/"},"modified":"2024-12-23T21:10:29","modified_gmt":"2024-12-23T18:10:29","slug":"memur-sen-baskanlar-kurulu-toplantisi-gazimagusada-yapildi-brtk","status":"publish","type":"post","link":"https:\/\/kibrisayna.com\/index.php\/2024\/12\/23\/memur-sen-baskanlar-kurulu-toplantisi-gazimagusada-yapildi-brtk\/","title":{"rendered":"Memur-Sen Ba\u015fkanlar Kurulu Toplant\u0131s\u0131 Gazima\u011fusa\u2019da yap\u0131ld\u0131 \u2013 BRTK"},"content":{"rendered":"<p> <br \/>\n<\/p>\n<div>\n<div class=\"mariselle-image-container center\">\n                <img loading=\"lazy\" decoding=\"async\" width=\"1080\" height=\"720\" class=\"lazy-image\" alt=\"\" sizes=\"auto, (max-width: 1080px) 100vw, 1080px\" src=\"https:\/\/brtk.net\/wp-content\/uploads\/2024\/12\/23\/alsdjla.jpg?ver=7ffe9a5be0bb8d6337f6bafc9ce3c197\" srcset=\"https:\/\/brtk.net\/wp-content\/uploads\/2024\/12\/23\/alsdjla.jpg?ver=7ffe9a5be0bb8d6337f6bafc9ce3c197 1080w, https:\/\/brtk.net\/wp-content\/uploads\/2024\/12\/23\/alsdjla-300x200.jpg?ver=0481ce55f739b6a617ba42175edd23df 300w, https:\/\/brtk.net\/wp-content\/uploads\/2024\/12\/23\/alsdjla-1024x683.jpg?ver=0481ce55f739b6a617ba42175edd23df 1024w, https:\/\/brtk.net\/wp-content\/uploads\/2024\/12\/23\/alsdjla-768x512.jpg?ver=0481ce55f739b6a617ba42175edd23df 768w\"\/>                            <\/div>\n<p>K\u0131br\u0131s T\u00fcrk E\u011fitimciler Sendikas\u0131 (KIBTES) ev sahipli\u011finde Memur-Sen Geni\u015fletilmi\u015f Ba\u015fkanlar Kurulu Toplant\u0131s\u0131, Gazima\u011fusa\u2019da ger\u00e7ekle\u015ftirildi.<\/p>\n<p>Memur-Sen\u2019den yap\u0131lan a\u00e7\u0131klamaya g\u00f6re toplant\u0131ya Memur-Sen Genel Ba\u015fkan\u0131 Ali Yal\u00e7\u0131n, KIBTES Ba\u015fkan\u0131 Himmet Turgut, Memur-Sen Y\u00f6netim Kurulu \u00dcyeleri ve konfederasyon b\u00fcnyesindeki sendikalar\u0131n genel ba\u015fkanlar\u0131 ile y\u00f6netim kurulu \u00fcyeleri kat\u0131ld\u0131.<\/p>\n<p>A\u00e7\u0131klamaya g\u00f6re, KIBTES Ba\u015fkan\u0131 Himmet Turgut, toplant\u0131da yapt\u0131\u011f\u0131 konu\u015fmada, K\u0131br\u0131s\u2019taki sendikal faaliyetler ve \u00f6rg\u00fctlenme s\u00fcreci hakk\u0131nda bilgi verdi. Sendikal m\u00fccadelenin zorluklar\u0131na dikkat \u00e7eken Turgut, Memur-Sen\u2019in deste\u011fiyle, birka\u00e7 ki\u015fiyle \u00e7\u0131kt\u0131klar\u0131 bu yolda b\u00fcy\u00fck bir m\u00fccadele sonucu bu g\u00fcnlere geldiklerini belirtti. Turgut, \u201cMemur-Sen d\u00fcnyaya emek hareketi ad\u0131na b\u00fcy\u00fck bir vizyon sunuyor. Bizler de bu konuda Memur-Sen\u2019in en b\u00fcy\u00fck destek\u00e7isiyiz. T\u00fcrkiye\u2019de K\u0131br\u0131s\u2019\u0131 daha \u00e7ok anlatarak bizlerin daha iyi anla\u015f\u0131lmas\u0131 ad\u0131na yard\u0131mc\u0131 olman\u0131z, bizlerin daha da ileri gitmesine vesile olacakt\u0131r. \u00d6rg\u00fctl\u00fc g\u00fc\u00e7 anlam\u0131nda her zaman dayan\u0131\u015fma i\u00e7erisinde olmay\u0131 s\u00fcrd\u00fcrece\u011fiz\u201d dedi.<\/p>\n<p>Memur-Sen Genel Ba\u015fkan\u0131 Ali Yal\u00e7\u0131n ise KKTC\u2019de ger\u00e7ekle\u015ftirilen toplant\u0131lar\u0131n \u00f6nemine vurgu yaparak, Memur-Sen\u2019in emek hareketinde s\u0131n\u0131rlar\u0131 a\u015fan \u00e7al\u0131\u015fmalar y\u00fcr\u00fctt\u00fc\u011f\u00fcn\u00fc belirtti. Yal\u00e7\u0131n, \u201cKuzey K\u0131br\u0131s T\u00fcrk Cumhuriyeti\u2019nin ba\u011f\u0131ms\u0131z bir devlet olarak varl\u0131\u011f\u0131 ve gelece\u011fi i\u00e7in T\u00fcrkiye Cumhuriyeti\u2019nin s\u0131n\u0131rs\u0131z deste\u011fi gibi, emek m\u00fccadelesinde verdi\u011fimiz destek karde\u015fli\u011fimizi daha da peki\u015ftirecektir\u201d ifadelerini kulland\u0131.<\/p>\n<\/p><\/div>\n<p><script async\n                    defer\n                    crossorigin=\"anonymous\"\n                    src=\"https:\/\/connect.facebook.net\/tr_TR\/sdk.js#xfbml=1&#038;version=v3.3\"\n            ><\/script><br \/>\n<br \/><br \/>\n<br \/><a href=\"https:\/\/brtk.net\/memur-sen-baskanlar-kurulu-toplantisi-gazimagusada-yapildi\/\">Kaynak BRT <\/a><\/p>\n","protected":false},"excerpt":{"rendered":"<p>K\u0131br\u0131s T\u00fcrk E\u011fitimciler Sendikas\u0131 (KIBTES) ev sahipli\u011finde Memur-Sen Geni\u015fletilmi\u015f Ba\u015fkanlar Kurulu Toplant\u0131s\u0131, Gazima\u011fusa\u2019da ger\u00e7ekle\u015ftirildi. Memur-Sen\u2019den yap\u0131lan a\u00e7\u0131klamaya g\u00f6re toplant\u0131ya Memur-Sen Genel Ba\u015fkan\u0131 Ali Yal\u00e7\u0131n, KIBTES Ba\u015fkan\u0131 Himmet Turgut, Memur-Sen Y\u00f6netim Kurulu \u00dcyeleri ve konfederasyon b\u00fcnyesindeki sendikalar\u0131n genel ba\u015fkanlar\u0131 ile y\u00f6netim kurulu \u00fcyeleri kat\u0131ld\u0131. A\u00e7\u0131klamaya g\u00f6re, KIBTES Ba\u015fkan\u0131 Himmet Turgut, toplant\u0131da yapt\u0131\u011f\u0131 konu\u015fmada, K\u0131br\u0131s\u2019taki sendikal faaliyetler [&hellip;]<\/p>\n","protected":false},"author":908,"featured_media":14802,"comment_status":"open","ping_status":"open","sticky":false,"template":"","format":"standard","meta":{"_jetpack_memberships_contains_paid_content":false,"footnotes":"","jetpack_publicize_message":"","jetpack_publicize_feature_enabled":true,"jetpack_social_post_already_shared":true,"jetpack_social_options":{"image_generator_settings":{"template":"highway","default_image_id":0,"font":"","enabled":false},"version":2}},"categories":[253],"tags":[],"class_list":["post-14801","post","type-post","status-publish","format-standard","has-post-thumbnail","hentry","category-gundem"],"jetpack_publicize_connections":[],"jetpack_featured_media_url":"https:\/\/kibrisayna.com\/wp-content\/uploads\/2024\/12\/alsdjla.jpg","jetpack_sharing_enabled":true,"_links":{"self":[{"href":"https:\/\/kibrisayna.com\/index.php\/wp-json\/wp\/v2\/posts\/14801","targetHints":{"allow":["GET"]}}],"collection":[{"href":"https:\/\/kibrisayna.com\/index.php\/wp-json\/wp\/v2\/posts"}],"about":[{"href":"https:\/\/kibrisayna.com\/index.php\/wp-json\/wp\/v2\/types\/post"}],"author":[{"embeddable":true,"href":"https:\/\/kibrisayna.com\/index.php\/wp-json\/wp\/v2\/users\/908"}],"replies":[{"embeddable":true,"href":"https:\/\/kibrisayna.com\/index.php\/wp-json\/wp\/v2\/comments?post=14801"}],"version-history":[{"count":0,"href":"https:\/\/kibrisayna.com\/index.php\/wp-json\/wp\/v2\/posts\/14801\/revisions"}],"wp:featuredmedia":[{"embeddable":true,"href":"https:\/\/kibrisayna.com\/index.php\/wp-json\/wp\/v2\/media\/14802"}],"wp:attachment":[{"href":"https:\/\/kibrisayna.com\/index.php\/wp-json\/wp\/v2\/media?parent=14801"}],"wp:term":[{"taxonomy":"category","embeddable":true,"href":"https:\/\/kibrisayna.com\/index.php\/wp-json\/wp\/v2\/categories?post=14801"},{"taxonomy":"post_tag","embeddable":true,"href":"https:\/\/kibrisayna.com\/index.php\/wp-json\/wp\/v2\/tags?post=14801"}],"curies":[{"name":"wp","href":"https:\/\/api.w.org\/{rel}","templated":true}]}}