{"id":14799,"date":"2024-12-23T21:04:52","date_gmt":"2024-12-23T18:04:52","guid":{"rendered":"https:\/\/kibrisayna.com\/index.php\/2024\/12\/23\/cumhurbaskani-tatar-corlu-muzik-dernegi-baskani-kayayi-kabul-etti-brtk\/"},"modified":"2024-12-23T21:04:52","modified_gmt":"2024-12-23T18:04:52","slug":"cumhurbaskani-tatar-corlu-muzik-dernegi-baskani-kayayi-kabul-etti-brtk","status":"publish","type":"post","link":"https:\/\/kibrisayna.com\/index.php\/2024\/12\/23\/cumhurbaskani-tatar-corlu-muzik-dernegi-baskani-kayayi-kabul-etti-brtk\/","title":{"rendered":"Cumhurba\u015fkan\u0131 Tatar, \u00c7orlu M\u00fczik Derne\u011fi Ba\u015fkan\u0131 Kaya\u2019y\u0131 kabul etti \u2013 BRTK"},"content":{"rendered":"<p> <br \/>\n<\/p>\n<div>\n<div class=\"mariselle-image-container center\">\n                <img loading=\"lazy\" decoding=\"async\" width=\"1600\" height=\"1066\" class=\"lazy-image\" alt=\"\" sizes=\"auto, (max-width: 1600px) 100vw, 1600px\" src=\"https:\/\/brtk.net\/wp-content\/uploads\/2024\/12\/23\/daksda.jpg?ver=5e007b69ea14f8d8ef740d44a37f1fcc\" srcset=\"https:\/\/brtk.net\/wp-content\/uploads\/2024\/12\/23\/daksda.jpg?ver=5e007b69ea14f8d8ef740d44a37f1fcc 1600w, https:\/\/brtk.net\/wp-content\/uploads\/2024\/12\/23\/daksda-300x200.jpg?ver=6c16eb516f0a5fa411402805075094ee 300w, https:\/\/brtk.net\/wp-content\/uploads\/2024\/12\/23\/daksda-1024x682.jpg?ver=6c16eb516f0a5fa411402805075094ee 1024w, https:\/\/brtk.net\/wp-content\/uploads\/2024\/12\/23\/daksda-768x512.jpg?ver=6c16eb516f0a5fa411402805075094ee 768w, https:\/\/brtk.net\/wp-content\/uploads\/2024\/12\/23\/daksda-1536x1023.jpg?ver=fb3446f1214426442b01b0ad95eb1c54 1536w\"\/>                            <\/div>\n<p> Cumhurba\u015fkan\u0131 Ersin Tatar, \u00c7orlu M\u00fczik Derne\u011fi Ba\u015fkan\u0131 Hasan Kaya\u2019y\u0131 kabul etti.<\/p>\n<p>Cumhurba\u015fkanl\u0131\u011f\u0131\u2019ndan verilen bilgiye g\u00f6re, Cumhurba\u015fkan\u0131 Ersin Tatar, kabuldeki konu\u015fmas\u0131nda, her alanda oldu\u011fu gibi m\u00fczik alan\u0131nda da temaslar\u0131n K\u0131br\u0131s T\u00fcrk halk\u0131 i\u00e7in fevkalade \u00f6nemli oldu\u011funu vurgulad\u0131.<\/p>\n<p>K\u0131br\u0131s T\u00fcrk halk\u0131n\u0131n kendine \u00f6zg\u00fc sanat ve k\u00fclt\u00fcr\u00fcn\u00fcn oldu\u011funu ifade eden Cumhurba\u015fkan\u0131 Tatar, m\u00fczik alan\u0131nda etkinliklerin artmas\u0131n\u0131n da siyasi ba\u011flamda g\u00fc\u00e7lenmeleri ad\u0131na \u00f6nem ta\u015f\u0131d\u0131\u011f\u0131n\u0131 kaydetti.<\/p>\n<p>Cumhurba\u015fkan\u0131 Tatar, m\u00fczik alan\u0131nda etkinliklerin art\u0131r\u0131lmas\u0131n\u0131n ayr\u0131ca K\u0131br\u0131s T\u00fcrk\u00fc\u2019n\u00fcn sesinin duyurulmas\u0131 ve Kuzey K\u0131br\u0131s T\u00fcrk Cumhuriyeti\u2019nin tan\u0131t\u0131lmas\u0131 anlam\u0131na geldi\u011fini belirtti.<\/p>\n<p>Tatar, \u00fclkede \u00e7ok ba\u015far\u0131l\u0131 m\u00fczisyenlerin oldu\u011funu dile getirerek, bu ba\u011flamda ilgisinden dolay\u0131 \u00c7orlu  M\u00fczik Derne\u011fi Ba\u015fkan ve \u00fcyelerine te\u015fekk\u00fcr etti.<\/p>\n<p>D\u00fc\u015f\u00fcn\u00fclen projelerin hayata ge\u00e7mesinin \u00f6nemine vurgu yapan Cumhurba\u015fkan\u0131 Tatar, T\u00dcRKSOY camias\u0131 ve T\u00fcrk D\u00fcnyas\u0131 ile kurulan ba\u011flara da dikkat \u00e7ekti.  <\/p>\n<p>\u00c7orlu M\u00fczik Derne\u011fi Ba\u015fkan\u0131 Hasan Kaya ise, sanat\u0131n \u00f6nemine de\u011finerek, y\u00fcr\u00fct\u00fclen \u00e7al\u0131\u015fmalar ve T\u00dcRKSOY ile hayata ge\u00e7irilmesi planlanan projeler hakk\u0131nda bilgi aktard\u0131.<\/p>\n<\/p><\/div>\n<p><script async\n                    defer\n                    crossorigin=\"anonymous\"\n                    src=\"https:\/\/connect.facebook.net\/tr_TR\/sdk.js#xfbml=1&#038;version=v3.3\"\n            ><\/script><br \/>\n<br \/><br \/>\n<br \/><a href=\"https:\/\/brtk.net\/cumhurbaskani-tatar-corlu-muzik-dernegi-baskani-kayayi-kabul-etti\/\">Kaynak BRT <\/a><\/p>\n","protected":false},"excerpt":{"rendered":"<p>Cumhurba\u015fkan\u0131 Ersin Tatar, \u00c7orlu M\u00fczik Derne\u011fi Ba\u015fkan\u0131 Hasan Kaya\u2019y\u0131 kabul etti. Cumhurba\u015fkanl\u0131\u011f\u0131\u2019ndan verilen bilgiye g\u00f6re, Cumhurba\u015fkan\u0131 Ersin Tatar, kabuldeki konu\u015fmas\u0131nda, her alanda oldu\u011fu gibi m\u00fczik alan\u0131nda da temaslar\u0131n K\u0131br\u0131s T\u00fcrk halk\u0131 i\u00e7in fevkalade \u00f6nemli oldu\u011funu vurgulad\u0131. K\u0131br\u0131s T\u00fcrk halk\u0131n\u0131n kendine \u00f6zg\u00fc sanat ve k\u00fclt\u00fcr\u00fcn\u00fcn oldu\u011funu ifade eden Cumhurba\u015fkan\u0131 Tatar, m\u00fczik alan\u0131nda etkinliklerin artmas\u0131n\u0131n da siyasi [&hellip;]<\/p>\n","protected":false},"author":908,"featured_media":14800,"comment_status":"open","ping_status":"open","sticky":false,"template":"","format":"standard","meta":{"_jetpack_memberships_contains_paid_content":false,"footnotes":"","jetpack_publicize_message":"","jetpack_publicize_feature_enabled":true,"jetpack_social_post_already_shared":true,"jetpack_social_options":{"image_generator_settings":{"template":"highway","default_image_id":0,"font":"","enabled":false},"version":2}},"categories":[253],"tags":[],"class_list":["post-14799","post","type-post","status-publish","format-standard","has-post-thumbnail","hentry","category-gundem"],"jetpack_publicize_connections":[],"jetpack_featured_media_url":"https:\/\/kibrisayna.com\/wp-content\/uploads\/2024\/12\/daksda.jpg","jetpack_sharing_enabled":true,"_links":{"self":[{"href":"https:\/\/kibrisayna.com\/index.php\/wp-json\/wp\/v2\/posts\/14799","targetHints":{"allow":["GET"]}}],"collection":[{"href":"https:\/\/kibrisayna.com\/index.php\/wp-json\/wp\/v2\/posts"}],"about":[{"href":"https:\/\/kibrisayna.com\/index.php\/wp-json\/wp\/v2\/types\/post"}],"author":[{"embeddable":true,"href":"https:\/\/kibrisayna.com\/index.php\/wp-json\/wp\/v2\/users\/908"}],"replies":[{"embeddable":true,"href":"https:\/\/kibrisayna.com\/index.php\/wp-json\/wp\/v2\/comments?post=14799"}],"version-history":[{"count":0,"href":"https:\/\/kibrisayna.com\/index.php\/wp-json\/wp\/v2\/posts\/14799\/revisions"}],"wp:featuredmedia":[{"embeddable":true,"href":"https:\/\/kibrisayna.com\/index.php\/wp-json\/wp\/v2\/media\/14800"}],"wp:attachment":[{"href":"https:\/\/kibrisayna.com\/index.php\/wp-json\/wp\/v2\/media?parent=14799"}],"wp:term":[{"taxonomy":"category","embeddable":true,"href":"https:\/\/kibrisayna.com\/index.php\/wp-json\/wp\/v2\/categories?post=14799"},{"taxonomy":"post_tag","embeddable":true,"href":"https:\/\/kibrisayna.com\/index.php\/wp-json\/wp\/v2\/tags?post=14799"}],"curies":[{"name":"wp","href":"https:\/\/api.w.org\/{rel}","templated":true}]}}