{"id":14796,"date":"2024-12-23T20:42:34","date_gmt":"2024-12-23T17:42:34","guid":{"rendered":"https:\/\/kibrisayna.com\/index.php\/2024\/12\/23\/gokbilenden-bassagligi-mesaji-brtk\/"},"modified":"2024-12-23T20:42:34","modified_gmt":"2024-12-23T17:42:34","slug":"gokbilenden-bassagligi-mesaji-brtk","status":"publish","type":"post","link":"https:\/\/kibrisayna.com\/index.php\/2024\/12\/23\/gokbilenden-bassagligi-mesaji-brtk\/","title":{"rendered":"G\u00f6kbilen\u2019den ba\u015fsa\u011fl\u0131\u011f\u0131 mesaj\u0131 \u2013 BRTK"},"content":{"rendered":"<p> <br \/>\n<\/p>\n<div>\n<div class=\"mariselle-image-container center\">\n                <img loading=\"lazy\" decoding=\"async\" width=\"1294\" height=\"682\" class=\"lazy-image\" alt=\"\" sizes=\"auto, (max-width: 1294px) 100vw, 1294px\" src=\"https:\/\/brtk.net\/wp-content\/uploads\/2024\/12\/23\/gokbilen.jpg?ver=5b1f734533ea26d5bb1a029c5b01116d\" srcset=\"https:\/\/brtk.net\/wp-content\/uploads\/2024\/12\/23\/gokbilen.jpg?ver=5b1f734533ea26d5bb1a029c5b01116d 1294w, https:\/\/brtk.net\/wp-content\/uploads\/2024\/12\/23\/gokbilen-300x158.jpg?ver=330e5c7e2a4f1eb430dc33e29e033d8d 300w, https:\/\/brtk.net\/wp-content\/uploads\/2024\/12\/23\/gokbilen-1024x540.jpg?ver=19c06999d4f287bf39659331915291e5 1024w, https:\/\/brtk.net\/wp-content\/uploads\/2024\/12\/23\/gokbilen-768x405.jpg?ver=19c06999d4f287bf39659331915291e5 768w\"\/>                            <\/div>\n<p>Taekwondo Judo Karate Aikido Federasyonu ba\u015fkan\u0131 Ey\u00fcp Zafer G\u00f6kbilen, T\u00fcrkiye judo gen\u00e7 milli tak\u0131m\u0131 sporcular\u0131n\u0131n ge\u00e7irmi\u015f olduklar\u0131 talihsiz kaza nedeniyle mesaj yay\u0131nlad\u0131.<br \/>G\u00f6kbilen mesaj\u0131nda Paland\u00f6ken\u2019de antrenman s\u0131ras\u0131nda \u00e7\u0131\u011f d\u00fc\u015fmesi sonucu vefat eden sporcu Emre Yazgan\u2019a Allah rahmet yasl\u0131 ailesine de ba\u015fsa\u011fl\u0131\u011f\u0131 dilerken kazada yaralanan sporculara da ge\u00e7mi\u015f olsun dileklerinde bulundu. G\u00f6kbilen yaral\u0131 sporcular\u0131n bir an \u00f6nce sa\u011fl\u0131\u011f\u0131na kavu\u015fmas\u0131 dile\u011fini de iletti.<\/p>\n<\/p><\/div>\n<p><script async\n                    defer\n                    crossorigin=\"anonymous\"\n                    src=\"https:\/\/connect.facebook.net\/tr_TR\/sdk.js#xfbml=1&#038;version=v3.3\"\n            ><\/script><br \/>\n<br \/><br \/>\n<br \/><a href=\"https:\/\/brtk.net\/gokbilenden-bassagligi-mesaji\/\">Kaynak BRT <\/a><\/p>\n","protected":false},"excerpt":{"rendered":"<p>Taekwondo Judo Karate Aikido Federasyonu ba\u015fkan\u0131 Ey\u00fcp Zafer G\u00f6kbilen, T\u00fcrkiye judo gen\u00e7 milli tak\u0131m\u0131 sporcular\u0131n\u0131n ge\u00e7irmi\u015f olduklar\u0131 talihsiz kaza nedeniyle mesaj yay\u0131nlad\u0131.G\u00f6kbilen mesaj\u0131nda Paland\u00f6ken\u2019de antrenman s\u0131ras\u0131nda \u00e7\u0131\u011f d\u00fc\u015fmesi sonucu vefat eden sporcu Emre Yazgan\u2019a Allah rahmet yasl\u0131 ailesine de ba\u015fsa\u011fl\u0131\u011f\u0131 dilerken kazada yaralanan sporculara da ge\u00e7mi\u015f olsun dileklerinde bulundu. G\u00f6kbilen yaral\u0131 sporcular\u0131n bir an \u00f6nce [&hellip;]<\/p>\n","protected":false},"author":908,"featured_media":14797,"comment_status":"open","ping_status":"open","sticky":false,"template":"","format":"standard","meta":{"_jetpack_memberships_contains_paid_content":false,"footnotes":"","jetpack_publicize_message":"","jetpack_publicize_feature_enabled":true,"jetpack_social_post_already_shared":true,"jetpack_social_options":{"image_generator_settings":{"template":"highway","default_image_id":0,"font":"","enabled":false},"version":2}},"categories":[9],"tags":[],"class_list":["post-14796","post","type-post","status-publish","format-standard","has-post-thumbnail","hentry","category-spor"],"jetpack_publicize_connections":[],"jetpack_featured_media_url":"https:\/\/kibrisayna.com\/wp-content\/uploads\/2024\/12\/gokbilen.jpg","jetpack_sharing_enabled":true,"_links":{"self":[{"href":"https:\/\/kibrisayna.com\/index.php\/wp-json\/wp\/v2\/posts\/14796","targetHints":{"allow":["GET"]}}],"collection":[{"href":"https:\/\/kibrisayna.com\/index.php\/wp-json\/wp\/v2\/posts"}],"about":[{"href":"https:\/\/kibrisayna.com\/index.php\/wp-json\/wp\/v2\/types\/post"}],"author":[{"embeddable":true,"href":"https:\/\/kibrisayna.com\/index.php\/wp-json\/wp\/v2\/users\/908"}],"replies":[{"embeddable":true,"href":"https:\/\/kibrisayna.com\/index.php\/wp-json\/wp\/v2\/comments?post=14796"}],"version-history":[{"count":0,"href":"https:\/\/kibrisayna.com\/index.php\/wp-json\/wp\/v2\/posts\/14796\/revisions"}],"wp:featuredmedia":[{"embeddable":true,"href":"https:\/\/kibrisayna.com\/index.php\/wp-json\/wp\/v2\/media\/14797"}],"wp:attachment":[{"href":"https:\/\/kibrisayna.com\/index.php\/wp-json\/wp\/v2\/media?parent=14796"}],"wp:term":[{"taxonomy":"category","embeddable":true,"href":"https:\/\/kibrisayna.com\/index.php\/wp-json\/wp\/v2\/categories?post=14796"},{"taxonomy":"post_tag","embeddable":true,"href":"https:\/\/kibrisayna.com\/index.php\/wp-json\/wp\/v2\/tags?post=14796"}],"curies":[{"name":"wp","href":"https:\/\/api.w.org\/{rel}","templated":true}]}}