{"id":14761,"date":"2024-12-23T14:12:02","date_gmt":"2024-12-23T11:12:02","guid":{"rendered":"https:\/\/kibrisayna.com\/index.php\/2024\/12\/23\/larnaka-sehitleri-iskelede-anildi-brtk\/"},"modified":"2024-12-23T14:12:02","modified_gmt":"2024-12-23T11:12:02","slug":"larnaka-sehitleri-iskelede-anildi-brtk","status":"publish","type":"post","link":"https:\/\/kibrisayna.com\/index.php\/2024\/12\/23\/larnaka-sehitleri-iskelede-anildi-brtk\/","title":{"rendered":"Larnaka \u015eehitleri \u0130skele\u2019de an\u0131ld\u0131 \u2013 BRTK"},"content":{"rendered":"<p> <br \/>\n<\/p>\n<div>\n<div class=\"mariselle-image-container center\">\n                <img loading=\"lazy\" decoding=\"async\" width=\"1600\" height=\"720\" class=\"lazy-image\" alt=\"\" sizes=\"auto, (max-width: 1600px) 100vw, 1600px\" src=\"https:\/\/brtk.net\/wp-content\/uploads\/2024\/12\/23\/larnaka-sehitleri.jpg?ver=21ba902b3e266578f32100385ae84dc6\" srcset=\"https:\/\/brtk.net\/wp-content\/uploads\/2024\/12\/23\/larnaka-sehitleri.jpg?ver=21ba902b3e266578f32100385ae84dc6 1600w, https:\/\/brtk.net\/wp-content\/uploads\/2024\/12\/23\/larnaka-sehitleri-300x135.jpg?ver=21ba902b3e266578f32100385ae84dc6 300w, https:\/\/brtk.net\/wp-content\/uploads\/2024\/12\/23\/larnaka-sehitleri-1024x461.jpg?ver=21ba902b3e266578f32100385ae84dc6 1024w, https:\/\/brtk.net\/wp-content\/uploads\/2024\/12\/23\/larnaka-sehitleri-768x346.jpg?ver=21ba902b3e266578f32100385ae84dc6 768w, https:\/\/brtk.net\/wp-content\/uploads\/2024\/12\/23\/larnaka-sehitleri-1536x691.jpg?ver=a73380381cfc068e1c8a9a4cb522fd1c 1536w\"\/>                            <\/div>\n<p>Milli M\u00fccadele y\u0131llar\u0131 ile 1974 Mutlu Bar\u0131\u015f Harek\u00e2t\u0131 s\u0131ras\u0131nda Larnaka Sanca\u011f\u0131\u2019na ba\u011fl\u0131 birimlerde \u015fehit d\u00fc\u015fenler d\u00fczenlenen t\u00f6renle an\u0131ld\u0131.<\/p>\n<p>\u0130skelede Larnaka \u015eehitler an\u0131t\u0131 \u00f6n\u00fcnde yer alan t\u00f6ren sayg\u0131 duru\u015fu, sayg\u0131 at\u0131\u015f\u0131 ve ard\u0131ndan da \u0130stiklal mar\u015f\u0131n\u0131n okunmas\u0131yla ba\u015flad\u0131.<\/p>\n<div class=\"mariselle-image-container center\">\n                <img loading=\"lazy\" decoding=\"async\" width=\"1600\" height=\"720\" class=\"lazy-image\" alt=\"\" sizes=\"auto, (max-width: 1600px) 100vw, 1600px\" src=\"https:\/\/brtk.net\/wp-content\/uploads\/2024\/12\/23\/larr.jpg?ver=ef8022b9f4c80f18098447a0d6edd72e\" srcset=\"https:\/\/brtk.net\/wp-content\/uploads\/2024\/12\/23\/larr.jpg?ver=ef8022b9f4c80f18098447a0d6edd72e 1600w, https:\/\/brtk.net\/wp-content\/uploads\/2024\/12\/23\/larr-300x135.jpg?ver=f75d2ea71d8f171712d08315f31612f4 300w, https:\/\/brtk.net\/wp-content\/uploads\/2024\/12\/23\/larr-1024x461.jpg?ver=f75d2ea71d8f171712d08315f31612f4 1024w, https:\/\/brtk.net\/wp-content\/uploads\/2024\/12\/23\/larr-768x346.jpg?ver=3429ee6ecdbefabc460713f68337b598 768w, https:\/\/brtk.net\/wp-content\/uploads\/2024\/12\/23\/larr-1536x691.jpg?ver=3429ee6ecdbefabc460713f68337b598 1536w\"\/>                            <\/div>\n<p>Daha sonra \u00e7elenkler an\u0131t\u0131na konuldu.<\/p>\n<p>T\u00f6rende  g\u00fcn\u00fcn anlam ve \u00f6nemine ili\u015fkin ilk konu\u015fmay\u0131 K\u0131br\u0131s TMT \u0130skele M\u00fccahitler Derne\u011fi Ba\u015fkan\u0131 Ali Abdurrahmano\u011flu yapt\u0131.<br \/>Abdurrahmano\u011flu, Larnaka halk\u0131n\u0131n Rumlar\u0131n Enosis hayaline kar\u015f\u0131 kahramanca m\u00fccadele verdi\u011fini kaydetti.<\/p>\n<p>\u015eehit Aileleri ve Malul Gaziler Derne\u011fi Ba\u015fkan\u0131 G\u00fcrsel Benan da konu\u015fmas\u0131nda ge\u00e7mi\u015fin unutmamas\u0131n\u0131n \u00f6nemine vurgu yapt\u0131.<\/p>\n<p>Benan, \u201cUnutmak Yok, unutmak! Yok olman\u0131n ba\u015flang\u0131c\u0131d\u0131r. Gelece\u011fe daha emin ad\u0131mlarla y\u00fcr\u00fcmek, gelecekte istikrar\u0131m\u0131z\u0131 korumak i\u00e7in ge\u00e7mi\u015fimizi, ge\u00e7mi\u015fte yap\u0131lan mezalimleri, katliamlar\u0131 unutmayaca\u011f\u0131z, unutturmayaca\u011f\u0131z\u201d diye konu\u015ftu.<\/p>\n<p>\u0130skele Belediye Ba\u015fkan\u0131 Hasan Sad\u0131ko\u011flu da Rumlar\u0131n 21 Aral\u0131k 1963 tarihinde K\u0131br\u0131s T\u00fcrklerine y\u00f6nelik ba\u015flatt\u0131\u011f\u0131 silahl\u0131 sald\u0131r\u0131lara kar\u015f\u0131, Larnaka Sanca\u011f\u0131na ba\u011fl\u0131 43 K\u00f6yde ya\u015fayan ya\u015fl\u0131, gen\u00e7, kad\u0131n, erkek ve \u00e7ocuk \u00e7ok say\u0131da insan\u0131n kahramanca direndiklerini anlatt\u0131.<\/p>\n<p>Sad\u0131ko\u011flu, Rumlar\u2019\u0131n K\u0131br\u0131sl\u0131 T\u00fcrklere uygulad\u0131\u011f\u0131, etnik yok etme politikas\u0131n\u0131n en ac\u0131 olay\u0131n\u0131n Larnaka\u2019dan Dikelya \u0130ngiliz \u00dcss\u00fcne gitmek i\u00e7in bindikleri ve bir daha geri d\u00f6nmeyen 11 vatan evlad\u0131n\u0131 ta\u015f\u0131yan Kay\u0131p Otob\u00fcs olay\u0131 oldu\u011funu s\u00f6yledi.<\/p>\n<p>Cumhurba\u015fkan\u0131 Ersin Tatar ise konu\u015fmas\u0131na K\u0131br\u0131s T\u00fcrk halk\u0131n\u0131 yok etmek i\u00e7in oynan oyunlara kahramanca direnerek \u015fehit d\u00fc\u015fenleri rahmetle anarak ba\u015flad\u0131.<\/p>\n<p>K\u0131br\u0131s\u2019ta bir anla\u015fma olacaksa, mutlak suretle iki devletli bir \u00e7\u00f6z\u00fcmle olabilece\u011fini dile getiren Cumhurba\u015fkan\u0131 Tatar, toplumdan topluma bir anlay\u0131\u015f\u0131n geride kald\u0131\u011f\u0131n\u0131 federasyon defterinin kapand\u0131\u011f\u0131n\u0131 s\u00f6yledi.<\/p>\n<p>Cumhurba\u015fkan\u0131 Ersin Tatar, \u201c\u00e7ok b\u00fcy\u00fck fedak\u00e2rl\u0131klar, \u00e7ok b\u00fcy\u00fck ac\u0131lar \u00e7ok b\u00fcy\u00fck bedeller \u00f6deyen K\u0131br\u0131s T\u00fcrk halk\u0131, bug\u00fcn bu co\u011frafyada ba\u011f\u0131ms\u0131z \u00f6zg\u00fcr ve h\u00fcr, kendisine yak\u0131\u015f\u0131r \u015fekilde, onurlu bir ya\u015fam s\u00fcrd\u00fcrebiliyorsa gen\u00e7 nesillere umut dolu bir gelecek b\u0131rakma noktas\u0131na geldiyse i\u015fte b\u00fct\u00fcn bunlar verilen m\u00fccadele sayesindedir\u201d diye konu\u015ftu. <\/p>\n<p>Ge\u00e7mi\u015fini bilmeyen milletlerin tarihten ve co\u011frafyadan silinmeye mahk\u00fbm oldu\u011funu s\u00f6yleyen Cumhurba\u015fkan\u0131 Tatar, \u201cbizler her zaman bar\u0131\u015f i\u00e7in m\u00fccadeleye devam edece\u011fiz\u201d dedi.<\/p>\n<p>Anma t\u00f6reninde b\u00f6lge okullar\u0131ndan  \u00f6\u011frenciler \u015fiirler de okudu.<\/p>\n<p>brt<\/p>\n<\/p><\/div>\n<p><script async\n                    defer\n                    crossorigin=\"anonymous\"\n                    src=\"https:\/\/connect.facebook.net\/tr_TR\/sdk.js#xfbml=1&#038;version=v3.3\"\n            ><\/script><br \/>\n<br \/><br \/>\n<br \/><a href=\"https:\/\/brtk.net\/larnaka-sehitleri-iskelede-anildi\/\">Kaynak BRT <\/a><\/p>\n","protected":false},"excerpt":{"rendered":"<p>Milli M\u00fccadele y\u0131llar\u0131 ile 1974 Mutlu Bar\u0131\u015f Harek\u00e2t\u0131 s\u0131ras\u0131nda Larnaka Sanca\u011f\u0131\u2019na ba\u011fl\u0131 birimlerde \u015fehit d\u00fc\u015fenler d\u00fczenlenen t\u00f6renle an\u0131ld\u0131. \u0130skelede Larnaka \u015eehitler an\u0131t\u0131 \u00f6n\u00fcnde yer alan t\u00f6ren sayg\u0131 duru\u015fu, sayg\u0131 at\u0131\u015f\u0131 ve ard\u0131ndan da \u0130stiklal mar\u015f\u0131n\u0131n okunmas\u0131yla ba\u015flad\u0131. Daha sonra \u00e7elenkler an\u0131t\u0131na konuldu. T\u00f6rende g\u00fcn\u00fcn anlam ve \u00f6nemine ili\u015fkin ilk konu\u015fmay\u0131 K\u0131br\u0131s TMT \u0130skele M\u00fccahitler Derne\u011fi [&hellip;]<\/p>\n","protected":false},"author":908,"featured_media":14762,"comment_status":"open","ping_status":"open","sticky":false,"template":"","format":"standard","meta":{"_jetpack_memberships_contains_paid_content":false,"footnotes":"","jetpack_publicize_message":"","jetpack_publicize_feature_enabled":true,"jetpack_social_post_already_shared":true,"jetpack_social_options":{"image_generator_settings":{"template":"highway","default_image_id":0,"font":"","enabled":false},"version":2}},"categories":[253],"tags":[],"class_list":["post-14761","post","type-post","status-publish","format-standard","has-post-thumbnail","hentry","category-gundem"],"jetpack_publicize_connections":[],"jetpack_featured_media_url":"https:\/\/kibrisayna.com\/wp-content\/uploads\/2024\/12\/larr.jpg","jetpack_sharing_enabled":true,"_links":{"self":[{"href":"https:\/\/kibrisayna.com\/index.php\/wp-json\/wp\/v2\/posts\/14761","targetHints":{"allow":["GET"]}}],"collection":[{"href":"https:\/\/kibrisayna.com\/index.php\/wp-json\/wp\/v2\/posts"}],"about":[{"href":"https:\/\/kibrisayna.com\/index.php\/wp-json\/wp\/v2\/types\/post"}],"author":[{"embeddable":true,"href":"https:\/\/kibrisayna.com\/index.php\/wp-json\/wp\/v2\/users\/908"}],"replies":[{"embeddable":true,"href":"https:\/\/kibrisayna.com\/index.php\/wp-json\/wp\/v2\/comments?post=14761"}],"version-history":[{"count":0,"href":"https:\/\/kibrisayna.com\/index.php\/wp-json\/wp\/v2\/posts\/14761\/revisions"}],"wp:featuredmedia":[{"embeddable":true,"href":"https:\/\/kibrisayna.com\/index.php\/wp-json\/wp\/v2\/media\/14762"}],"wp:attachment":[{"href":"https:\/\/kibrisayna.com\/index.php\/wp-json\/wp\/v2\/media?parent=14761"}],"wp:term":[{"taxonomy":"category","embeddable":true,"href":"https:\/\/kibrisayna.com\/index.php\/wp-json\/wp\/v2\/categories?post=14761"},{"taxonomy":"post_tag","embeddable":true,"href":"https:\/\/kibrisayna.com\/index.php\/wp-json\/wp\/v2\/tags?post=14761"}],"curies":[{"name":"wp","href":"https:\/\/api.w.org\/{rel}","templated":true}]}}