{"id":14759,"date":"2024-12-23T14:00:38","date_gmt":"2024-12-23T11:00:38","guid":{"rendered":"https:\/\/kibrisayna.com\/index.php\/2024\/12\/23\/honda-ile-nissan-birlesiyor-ilk-imzalar-atildi\/"},"modified":"2024-12-23T14:00:38","modified_gmt":"2024-12-23T11:00:38","slug":"honda-ile-nissan-birlesiyor-ilk-imzalar-atildi","status":"publish","type":"post","link":"https:\/\/kibrisayna.com\/index.php\/2024\/12\/23\/honda-ile-nissan-birlesiyor-ilk-imzalar-atildi\/","title":{"rendered":"Honda ile Nissan birle\u015fiyor: \u0130lk imzalar at\u0131ld\u0131"},"content":{"rendered":"<p> <br \/>\n<\/p>\n<div>\n<p>Japon <a href=\"https:\/\/www.ntv.com.tr\/otomobil\" target=\"_blank\" rel=\"tag noopener\">otomobil<\/a> \u00fcreticileri <a href=\"https:\/\/www.ntv.com.tr\/honda\" target=\"_blank\" rel=\"tag noopener\">Honda<\/a> ve <a href=\"https:\/\/www.ntv.com.tr\/nissan\" target=\"_blank\" rel=\"tag noopener\">Nissan<\/a>, elektrikli ara\u00e7 sekt\u00f6r\u00fcndeki zorlu k\u00fcresel rekabet kar\u015f\u0131s\u0131nda d\u00fcnyan\u0131n en b\u00fcy\u00fck \u00fc\u00e7\u00fcnc\u00fc otomobil \u00fcreticisini olu\u015fturmak i\u00e7in birle\u015fme g\u00f6r\u00fc\u015fmelerine ba\u015flad\u0131.<\/p>\n<p>\u0130ki otomobil devi, ortak bir holding \u015firketi alt\u0131nda birle\u015fme g\u00f6r\u00fc\u015fmeleri i\u00e7in mutabakat zapt\u0131 imzalad\u0131.<\/p>\n<p>Nissan&#8217;\u0131n y\u00fczde 24,5&#8217;lik hissesine sahip olan Mitsubishi de mutabakat zapt\u0131n\u0131 imzalarken, yeni olu\u015fturulacak gruba kat\u0131lmay\u0131 ocak ay\u0131 sonuna kadar de\u011ferlendirecek.<\/p>\n<p><strong>SATI\u015e RAKAMI 191 M\u0130LYAR DOLARA ULA\u015eACAK<\/strong><\/p>\n<p>\u015eirketler, Haziran 2025&#8217;e kadar birle\u015fme g\u00f6r\u00fc\u015fmelerini tamamlamay\u0131, A\u011fustos 2026&#8217;ya kadar holding \u015firketi kurmay\u0131 ve her iki \u015firketin hisselerinin de borsaya kote edilmesini hedefliyor.<\/p>\n<p>\u00d6te yandan Honda, gelecek y\u0131l 1,1 trilyon yen (7 milyar dolar) de\u011ferinde hisse geri al\u0131m\u0131 yapaca\u011f\u0131n\u0131 duyurdu.<\/p>\n<p>\u0130ki \u015firketin potansiyel birle\u015fme yoluyla 30 trilyon yenlik (191,4 milyar dolar) bir sat\u0131\u015f rakam\u0131na ula\u015fmas\u0131 bekleniyor. fFaaliyet k\u00e2r\u0131n\u0131n ise 3 trilyon yen (19 milyar dolar) \u00fczerine \u00e7\u0131kaca\u011f\u0131 ifade ediliyor.<\/p>\n<p><strong>D\u00dcNYANIN \u00dc\u00c7\u00dcNC\u00dc B\u00dcY\u00dc\u011e\u00dc OLACAK<\/strong><\/p>\n<p>Japonya&#8217;n\u0131n ikinci ve \u00fc\u00e7\u00fcnc\u00fc en b\u00fcy\u00fck otomobil \u00fcreticileri Honda ve Nissan, ABD&#8217;li Tesla ve BYD gibi \u00c7inli elektrikli ara\u00e7 \u00fcreticileriyle rekabette zorlan\u0131yordu.<\/p>\n<p>Honda ve Nissan&#8217;\u0131n birle\u015fmesiyle kurulacak yeni \u015firket, Toyota ve Volkswagen&#8217;den sonra ara\u00e7 \u00fcretim hacmi bak\u0131m\u0131ndan d\u00fcnyan\u0131n \u00fc\u00e7\u00fcnc\u00fc b\u00fcy\u00fck otomobil \u00fcreticisi olacak.<\/p>\n<p>Nissan, kas\u0131mda 9 bin ki\u015fiyi i\u015ften \u00e7\u0131karma ve \u00fcretim kapasitesini azaltma karar\u0131 alm\u0131\u015ft\u0131.<\/p>\n<\/div>\n<p><br \/>\n<br \/><a href=\"https:\/\/www.ntv.com.tr\/otomobil\/honda-ile-nissan-birlesiyor-ilk-imzalar-atildi,16islMQDk0GVa_WcC2H1cA\"><\/a><\/p>\n","protected":false},"excerpt":{"rendered":"<p>Japon otomobil \u00fcreticileri Honda ve Nissan, elektrikli ara\u00e7 sekt\u00f6r\u00fcndeki zorlu k\u00fcresel rekabet kar\u015f\u0131s\u0131nda d\u00fcnyan\u0131n en b\u00fcy\u00fck \u00fc\u00e7\u00fcnc\u00fc otomobil \u00fcreticisini olu\u015fturmak i\u00e7in birle\u015fme g\u00f6r\u00fc\u015fmelerine ba\u015flad\u0131. \u0130ki otomobil devi, ortak bir holding \u015firketi alt\u0131nda birle\u015fme g\u00f6r\u00fc\u015fmeleri i\u00e7in mutabakat zapt\u0131 imzalad\u0131. Nissan&#8217;\u0131n y\u00fczde 24,5&#8217;lik hissesine sahip olan Mitsubishi de mutabakat zapt\u0131n\u0131 imzalarken, yeni olu\u015fturulacak gruba kat\u0131lmay\u0131 ocak ay\u0131 [&hellip;]<\/p>\n","protected":false},"author":908,"featured_media":14760,"comment_status":"open","ping_status":"open","sticky":false,"template":"","format":"standard","meta":{"_jetpack_memberships_contains_paid_content":false,"footnotes":"","jetpack_publicize_message":"","jetpack_publicize_feature_enabled":true,"jetpack_social_post_already_shared":true,"jetpack_social_options":{"image_generator_settings":{"template":"highway","default_image_id":0,"font":"","enabled":false},"version":2}},"categories":[13],"tags":[],"class_list":["post-14759","post","type-post","status-publish","format-standard","has-post-thumbnail","hentry","category-otomobil"],"jetpack_publicize_connections":[],"jetpack_featured_media_url":"https:\/\/kibrisayna.com\/wp-content\/uploads\/2024\/12\/mcv68cYfH0K7cxhNtIhAjQ.jpg","jetpack_sharing_enabled":true,"_links":{"self":[{"href":"https:\/\/kibrisayna.com\/index.php\/wp-json\/wp\/v2\/posts\/14759","targetHints":{"allow":["GET"]}}],"collection":[{"href":"https:\/\/kibrisayna.com\/index.php\/wp-json\/wp\/v2\/posts"}],"about":[{"href":"https:\/\/kibrisayna.com\/index.php\/wp-json\/wp\/v2\/types\/post"}],"author":[{"embeddable":true,"href":"https:\/\/kibrisayna.com\/index.php\/wp-json\/wp\/v2\/users\/908"}],"replies":[{"embeddable":true,"href":"https:\/\/kibrisayna.com\/index.php\/wp-json\/wp\/v2\/comments?post=14759"}],"version-history":[{"count":0,"href":"https:\/\/kibrisayna.com\/index.php\/wp-json\/wp\/v2\/posts\/14759\/revisions"}],"wp:featuredmedia":[{"embeddable":true,"href":"https:\/\/kibrisayna.com\/index.php\/wp-json\/wp\/v2\/media\/14760"}],"wp:attachment":[{"href":"https:\/\/kibrisayna.com\/index.php\/wp-json\/wp\/v2\/media?parent=14759"}],"wp:term":[{"taxonomy":"category","embeddable":true,"href":"https:\/\/kibrisayna.com\/index.php\/wp-json\/wp\/v2\/categories?post=14759"},{"taxonomy":"post_tag","embeddable":true,"href":"https:\/\/kibrisayna.com\/index.php\/wp-json\/wp\/v2\/tags?post=14759"}],"curies":[{"name":"wp","href":"https:\/\/api.w.org\/{rel}","templated":true}]}}