{"id":14758,"date":"2024-12-23T13:06:28","date_gmt":"2024-12-23T10:06:28","guid":{"rendered":"https:\/\/kibrisayna.com\/index.php\/2024\/12\/23\/isias-otel-davasinin-altinci-durusmasi-yarin-basliyor-adiyamanda-2-gun-surecek-durusma-sonunda-kararin-aciklanmasi-bekleniyor-brtk\/"},"modified":"2024-12-23T13:06:28","modified_gmt":"2024-12-23T10:06:28","slug":"isias-otel-davasinin-altinci-durusmasi-yarin-basliyor-adiyamanda-2-gun-surecek-durusma-sonunda-kararin-aciklanmasi-bekleniyor-brtk","status":"publish","type":"post","link":"https:\/\/kibrisayna.com\/index.php\/2024\/12\/23\/isias-otel-davasinin-altinci-durusmasi-yarin-basliyor-adiyamanda-2-gun-surecek-durusma-sonunda-kararin-aciklanmasi-bekleniyor-brtk\/","title":{"rendered":"\u0130sias Otel davas\u0131n\u0131n alt\u0131nc\u0131 duru\u015fmas\u0131 yar\u0131n ba\u015fl\u0131yor..Ad\u0131yaman\u2019da 2 g\u00fcn s\u00fcrecek duru\u015fma sonunda karar\u0131n a\u00e7\u0131klanmas\u0131 bekleniyor \u2013 BRTK"},"content":{"rendered":"<p> <br \/>\n<\/p>\n<div>\n<div class=\"mariselle-image-container center\">\n                <img loading=\"lazy\" decoding=\"async\" width=\"750\" height=\"375\" class=\"lazy-image\" alt=\"\" sizes=\"auto, (max-width: 750px) 100vw, 750px\" src=\"https:\/\/brtk.net\/wp-content\/uploads\/2024\/10\/23\/isias-davasi-1.jpg?ver=c0b00b4d6600e7cf754fd453c67982b2\" srcset=\"https:\/\/brtk.net\/wp-content\/uploads\/2024\/10\/23\/isias-davasi-1.jpg?ver=c0b00b4d6600e7cf754fd453c67982b2 750w, https:\/\/brtk.net\/wp-content\/uploads\/2024\/10\/23\/isias-davasi-1-300x150.jpg?ver=24d0bbb3bfea16c69ceda1b66860a89a 300w, https:\/\/brtk.net\/wp-content\/uploads\/2024\/10\/23\/isias-davasi-1-720x360.jpg?ver=24d0bbb3bfea16c69ceda1b66860a89a 720w\"\/>                            <\/div>\n<p>Ad\u0131yaman\u2019da 22 ay \u00f6nce meydana gelen depremde 72 cana mezar olan \u0130sias Otel davas\u0131 devam ediyor.<br \/>Davan\u0131n alt\u0131nc\u0131 duru\u015fmas\u0131 yar\u0131n Ad\u0131yaman 3. A\u011f\u0131r Ceza Mahkemesi\u2019nde ba\u015flayacak. \u0130ki g\u00fcn olarak planlanan duru\u015fma sonunda karar\u0131n a\u00e7\u0131klanmas\u0131 bekleniyor.<\/p>\n<p>T\u00fcrkiye\u2019de 6 \u015eubat 2023\u2019te meydana gelen depremde, Ad\u0131yaman \u0130sias Otel\u2019de hayat\u0131n\u0131 kaybeden \u015eampiyon Melekler ve tur rehberleri ile 10 yaral\u0131n\u0131n aileleri taraf\u0131ndan 3 Ocak\u2019ta ba\u015flat\u0131lan hukuk m\u00fccadelesi, su\u00e7lular\u0131n \u201cOlas\u0131 Kast\u201d su\u00e7uyla h\u00fck\u00fcm giymesi i\u00e7in 12 ayd\u0131r kararl\u0131l\u0131kla s\u00fcrd\u00fcr\u00fcl\u00fcyor.<\/p>\n<p>\u0130sias Otel davas\u0131n\u0131n alt\u0131nc\u0131 duru\u015fmas\u0131 i\u00e7in Ba\u015fbakan \u00dcnal \u00dcstel, aileler ve siyasiler, Barolar Birli\u011fi ve gazetecilerden olu\u015fan yakla\u015f\u0131k 100 ki\u015filik heyet bug\u00fcn Ad\u0131yaman\u2019a gidiyor.<\/p>\n<p> \tDuru\u015fma \u00f6ncesi TAK muhabirine de\u011ferlendirmelerde bulunan Barolar Birli\u011fi Ba\u015fkan\u0131 Hasan Esenda\u011fl\u0131, 24-25 Aral\u0131k\u2019ta ger\u00e7ekle\u015ftirilecek duru\u015fman\u0131n bug\u00fcne kadar kat\u0131ld\u0131klar\u0131 en \u00f6nemli duru\u015fma olaca\u011f\u0131n\u0131 ifade ederek, bu celseden karar \u00e7\u0131kabilece\u011fini kaydetti.<\/p>\n<p>\tOlas\u0131 kastla alakal\u0131 olarak haz\u0131rl\u0131klar\u0131n\u0131n \u00e7ok ciddi \u015fekilde devam etti\u011fini s\u00f6yleyen Esenda\u011fl\u0131, \u201cHukuki imkanlar\u0131 zorlamak noktas\u0131nda son haz\u0131rl\u0131klar\u0131m\u0131z devam ediyor. Dosyaya son giren bilirki\u015fi raporunun san\u0131klar\u0131n olas\u0131 kasttan mahkumiyetine sebebiyetine neden olacak \u00e7ok ciddi kusurlar i\u00e7eriyor. O \u015fekilde detay i\u00e7eriyor. Mahkemenin aksi y\u00f6nde bir karar\u0131n\u0131 \u00fcst mahkemeye g\u00f6t\u00fcrmeyi kesin g\u00f6z\u00fcyle g\u00f6r\u00fcyoruz. Bunu ileriki a\u015famalarda de\u011ferlendirece\u011fiz.\u201d Dedi.<\/p>\n<p>24-25 Aral\u0131k\u2019ta ger\u00e7ekle\u015ftirilecek duru\u015fmada taraf avukatlar\u0131n\u0131n esasa ili\u015fkin beyanlar\u0131n\u0131n al\u0131naca\u011f\u0131n\u0131 belirten Esenda\u011fl\u0131, \u201cBu teknik olarak duru\u015fman\u0131n son a\u015famas\u0131na geldi\u011fimizi g\u00f6steriyor.\u201d dedi.<\/p>\n<p> \tBu arada ge\u00e7en duru\u015fmada mahkemenin ald\u0131\u011f\u0131 ara kararlardan bir tanesinin de kamu g\u00f6revlileriyle ilgili soru\u015fturman\u0131n ne a\u015famada oldu\u011funa ili\u015fkin savc\u0131l\u0131\u011fa m\u00fczakere yaz\u0131lmas\u0131 oldu\u011funa i\u015faret eden Esenda\u011fl\u0131, onun ne a\u015famada oldu\u011funu, m\u00fczakereye ne cevap verildi\u011fini, kamu g\u00f6revlileriyle ilgili davan\u0131n dosyalay\u0131p dosyalanmad\u0131\u011f\u0131n\u0131n da bu duru\u015fma a\u015famas\u0131nda \u00f6\u011frenilece\u011fini kaydetti.<\/p>\n<p>TAK muhabirinin sorular\u0131n\u0131 yan\u0131tlayan \u015eampiyon Melekleri Ya\u015fatma Derne\u011fi Ba\u015fkan\u0131 Ru\u015fen Y\u00fccesoylu Karakaya da deprem felaketinde hayatlar\u0131n\u0131 kaybeden evlatlar\u0131, \u00f6\u011fretmenler ve velilerin adalet aray\u0131\u015f\u0131 i\u00e7in bir kez daha Ad\u0131yaman\u2019da olacaklar\u0131n\u0131 belirtti.<br \/>Karakaya, dernek olarak, en ba\u015f\u0131ndan beri adalete olan inan\u00e7lar\u0131n\u0131 koruduklar\u0131n\u0131 ancak bu adaletin ger\u00e7ekle\u015fmesinin, sadece olas\u0131 kast su\u00e7u \u00fczerinden verilecek bir h\u00fck\u00fcmle m\u00fcmk\u00fcn olaca\u011f\u0131n\u0131 vurgulad\u0131.<br \/>Karakaya \u201c\u0130sias Otel\u2019i bir \u00f6l\u00fcm tuza\u011f\u0131na \u00e7eviren sorumlular, bilin\u00e7li ihmalleriyle sevdiklerimizi bizden ald\u0131lar. Bu a\u00e7\u0131k ger\u00e7e\u011fe ra\u011fmen hafifletici yakla\u015f\u0131mlar\u0131 kabul etmemiz m\u00fcmk\u00fcn de\u011fildir.\u201d dedi.<\/p>\n<p>Ad\u0131yaman 3. A\u011f\u0131r Ceza Mahkemesi\u2019nin bu dava s\u00fcrecinde verece\u011fi kararlar\u0131n, sadece kendiler i\u00e7in de\u011fil, T\u00fcrkiye\u2019de yap\u0131 g\u00fcvenli\u011fi ve insan hayat\u0131na verilen de\u011fer a\u00e7\u0131s\u0131ndan da d\u00f6n\u00fcm noktas\u0131 olaca\u011f\u0131n\u0131 ifade eden Karakaya, su\u00e7lular\u0131n en a\u011f\u0131r cezay\u0131 almas\u0131n\u0131n gelecekte de benzer trajedilerin ya\u015fanmamas\u0131 i\u00e7in cayd\u0131r\u0131c\u0131 bir mesaj olaca\u011f\u0131n\u0131 kaydetti.<br \/>Adalet aray\u0131\u015f\u0131nda yaln\u0131z olmad\u0131klar\u0131n\u0131 bildiklerini s\u00f6yleyen Karakaya \u201cK\u0131br\u0131s\u2019tan, T\u00fcrkiye\u2019nin d\u00f6rt bir yan\u0131ndan ve pek \u00e7ok farkl\u0131 yerlerden ald\u0131\u011f\u0131m\u0131z destek, bize g\u00fc\u00e7 ve umut veriyor. T\u00fcrkiye halk\u0131n\u0131, davan\u0131n \u00f6nemini hat\u0131rlamaya ve bu adalet m\u00fccadelesine omuz vermeye davet ediyoruz. \u00c7\u00fcnk\u00fc bu dava, yaln\u0131zca bizim de\u011fil, insan hayat\u0131n\u0131n de\u011ferini savunan herkesin ortak davas\u0131d\u0131r.\u201d dedi.<\/p>\n<\/p><\/div>\n<p><script async\n                    defer\n                    crossorigin=\"anonymous\"\n                    src=\"https:\/\/connect.facebook.net\/tr_TR\/sdk.js#xfbml=1&#038;version=v3.3\"\n            ><\/script><br \/>\n<br \/><br \/>\n<br \/><a href=\"https:\/\/brtk.net\/isias-otel-davasinin-altinci-durusmasi-yarin-basliyor-adiyamanda-2-gun-surecek-durusma-sonunda-kararin-aciklanmasi-bekleniyor\/\">Kaynak BRT <\/a><\/p>\n","protected":false},"excerpt":{"rendered":"<p>Ad\u0131yaman\u2019da 22 ay \u00f6nce meydana gelen depremde 72 cana mezar olan \u0130sias Otel davas\u0131 devam ediyor.Davan\u0131n alt\u0131nc\u0131 duru\u015fmas\u0131 yar\u0131n Ad\u0131yaman 3. A\u011f\u0131r Ceza Mahkemesi\u2019nde ba\u015flayacak. \u0130ki g\u00fcn olarak planlanan duru\u015fma sonunda karar\u0131n a\u00e7\u0131klanmas\u0131 bekleniyor. T\u00fcrkiye\u2019de 6 \u015eubat 2023\u2019te meydana gelen depremde, Ad\u0131yaman \u0130sias Otel\u2019de hayat\u0131n\u0131 kaybeden \u015eampiyon Melekler ve tur rehberleri ile 10 yaral\u0131n\u0131n aileleri [&hellip;]<\/p>\n","protected":false},"author":908,"featured_media":8585,"comment_status":"open","ping_status":"open","sticky":false,"template":"","format":"standard","meta":{"_jetpack_memberships_contains_paid_content":false,"footnotes":"","jetpack_publicize_message":"","jetpack_publicize_feature_enabled":true,"jetpack_social_post_already_shared":true,"jetpack_social_options":{"image_generator_settings":{"template":"highway","default_image_id":0,"font":"","enabled":false},"version":2}},"categories":[253],"tags":[],"class_list":["post-14758","post","type-post","status-publish","format-standard","has-post-thumbnail","hentry","category-gundem"],"jetpack_publicize_connections":[],"jetpack_featured_media_url":"https:\/\/kibrisayna.com\/wp-content\/uploads\/2024\/10\/isias-davasi-1.jpg","jetpack_sharing_enabled":true,"_links":{"self":[{"href":"https:\/\/kibrisayna.com\/index.php\/wp-json\/wp\/v2\/posts\/14758","targetHints":{"allow":["GET"]}}],"collection":[{"href":"https:\/\/kibrisayna.com\/index.php\/wp-json\/wp\/v2\/posts"}],"about":[{"href":"https:\/\/kibrisayna.com\/index.php\/wp-json\/wp\/v2\/types\/post"}],"author":[{"embeddable":true,"href":"https:\/\/kibrisayna.com\/index.php\/wp-json\/wp\/v2\/users\/908"}],"replies":[{"embeddable":true,"href":"https:\/\/kibrisayna.com\/index.php\/wp-json\/wp\/v2\/comments?post=14758"}],"version-history":[{"count":0,"href":"https:\/\/kibrisayna.com\/index.php\/wp-json\/wp\/v2\/posts\/14758\/revisions"}],"wp:featuredmedia":[{"embeddable":true,"href":"https:\/\/kibrisayna.com\/index.php\/wp-json\/wp\/v2\/media\/8585"}],"wp:attachment":[{"href":"https:\/\/kibrisayna.com\/index.php\/wp-json\/wp\/v2\/media?parent=14758"}],"wp:term":[{"taxonomy":"category","embeddable":true,"href":"https:\/\/kibrisayna.com\/index.php\/wp-json\/wp\/v2\/categories?post=14758"},{"taxonomy":"post_tag","embeddable":true,"href":"https:\/\/kibrisayna.com\/index.php\/wp-json\/wp\/v2\/tags?post=14758"}],"curies":[{"name":"wp","href":"https:\/\/api.w.org\/{rel}","templated":true}]}}