{"id":14756,"date":"2024-12-23T13:01:33","date_gmt":"2024-12-23T10:01:33","guid":{"rendered":"https:\/\/kibrisayna.com\/index.php\/2024\/12\/23\/turk-dunyasinin-ortak-haritasina-iliskin-deklarasyon-metni-imzalandi-brtk\/"},"modified":"2024-12-23T13:01:33","modified_gmt":"2024-12-23T10:01:33","slug":"turk-dunyasinin-ortak-haritasina-iliskin-deklarasyon-metni-imzalandi-brtk","status":"publish","type":"post","link":"https:\/\/kibrisayna.com\/index.php\/2024\/12\/23\/turk-dunyasinin-ortak-haritasina-iliskin-deklarasyon-metni-imzalandi-brtk\/","title":{"rendered":"T\u00fcrk D\u00fcnyas\u0131\u2019n\u0131n ortak haritas\u0131na ili\u015fkin deklarasyon metni imzaland\u0131 \u2013 BRTK"},"content":{"rendered":"<p> <br \/>\n<\/p>\n<div>\n<div class=\"mariselle-image-container center\">\n                <img loading=\"lazy\" decoding=\"async\" width=\"1280\" height=\"720\" class=\"lazy-image\" alt=\"\" sizes=\"auto, (max-width: 1280px) 100vw, 1280px\" src=\"https:\/\/brtk.net\/wp-content\/uploads\/2024\/12\/23\/haritaaa.webp?ver=67405f76b85a8aa7eebde8a38d6da24a\" srcset=\"https:\/\/brtk.net\/wp-content\/uploads\/2024\/12\/23\/haritaaa.webp?ver=67405f76b85a8aa7eebde8a38d6da24a 1280w, https:\/\/brtk.net\/wp-content\/uploads\/2024\/12\/23\/haritaaa-300x169.webp?ver=8d2655eb2062418cb568cf2fce7e3f43 300w, https:\/\/brtk.net\/wp-content\/uploads\/2024\/12\/23\/haritaaa-1024x576.webp?ver=8d2655eb2062418cb568cf2fce7e3f43 1024w, https:\/\/brtk.net\/wp-content\/uploads\/2024\/12\/23\/haritaaa-768x432.webp?ver=8d2655eb2062418cb568cf2fce7e3f43 768w\"\/>                            <\/div>\n<p>T\u00fcrk D\u00fcnyas\u0131 ortak tarih, ortak co\u011frafya, ortak edebiyat, ortak harita ve ortak alfabe konusunda \u00f6nemli ad\u0131mlar at\u0131yor. <\/p>\n<p>T\u00fcrk Devletleri Te\u015fkilat\u0131 Haritac\u0131l\u0131k Kurumlar\u0131 Ba\u015fkanlar\u0131 1\u2019inci Toplant\u0131s\u0131, te\u015fkilata \u00fcye ve g\u00f6zlemci \u00fclkelerin haritac\u0131l\u0131k kurumlar\u0131n\u0131n ba\u015fkanlar\u0131 ile \u00fclke askeri ata\u015felerinin kat\u0131l\u0131m\u0131yla Ankara\u2019da ger\u00e7ekle\u015fti.<\/p>\n<p>Azerbaycan, Kazakistan, K\u0131rg\u0131zistan, \u00d6zbekistan, T\u00fcrkiye\u2019nin \u00fcye; Macaristan, Kuzey K\u0131br\u0131s T\u00fcrk Cumhuriyeti ve T\u00fcrkmenistan\u2019\u0131n g\u00f6zlemci oldu\u011fu \u00fclke temsilcileri, ortak T\u00fcrk d\u00fcnyas\u0131 haritas\u0131 \u00fcretme amac\u0131yla bir araya geldi.<\/p>\n<p>Toplant\u0131da haritac\u0131l\u0131k ile ilgili disiplinleri kapsayan i\u015f birli\u011fine ili\u015fkin bir deklarasyon metni imzaland\u0131.<\/p>\n<p>T\u00fcrkiye Milli Savunma Bakanl\u0131\u011f\u0131 Harita Genel M\u00fcd\u00fcr\u00fc T\u00fcmgeneral Osman Alp toplant\u0131da, T\u00fcrk Devletleri Te\u015fkilat\u0131 Haritas\u0131 ile T\u00fcrk D\u00fcnyas\u0131 Haritas\u0131n\u0131n yap\u0131lmas\u0131 konusunda uzla\u015f\u0131ld\u0131\u011f\u0131n\u0131 a\u00e7\u0131klad\u0131.<\/p>\n<p> Alp, \u201cOrtak T\u00fcrk D\u00fcnyas\u0131 Haritas\u0131 ortaya \u00e7\u0131kt\u0131\u011f\u0131nda, o haritaya bakan t\u00fcm vatanda\u015flar\u0131m\u0131z asl\u0131nda co\u011frafya olarak uzak gibi g\u00f6z\u00fcken T\u00fcrk Devletlerinin asl\u0131nda \u00e7ok yak\u0131n oldu\u011funu fark edecek. Bizim adet, gelenek ve g\u00f6reneklerimizin orada da ge\u00e7erli oldu\u011funu, oradaki baz\u0131 ya\u015fam konular\u0131n\u0131n bizde de aynen uyguland\u0131\u011f\u0131n\u0131 g\u00f6recek. Dolay\u0131s\u0131yla, sembol olarak g\u00f6rd\u00fc\u011f\u00fcm\u00fcz harita, asl\u0131nda T\u00fcrk Devletlerinin birbirinden ne kadar yak\u0131n oldu\u011funu, ge\u00e7mi\u015fte ne kadar birlikte ya\u015fad\u0131\u011f\u0131n\u0131 ve gelecekte de neden birlikte olmas\u0131 gerekti\u011fi hakk\u0131nda fikir verecek\u201d dedi. <\/p>\n<p>\u201cT\u00fcrk birli\u011fini hissettirmenin ve g\u00f6stermenin en heyecanl\u0131 ve en kolay yolu haritad\u0131r\u201d diyen T\u00fcmgeneral Alp, \u201cFarkl\u0131 temalar\u0131 i\u00e7eren ortak T\u00fcrk d\u00fcnyas\u0131 haritalar\u0131, T\u00fcrk birli\u011fine y\u00f6nelik aidiyet duygusunu art\u0131racak, T\u00fcrk devletleri aras\u0131nda zaten var olan tarihi ba\u011flar\u0131 g\u00fc\u00e7lendirecek, k\u00fclt\u00fcrel etkile\u015fimi art\u0131racak ve T\u00fcrk devletlerinin birbirine olan yak\u0131nla\u015fmas\u0131na \u00f6nemli katk\u0131 sa\u011flayacakt\u0131r. Bu nedenle, bu haritan\u0131n \u00fcretilmesini \u00e7ok \u00f6nemsiyoruz\u201d diye konu\u015ftu.<\/p>\n<\/p><\/div>\n<p><script async\n                    defer\n                    crossorigin=\"anonymous\"\n                    src=\"https:\/\/connect.facebook.net\/tr_TR\/sdk.js#xfbml=1&#038;version=v3.3\"\n            ><\/script><br \/>\n<br \/><br \/>\n<br \/><a href=\"https:\/\/brtk.net\/turk-dunyasinin-ortak-haritasina-iliskin-deklarasyon-metni-imzalandi\/\"><\/a><\/p>\n","protected":false},"excerpt":{"rendered":"<p>T\u00fcrk D\u00fcnyas\u0131 ortak tarih, ortak co\u011frafya, ortak edebiyat, ortak harita ve ortak alfabe konusunda \u00f6nemli ad\u0131mlar at\u0131yor. T\u00fcrk Devletleri Te\u015fkilat\u0131 Haritac\u0131l\u0131k Kurumlar\u0131 Ba\u015fkanlar\u0131 1\u2019inci Toplant\u0131s\u0131, te\u015fkilata \u00fcye ve g\u00f6zlemci \u00fclkelerin haritac\u0131l\u0131k kurumlar\u0131n\u0131n ba\u015fkanlar\u0131 ile \u00fclke askeri ata\u015felerinin kat\u0131l\u0131m\u0131yla Ankara\u2019da ger\u00e7ekle\u015fti. Azerbaycan, Kazakistan, K\u0131rg\u0131zistan, \u00d6zbekistan, T\u00fcrkiye\u2019nin \u00fcye; Macaristan, Kuzey K\u0131br\u0131s T\u00fcrk Cumhuriyeti ve T\u00fcrkmenistan\u2019\u0131n g\u00f6zlemci oldu\u011fu [&hellip;]<\/p>\n","protected":false},"author":908,"featured_media":14757,"comment_status":"open","ping_status":"open","sticky":false,"template":"","format":"standard","meta":{"_jetpack_memberships_contains_paid_content":false,"footnotes":"","jetpack_publicize_message":"","jetpack_publicize_feature_enabled":true,"jetpack_social_post_already_shared":true,"jetpack_social_options":{"image_generator_settings":{"template":"highway","default_image_id":0,"font":"","enabled":false},"version":2}},"categories":[587],"tags":[],"class_list":["post-14756","post","type-post","status-publish","format-standard","has-post-thumbnail","hentry","category-dunya"],"jetpack_publicize_connections":[],"jetpack_featured_media_url":"https:\/\/kibrisayna.com\/wp-content\/uploads\/2024\/12\/haritaaa.webp","jetpack_sharing_enabled":true,"_links":{"self":[{"href":"https:\/\/kibrisayna.com\/index.php\/wp-json\/wp\/v2\/posts\/14756","targetHints":{"allow":["GET"]}}],"collection":[{"href":"https:\/\/kibrisayna.com\/index.php\/wp-json\/wp\/v2\/posts"}],"about":[{"href":"https:\/\/kibrisayna.com\/index.php\/wp-json\/wp\/v2\/types\/post"}],"author":[{"embeddable":true,"href":"https:\/\/kibrisayna.com\/index.php\/wp-json\/wp\/v2\/users\/908"}],"replies":[{"embeddable":true,"href":"https:\/\/kibrisayna.com\/index.php\/wp-json\/wp\/v2\/comments?post=14756"}],"version-history":[{"count":0,"href":"https:\/\/kibrisayna.com\/index.php\/wp-json\/wp\/v2\/posts\/14756\/revisions"}],"wp:featuredmedia":[{"embeddable":true,"href":"https:\/\/kibrisayna.com\/index.php\/wp-json\/wp\/v2\/media\/14757"}],"wp:attachment":[{"href":"https:\/\/kibrisayna.com\/index.php\/wp-json\/wp\/v2\/media?parent=14756"}],"wp:term":[{"taxonomy":"category","embeddable":true,"href":"https:\/\/kibrisayna.com\/index.php\/wp-json\/wp\/v2\/categories?post=14756"},{"taxonomy":"post_tag","embeddable":true,"href":"https:\/\/kibrisayna.com\/index.php\/wp-json\/wp\/v2\/tags?post=14756"}],"curies":[{"name":"wp","href":"https:\/\/api.w.org\/{rel}","templated":true}]}}