{"id":14740,"date":"2024-12-23T10:14:35","date_gmt":"2024-12-23T07:14:35","guid":{"rendered":"https:\/\/kibrisayna.com\/index.php\/2024\/12\/23\/xten-premium-abonelige-zam-turkiye-fiyati-ne-kadar-olacak-son-dakika-teknoloji-haberleri\/"},"modified":"2024-12-23T10:14:35","modified_gmt":"2024-12-23T07:14:35","slug":"xten-premium-abonelige-zam-turkiye-fiyati-ne-kadar-olacak-son-dakika-teknoloji-haberleri","status":"publish","type":"post","link":"https:\/\/kibrisayna.com\/index.php\/2024\/12\/23\/xten-premium-abonelige-zam-turkiye-fiyati-ne-kadar-olacak-son-dakika-teknoloji-haberleri\/","title":{"rendered":"X&#8217;ten Premium aboneli\u011fe zam: T\u00fcrkiye fiyat\u0131 ne kadar olacak? &#8211; Son Dakika Teknoloji Haberleri"},"content":{"rendered":"<p> <br \/>\n<\/p>\n<div>\n<p><a href=\"https:\/\/www.ntv.com.tr\/elon-musk\" target=\"_blank\" rel=\"tag noopener\">Elon Musk<\/a>&#8216;\u0131n sahibi oldu\u011fu X yani eski ad\u0131yla <a href=\"https:\/\/www.ntv.com.tr\/twitter\" target=\"_blank\" rel=\"tag noopener\">Twitter<\/a>, 2022&#8217;de sat\u0131n al\u0131nd\u0131\u011f\u0131ndan bu yana en b\u00fcy\u00fck fiyat art\u0131\u015f\u0131n\u0131 ger\u00e7ekle\u015ftiriyor.<\/p>\n<p>\u015eirketten yap\u0131lan a\u00e7\u0131klamaya g\u00f6re, Premium+ hizmetinin ABD&#8217;deki ayl\u0131k \u00fccreti 21 Aral\u0131k tarihinden itibaren 16 dolardan 22 dolara y\u00fckseldi. Y\u0131ll\u0131k abonelik \u00fccreti ise 168 dolardan 229 dolara \u00e7\u0131kt\u0131.<\/p>\n<p><strong>MEVCUT ABONELER 20 OCAK&#8217;A KADAR ZAMDAN ETK\u0130LENMEYECEK<\/strong><\/p>\n<p>X, sundu\u011fu deneyimi desteklemek i\u00e7in fiyatlar\u0131 ayarlad\u0131\u011f\u0131n\u0131 s\u00f6yledi. Ayr\u0131ca \u015firket mevcut abonelerin 20 Ocak&#8217;a kadar zams\u0131z fiyatlardan yararlanabilece\u011fini belirtti.\u00a0<\/p>\n<p><strong>T\u00dcRK\u0130YE F\u0130YATLARINA DA ZAM<\/strong><\/p>\n<p>\u00d6te yandan platform \u00fczerindeki reklamlar\u0131 tamamen kald\u0131ran hizmet i\u00e7in T\u00fcrkiye&#8217;deki kullan\u0131c\u0131lar\u0131n ise 300 TL olan ayl\u0131k abonelik fiyat\u0131 yerine 770 TL \u00f6demek zorunda kalaca\u011f\u0131 kaydedildi.<\/p>\n<p>Uluslararas\u0131 pazarlarda da benzer art\u0131\u015flar s\u00f6z konusu; Avrupa Birli\u011fi&#8217;nde fiyatlar ayl\u0131k 16 eurodan 21 euroya y\u00fckseliyor.<\/p>\n<p>Kanada&#8217;da ise Premium+ \u00fccretleri 20 dolardan 29 dolara y\u00fckselecek.<\/p>\n<p>Temel abonelik planlar\u0131yla ilgili ise herhangi bir zam a\u00e7\u0131klamas\u0131 yap\u0131lmad\u0131.<\/p>\n<\/div>\n<p><br \/>\n<br \/><a href=\"https:\/\/www.ntv.com.tr\/teknoloji\/xten-premium-abonelige-zam-turkiye-fiyati-ne-kadar-olacak,rB28XwreZE2RflAnaeJ90Q\"><\/a><\/p>\n","protected":false},"excerpt":{"rendered":"<p>Elon Musk&#8216;\u0131n sahibi oldu\u011fu X yani eski ad\u0131yla Twitter, 2022&#8217;de sat\u0131n al\u0131nd\u0131\u011f\u0131ndan bu yana en b\u00fcy\u00fck fiyat art\u0131\u015f\u0131n\u0131 ger\u00e7ekle\u015ftiriyor. \u015eirketten yap\u0131lan a\u00e7\u0131klamaya g\u00f6re, Premium+ hizmetinin ABD&#8217;deki ayl\u0131k \u00fccreti 21 Aral\u0131k tarihinden itibaren 16 dolardan 22 dolara y\u00fckseldi. Y\u0131ll\u0131k abonelik \u00fccreti ise 168 dolardan 229 dolara \u00e7\u0131kt\u0131. MEVCUT ABONELER 20 OCAK&#8217;A KADAR ZAMDAN ETK\u0130LENMEYECEK X, sundu\u011fu [&hellip;]<\/p>\n","protected":false},"author":908,"featured_media":14741,"comment_status":"open","ping_status":"open","sticky":false,"template":"","format":"standard","meta":{"_jetpack_memberships_contains_paid_content":false,"footnotes":"","jetpack_publicize_message":"","jetpack_publicize_feature_enabled":true,"jetpack_social_post_already_shared":true,"jetpack_social_options":{"image_generator_settings":{"template":"highway","default_image_id":0,"font":"","enabled":false},"version":2}},"categories":[12],"tags":[],"class_list":["post-14740","post","type-post","status-publish","format-standard","has-post-thumbnail","hentry","category-teknoloji"],"jetpack_publicize_connections":[],"jetpack_featured_media_url":"https:\/\/kibrisayna.com\/wp-content\/uploads\/2024\/12\/cLWhSr5HEyD115UJiZ-Gg.jpg","jetpack_sharing_enabled":true,"_links":{"self":[{"href":"https:\/\/kibrisayna.com\/index.php\/wp-json\/wp\/v2\/posts\/14740","targetHints":{"allow":["GET"]}}],"collection":[{"href":"https:\/\/kibrisayna.com\/index.php\/wp-json\/wp\/v2\/posts"}],"about":[{"href":"https:\/\/kibrisayna.com\/index.php\/wp-json\/wp\/v2\/types\/post"}],"author":[{"embeddable":true,"href":"https:\/\/kibrisayna.com\/index.php\/wp-json\/wp\/v2\/users\/908"}],"replies":[{"embeddable":true,"href":"https:\/\/kibrisayna.com\/index.php\/wp-json\/wp\/v2\/comments?post=14740"}],"version-history":[{"count":0,"href":"https:\/\/kibrisayna.com\/index.php\/wp-json\/wp\/v2\/posts\/14740\/revisions"}],"wp:featuredmedia":[{"embeddable":true,"href":"https:\/\/kibrisayna.com\/index.php\/wp-json\/wp\/v2\/media\/14741"}],"wp:attachment":[{"href":"https:\/\/kibrisayna.com\/index.php\/wp-json\/wp\/v2\/media?parent=14740"}],"wp:term":[{"taxonomy":"category","embeddable":true,"href":"https:\/\/kibrisayna.com\/index.php\/wp-json\/wp\/v2\/categories?post=14740"},{"taxonomy":"post_tag","embeddable":true,"href":"https:\/\/kibrisayna.com\/index.php\/wp-json\/wp\/v2\/tags?post=14740"}],"curies":[{"name":"wp","href":"https:\/\/api.w.org\/{rel}","templated":true}]}}