{"id":14718,"date":"2024-12-22T20:54:32","date_gmt":"2024-12-22T17:54:32","guid":{"rendered":"https:\/\/kibrisayna.com\/index.php\/2024\/12\/22\/ozturklerden-mugladaki-helikopter-kazasinda-hayatini-kaybedenler-icin-taziye-mesaji-brtk\/"},"modified":"2024-12-22T20:54:32","modified_gmt":"2024-12-22T17:54:32","slug":"ozturklerden-mugladaki-helikopter-kazasinda-hayatini-kaybedenler-icin-taziye-mesaji-brtk","status":"publish","type":"post","link":"https:\/\/kibrisayna.com\/index.php\/2024\/12\/22\/ozturklerden-mugladaki-helikopter-kazasinda-hayatini-kaybedenler-icin-taziye-mesaji-brtk\/","title":{"rendered":"\u00d6zt\u00fcrkler\u2019den Mu\u011fla\u2019daki helikopter kazas\u0131nda hayat\u0131n\u0131 kaybedenler i\u00e7in taziye mesaj\u0131 \u2013 BRTK"},"content":{"rendered":"<p> <br \/>\n<\/p>\n<div>\n<div class=\"mariselle-image-container center\">\n                <img loading=\"lazy\" decoding=\"async\" width=\"1600\" height=\"1101\" class=\"lazy-image\" alt=\"\" sizes=\"auto, (max-width: 1600px) 100vw, 1600px\" src=\"https:\/\/brtk.net\/wp-content\/uploads\/2024\/12\/22\/1734888320320ozturkler.jpg?ver=b2049c9e2cdb4d79c0dbdaa2046bca49\" srcset=\"https:\/\/brtk.net\/wp-content\/uploads\/2024\/12\/22\/1734888320320ozturkler.jpg?ver=b2049c9e2cdb4d79c0dbdaa2046bca49 1600w, https:\/\/brtk.net\/wp-content\/uploads\/2024\/12\/22\/1734888320320ozturkler-300x206.jpg?ver=b2049c9e2cdb4d79c0dbdaa2046bca49 300w, https:\/\/brtk.net\/wp-content\/uploads\/2024\/12\/22\/1734888320320ozturkler-1024x705.jpg?ver=c2f38f8037a9a73ca7ebbfbbd560f70f 1024w, https:\/\/brtk.net\/wp-content\/uploads\/2024\/12\/22\/1734888320320ozturkler-768x528.jpg?ver=c2f38f8037a9a73ca7ebbfbbd560f70f 768w, https:\/\/brtk.net\/wp-content\/uploads\/2024\/12\/22\/1734888320320ozturkler-1536x1057.jpg?ver=67e9bff0a098d9bdf4d83872b5040da5 1536w\"\/>                            <\/div>\n<p>Cumhuriyet Meclisi Ba\u015fkan\u0131 Dr.Ziya \u00d6zt\u00fcrkler, Mu\u011fla\u2019daki helikopter kazas\u0131nda hayat\u0131n\u0131 kaybeden iki pilot, bir hekim ve bir sa\u011fl\u0131k \u00e7al\u0131\u015fan\u0131na Allah\u2019tan rahmet, ailelerine ba\u015fsa\u011fl\u0131\u011f\u0131 dileyerek taziye mesaj\u0131 yay\u0131mlad\u0131.<\/p>\n<p>\u00d6zt\u00fcrkler mesaj\u0131nda \u015fu ifadelere yer verdi:<\/p>\n<p>\u201cAnavatan T\u00fcrkiye\u2019mizde Sa\u011fl\u0131k Bakanl\u0131\u011f\u0131 ambulans helikopterinin Mu\u011fla E\u011fitim ve Ara\u015ft\u0131rma Hastanesi\u2019ne \u00e7arpmas\u0131 sonucu iki pilot, bir hekim ve bir sa\u011fl\u0131k \u00e7al\u0131\u015fan\u0131n\u0131n hayat\u0131n\u0131 kaybetmesini b\u00fcy\u00fck \u00fcz\u00fcnt\u00fc ile \u00f6\u011frenmi\u015f bulunmaktay\u0131m. Vefat eden hekim, pilotlar ve sa\u011fl\u0131k \u00e7al\u0131\u015fanlar\u0131na Allah\u2019tan rahmet; kederli aileleri, yak\u0131nlar\u0131 ve T\u00fcrk milletine ba\u015fsa\u011fl\u0131\u011f\u0131 dilerim\u201d<\/p>\n<\/p><\/div>\n<p><script async\n                    defer\n                    crossorigin=\"anonymous\"\n                    src=\"https:\/\/connect.facebook.net\/tr_TR\/sdk.js#xfbml=1&#038;version=v3.3\"\n            ><\/script><br \/>\n<br \/><br \/>\n<br \/><a href=\"https:\/\/brtk.net\/ozturklerden-mugladaki-helikopter-kazasinda-hayatini-kaybedenler-icin-taziye-mesaji\/\">Kaynak BRT <\/a><\/p>\n","protected":false},"excerpt":{"rendered":"<p>Cumhuriyet Meclisi Ba\u015fkan\u0131 Dr.Ziya \u00d6zt\u00fcrkler, Mu\u011fla\u2019daki helikopter kazas\u0131nda hayat\u0131n\u0131 kaybeden iki pilot, bir hekim ve bir sa\u011fl\u0131k \u00e7al\u0131\u015fan\u0131na Allah\u2019tan rahmet, ailelerine ba\u015fsa\u011fl\u0131\u011f\u0131 dileyerek taziye mesaj\u0131 yay\u0131mlad\u0131. \u00d6zt\u00fcrkler mesaj\u0131nda \u015fu ifadelere yer verdi: \u201cAnavatan T\u00fcrkiye\u2019mizde Sa\u011fl\u0131k Bakanl\u0131\u011f\u0131 ambulans helikopterinin Mu\u011fla E\u011fitim ve Ara\u015ft\u0131rma Hastanesi\u2019ne \u00e7arpmas\u0131 sonucu iki pilot, bir hekim ve bir sa\u011fl\u0131k \u00e7al\u0131\u015fan\u0131n\u0131n hayat\u0131n\u0131 kaybetmesini [&hellip;]<\/p>\n","protected":false},"author":908,"featured_media":14719,"comment_status":"open","ping_status":"open","sticky":false,"template":"","format":"standard","meta":{"_jetpack_memberships_contains_paid_content":false,"footnotes":"","jetpack_publicize_message":"","jetpack_publicize_feature_enabled":true,"jetpack_social_post_already_shared":true,"jetpack_social_options":{"image_generator_settings":{"template":"highway","default_image_id":0,"font":"","enabled":false},"version":2}},"categories":[253],"tags":[],"class_list":["post-14718","post","type-post","status-publish","format-standard","has-post-thumbnail","hentry","category-gundem"],"jetpack_publicize_connections":[],"jetpack_featured_media_url":"https:\/\/kibrisayna.com\/wp-content\/uploads\/2024\/12\/1734888320320ozturkler.jpg","jetpack_sharing_enabled":true,"_links":{"self":[{"href":"https:\/\/kibrisayna.com\/index.php\/wp-json\/wp\/v2\/posts\/14718","targetHints":{"allow":["GET"]}}],"collection":[{"href":"https:\/\/kibrisayna.com\/index.php\/wp-json\/wp\/v2\/posts"}],"about":[{"href":"https:\/\/kibrisayna.com\/index.php\/wp-json\/wp\/v2\/types\/post"}],"author":[{"embeddable":true,"href":"https:\/\/kibrisayna.com\/index.php\/wp-json\/wp\/v2\/users\/908"}],"replies":[{"embeddable":true,"href":"https:\/\/kibrisayna.com\/index.php\/wp-json\/wp\/v2\/comments?post=14718"}],"version-history":[{"count":0,"href":"https:\/\/kibrisayna.com\/index.php\/wp-json\/wp\/v2\/posts\/14718\/revisions"}],"wp:featuredmedia":[{"embeddable":true,"href":"https:\/\/kibrisayna.com\/index.php\/wp-json\/wp\/v2\/media\/14719"}],"wp:attachment":[{"href":"https:\/\/kibrisayna.com\/index.php\/wp-json\/wp\/v2\/media?parent=14718"}],"wp:term":[{"taxonomy":"category","embeddable":true,"href":"https:\/\/kibrisayna.com\/index.php\/wp-json\/wp\/v2\/categories?post=14718"},{"taxonomy":"post_tag","embeddable":true,"href":"https:\/\/kibrisayna.com\/index.php\/wp-json\/wp\/v2\/tags?post=14718"}],"curies":[{"name":"wp","href":"https:\/\/api.w.org\/{rel}","templated":true}]}}